{"id":55236,"date":"2022-02-27T07:56:35","date_gmt":"2022-02-27T12:56:35","guid":{"rendered":"https:\/\/www.turistamagazine.com\/v2\/?p=55236"},"modified":"2022-02-27T07:56:35","modified_gmt":"2022-02-27T12:56:35","slug":"experto-del-grupo-de-la-organizacion-mundial-del-turismo-propone-en-paracas-un-encuentro-nacional-para-superar-la-crisis-de-la-post-pandemia","status":"publish","type":"post","link":"https:\/\/www.turistamagazine.com\/v2\/?p=55236","title":{"rendered":"EXPERTO DEL GRUPO\u00a0 DE LA ORGANIZACI\u00d3N MUNDIAL DEL TURISMO PROPONE EN PARACAS, UN ENCUENTRO NACIONAL PARA SUPERAR LA CRISIS DE LA POST PANDEMIA"},"content":{"rendered":"<p style=\"text-align: center;\"><span style=\"color: #800080;\"><em><strong>Un encuentro del m\u00e1s alto nivel tur\u00edstico, es la propuesta que se ha hecho en Per\u00fa, para superar la crisis producida por las medidas preventivas adoptadas para combatir el covid-19.<\/strong><\/em><\/span><\/p>\n<p style=\"text-align: justify;\"><span style=\"color: #000080;\"><strong><em>Se contar\u00eda\u00a0 con la presencia de la C\u00e1mara Nacional de Turismo, la Asociaci\u00f3n Nacional de Hoteles y Restaurantes, de Agencias de Viajes, de las autoridades tur\u00edsticas de la Regi\u00f3n de ICA, y del MINCETUR, se desarrollar\u00eda con una convocatoria nacional para que participaran todas las regiones del pa\u00eds con sus representantes connotados, siguiendo unos debates que durar\u00edan cuatro d\u00edas, y de los que se sacar\u00edan las conclusiones necesarias para adoptar unas medidas de car\u00e1cter nacional, con el fin de superar la actual situaci\u00f3n.<\/em><\/strong><\/span><\/p>\n<div id=\"attachment_45371\" style=\"width: 130px\" class=\"wp-caption alignleft\"><a href=\"https:\/\/www.turistamagazine.com\/v2\/wp-content\/uploads\/2020\/05\/SAM_4533-copia-e1645966374928.jpg\"><img decoding=\"async\" aria-describedby=\"caption-attachment-45371\" class=\"size-full wp-image-45371\" src=\"https:\/\/www.turistamagazine.com\/v2\/wp-content\/uploads\/2020\/05\/SAM_4533-copia-e1645966374928.jpg\" alt=\"\" width=\"120\" height=\"160\" \/><\/a><p id=\"caption-attachment-45371\" class=\"wp-caption-text\"><span style=\"color: #000080;\"><em><strong>Dr. Antonio-Pedro Tejera Reyes<\/strong><\/em><\/span><\/p><\/div>\n<p style=\"text-align: justify;\"><span style=\"color: #800080;\"><strong><em>El evento estar\u00eda preparado y dirigido por el calificado experto, Antonio-Pedro Tejera Reyes, de amplio curr\u00edculum internacional en las ense\u00f1anzas de turismo, desde que en a\u00f1o 1965 fundara los estudios de turismo en las Islas Canarias, dirigiendo su actividad a los pa\u00edses americanos, con especial incidencia en Argentina, Chile, Brasil, Colombia, Per\u00fa, etc.<\/em><\/strong><\/span><\/p>\n<p style=\"text-align: justify;\"><span style=\"color: #000080;\"><strong><em>La propuesta de este experto, llega en unos momentos en que se hace necesario un consenso nacional para activar la socio-econom\u00eda del pa\u00eds, dot\u00e1ndole del conocimiento oportuno para enfrentar el movimiento tur\u00edstico que se est\u00e1 observando en todo el mundo, como una respuesta de la sociedad mundial a las restricciones que se han impuesto ante el virus covid-19.\u00a0\u00a0<\/em><\/strong><\/span><\/p>\n<p><strong>F\/ Turistamagazine<\/strong><\/p>\n<p style=\"text-align: justify;\">\n","protected":false},"excerpt":{"rendered":"<p>Un encuentro del m\u00e1s alto nivel tur\u00edstico, es la propuesta que se ha hecho en Per\u00fa, para superar la crisis producida por las medidas preventivas adoptadas para combatir el covid-19. Se contar\u00eda\u00a0 con la presencia de la C\u00e1mara Nacional de Turismo, la Asociaci\u00f3n Nacional de Hoteles y Restaurantes, de Agencias de Viajes, de las autoridades tur\u00edsticas de la Regi\u00f3n de ICA, y del MINCETUR, se desarrollar\u00eda con una convocatoria nacional para que participaran todas las regiones del pa\u00eds con sus representantes connotados, siguiendo unos debates que durar\u00edan cuatro d\u00edas, y de los que se sacar\u00edan las conclusiones necesarias para adoptar&#8230;<\/p>\n","protected":false},"author":1,"featured_media":41921,"comment_status":"open","ping_status":"open","sticky":false,"template":"","format":"standard","meta":{"footnotes":""},"categories":[4,82],"tags":[10217,11818,10219,10556],"class_list":["post-55236","post","type-post","status-publish","format-standard","has-post-thumbnail","hentry","category-breaking-news","category-nacionales","tag-antoniopedrotejerareyes","tag-encuentronacional","tag-semanarioturistamagazine","tag-turismagazine"],"_links":{"self":[{"href":"https:\/\/www.turistamagazine.com\/v2\/index.php?rest_route=\/wp\/v2\/posts\/55236","targetHints":{"allow":["GET"]}}],"collection":[{"href":"https:\/\/www.turistamagazine.com\/v2\/index.php?rest_route=\/wp\/v2\/posts"}],"about":[{"href":"https:\/\/www.turistamagazine.com\/v2\/index.php?rest_route=\/wp\/v2\/types\/post"}],"author":[{"embeddable":true,"href":"https:\/\/www.turistamagazine.com\/v2\/index.php?rest_route=\/wp\/v2\/users\/1"}],"replies":[{"embeddable":true,"href":"https:\/\/www.turistamagazine.com\/v2\/index.php?rest_route=%2Fwp%2Fv2%2Fcomments&post=55236"}],"version-history":[{"count":1,"href":"https:\/\/www.turistamagazine.com\/v2\/index.php?rest_route=\/wp\/v2\/posts\/55236\/revisions"}],"predecessor-version":[{"id":55237,"href":"https:\/\/www.turistamagazine.com\/v2\/index.php?rest_route=\/wp\/v2\/posts\/55236\/revisions\/55237"}],"wp:featuredmedia":[{"embeddable":true,"href":"https:\/\/www.turistamagazine.com\/v2\/index.php?rest_route=\/wp\/v2\/media\/41921"}],"wp:attachment":[{"href":"https:\/\/www.turistamagazine.com\/v2\/index.php?rest_route=%2Fwp%2Fv2%2Fmedia&parent=55236"}],"wp:term":[{"taxonomy":"category","embeddable":true,"href":"https:\/\/www.turistamagazine.com\/v2\/index.php?rest_route=%2Fwp%2Fv2%2Fcategories&post=55236"},{"taxonomy":"post_tag","embeddable":true,"href":"https:\/\/www.turistamagazine.com\/v2\/index.php?rest_route=%2Fwp%2Fv2%2Ftags&post=55236"}],"curies":[{"name":"wp","href":"https:\/\/api.w.org\/{rel}","templated":true}]}}