{"id":55069,"date":"2022-02-10T09:07:37","date_gmt":"2022-02-10T14:07:37","guid":{"rendered":"https:\/\/www.turistamagazine.com\/v2\/?p=55069"},"modified":"2022-02-10T09:07:37","modified_gmt":"2022-02-10T14:07:37","slug":"gastronomia-peruana-se-luce-en-evento-dedicado-a-las-maravillas-del-mundo-moderno-en-expo-dubai","status":"publish","type":"post","link":"https:\/\/www.turistamagazine.com\/v2\/?p=55069","title":{"rendered":"GASTRONOM\u00cdA PERUANA SE LUCE EN EVENTO DEDICADO A LAS MARAVILLAS DEL MUNDO MODERNO EN EXPO DUB\u00c1I"},"content":{"rendered":"<p style=\"text-align: center;\"><span style=\"color: #800080;\"><em><strong>La\u00a0Expo 2020 Dub\u00e1i dio inicio al mes de las Maravillas del Mundo y Maravillas Naturales con la inauguraci\u00f3n de \u2018Wonder Markers\u2019 en el Pabell\u00f3n Per\u00fa.<\/strong><\/em><\/span><\/p>\n<p style=\"text-align: center;\"><span style=\"color: #800080;\"><em><strong>Propuesta gastron\u00f3mica peruana estuvo inspirada en Machupicchu y la Amazon\u00eda.<\/strong><\/em><\/span><\/p>\n<p style=\"text-align: justify;\"><span style=\"color: #333399;\"><em><strong>10\/02\/2022\/Lima.- La Exposici\u00f3n Universal que se lleva a cabo en Dub\u00e1i, uno de los siete Emiratos \u00c1rabes Unidos, ha decidido consagrar el mes de febrero del presente a\u00f1o para rendir homenajes a las Nuevas Maravillas del Mundo Moderno y a las Nuevas Maravillas Naturales.<\/strong><\/em><\/span><\/p>\n<p style=\"text-align: justify;\"><span style=\"color: #333399;\"><em><strong>Hace 15 a\u00f1os, la organizaci\u00f3n internacional New7Wonders, autoridad mundial de Maravillas, estuvo a cargo de la campa\u00f1a de votaci\u00f3n global donde 600 millones de personas eligieron a las Nuevas 7 Maravillas del Mundo: Chich\u00e9n Itz\u00e1 (M\u00e9xico), Coliseo (Italia), Cristo Redentor (Brasil), Gran Muralla (China), Petra (Jordania), Taj Mahal (India) y Machupicchu (Per\u00fa).<\/strong><\/em><\/span><\/p>\n<p style=\"text-align: justify;\"><span style=\"color: #333399;\"><em><strong>De igual manera, esta plataforma nombr\u00f3 las Nuevas 7 Maravillas de la Naturaleza: Amazonas (Bolivia, Brasil, Colombia, Ecuador, Guayana, Guyana, Surinam, Venezuela y Per\u00fa), Bah\u00eda de Ha Long (Vietnam), Cataratas del Iguaz\u00fa (Argentina, Brasil), Isla de Jeju (Corea del Sur), Komodo (Indonesia), R\u00edo Subterr\u00e1neo de Puerto Princesa (Filipinas) y Monta\u00f1a de la Mesa (Sud\u00e1frica).<\/strong><\/em><\/span><\/p>\n<p style=\"text-align: justify;\"><span style=\"color: #333399;\"><em><strong>Con el objetivo de apoyar la visibilidad y la importancia de las Maravillas, tanto Expo Dub\u00e1i como New7Wonders, en coordinaci\u00f3n con las naciones que albergan estas joyas culturales y naturales, han dispuesto la instalaci\u00f3n de un Wonder Marker, un r\u00f3tulo de se\u00f1alizaci\u00f3n tur\u00edstica que indica la distancia y la ubicaci\u00f3n oficial de las Maravillas, con la intenci\u00f3n que se conecten entre s\u00ed, logrando un v\u00ednculo \u00fanico y memorable entre estas naciones con el resto del mundo, en el marco de la Expo Dub\u00e1i.<\/strong><\/em><\/span><\/p>\n<p><a href=\"https:\/\/www.turistamagazine.com\/v2\/wp-content\/uploads\/2021\/10\/MachuPicchu.jpg\"><img decoding=\"async\" class=\"wp-image-53595 aligncenter\" src=\"https:\/\/www.turistamagazine.com\/v2\/wp-content\/uploads\/2021\/10\/MachuPicchu.jpg\" alt=\"\" width=\"630\" height=\"420\" srcset=\"https:\/\/www.turistamagazine.com\/v2\/wp-content\/uploads\/2021\/10\/MachuPicchu.jpg 800w, https:\/\/www.turistamagazine.com\/v2\/wp-content\/uploads\/2021\/10\/MachuPicchu-300x200.jpg 300w, https:\/\/www.turistamagazine.com\/v2\/wp-content\/uploads\/2021\/10\/MachuPicchu-768x512.jpg 768w, https:\/\/www.turistamagazine.com\/v2\/wp-content\/uploads\/2021\/10\/MachuPicchu-630x420.jpg 630w, https:\/\/www.turistamagazine.com\/v2\/wp-content\/uploads\/2021\/10\/MachuPicchu-610x406.jpg 610w\" sizes=\"(max-width: 630px) 100vw, 630px\" \/><\/a><\/p>\n<p style=\"text-align: justify;\"><span style=\"color: #333399;\"><em><strong>El Pabell\u00f3n Per\u00fa fue escogido para dar inicio a las celebraciones del mes de las maravillas porque nuestro pa\u00eds ostenta tanto una Maravilla del Mundo Moderno como una Maravilla Natural. En ese sentido, se develaron los flamantes r\u00f3tulos en presencia de dignatarios y autoridades asistentes a la Expo, as\u00ed como del presidente y fundador de New7Wonders, el Sr. Bernard Weber, y el director de New7Wonders, el Sr. Jean\u2010Paul de la Fuente.<\/strong><\/em><\/span><\/p>\n<p><a href=\"https:\/\/www.turistamagazine.com\/v2\/wp-content\/uploads\/2018\/04\/R\u00edo-Amazonas-PROMPER\u00da.jpg\"><img decoding=\"async\" class=\"wp-image-34346 aligncenter\" src=\"https:\/\/www.turistamagazine.com\/v2\/wp-content\/uploads\/2018\/04\/R\u00edo-Amazonas-PROMPER\u00da.jpg\" alt=\"\" width=\"630\" height=\"419\" \/><\/a><\/p>\n<p style=\"text-align: justify;\"><span style=\"color: #333399;\"><em><strong>\u201cEl Per\u00fa es \u00fanico. Posee una de las Nuevas 7 Maravillas del Mundo, Machu Picchu, y comparte una de las Nuevas 7 Maravillas de la Naturaleza, el Amazonas, cuyo r\u00edo nace en Per\u00fa. Y ahora, para celebrarlo, en la hist\u00f3rica Exposici\u00f3n Universal de Dub\u00e1i tenemos dos Wonder Markers que se conectan con cada una de los maravillas, 14 400 km hasta Machu Picchu y 14 090 km hasta el inicio del r\u00edo Amazonas\u201d, indic\u00f3 Jean\u2010Paul de la Fuente.<\/strong><\/em><\/span><\/p>\n<p style=\"text-align: justify;\"><span style=\"color: #333399;\"><em><strong>Para celebrar la inauguraci\u00f3n de los Wonder Marker en el Pabell\u00f3n Per\u00fa, nuestro pa\u00eds ofreci\u00f3 dos degustaciones culinarias a las autoridades y representantes de las naciones reunidas. La primera estuvo inspirada en Machupicchu, la cultura gastron\u00f3mica de Cusco y los superalimentos del Valle Sagrado; la segunda, en la Amazon\u00eda peruana con el objetivo de celebrar su diversidad cultural y natural.<\/strong><\/em><\/span><\/p>\n<p><strong><br \/>\nVer el video de las Maravillas del Mundo aqu\u00ed:<\/strong> <strong><a href=\"https:\/\/we.tl\/t-xwxLF5j35V\">https:\/\/we.tl\/t-xwxLF5j35V<\/a><\/strong> <strong><\/p>\n<p>Ver el video de las Maravillas Naturales aqu\u00ed: <a href=\"https:\/\/we.tl\/t-kKQcJs2Ugf\">https:\/\/we.tl\/t-kKQcJs2Ugf<\/a><\/p>\n<p><\/strong><\/p>\n","protected":false},"excerpt":{"rendered":"<p>La\u00a0Expo 2020 Dub\u00e1i dio inicio al mes de las Maravillas del Mundo y Maravillas Naturales con la inauguraci\u00f3n de \u2018Wonder Markers\u2019 en el Pabell\u00f3n Per\u00fa. Propuesta gastron\u00f3mica peruana estuvo inspirada en Machupicchu y la Amazon\u00eda. 10\/02\/2022\/Lima.- La Exposici\u00f3n Universal que se lleva a cabo en Dub\u00e1i, uno de los siete Emiratos \u00c1rabes Unidos, ha decidido consagrar el mes de febrero del presente a\u00f1o para rendir homenajes a las Nuevas Maravillas del Mundo Moderno y a las Nuevas Maravillas Naturales. Hace 15 a\u00f1os, la organizaci\u00f3n internacional New7Wonders, autoridad mundial de Maravillas, estuvo a cargo de la campa\u00f1a de votaci\u00f3n global donde&#8230;<\/p>\n","protected":false},"author":1,"featured_media":0,"comment_status":"open","ping_status":"open","sticky":false,"template":"","format":"standard","meta":{"footnotes":""},"categories":[4,82],"tags":[11431,10219,10556],"class_list":["post-55069","post","type-post","status-publish","format-standard","hentry","category-breaking-news","category-nacionales","tag-peruenexpodubai","tag-semanarioturistamagazine","tag-turismagazine"],"_links":{"self":[{"href":"https:\/\/www.turistamagazine.com\/v2\/index.php?rest_route=\/wp\/v2\/posts\/55069","targetHints":{"allow":["GET"]}}],"collection":[{"href":"https:\/\/www.turistamagazine.com\/v2\/index.php?rest_route=\/wp\/v2\/posts"}],"about":[{"href":"https:\/\/www.turistamagazine.com\/v2\/index.php?rest_route=\/wp\/v2\/types\/post"}],"author":[{"embeddable":true,"href":"https:\/\/www.turistamagazine.com\/v2\/index.php?rest_route=\/wp\/v2\/users\/1"}],"replies":[{"embeddable":true,"href":"https:\/\/www.turistamagazine.com\/v2\/index.php?rest_route=%2Fwp%2Fv2%2Fcomments&post=55069"}],"version-history":[{"count":1,"href":"https:\/\/www.turistamagazine.com\/v2\/index.php?rest_route=\/wp\/v2\/posts\/55069\/revisions"}],"predecessor-version":[{"id":55071,"href":"https:\/\/www.turistamagazine.com\/v2\/index.php?rest_route=\/wp\/v2\/posts\/55069\/revisions\/55071"}],"wp:attachment":[{"href":"https:\/\/www.turistamagazine.com\/v2\/index.php?rest_route=%2Fwp%2Fv2%2Fmedia&parent=55069"}],"wp:term":[{"taxonomy":"category","embeddable":true,"href":"https:\/\/www.turistamagazine.com\/v2\/index.php?rest_route=%2Fwp%2Fv2%2Fcategories&post=55069"},{"taxonomy":"post_tag","embeddable":true,"href":"https:\/\/www.turistamagazine.com\/v2\/index.php?rest_route=%2Fwp%2Fv2%2Ftags&post=55069"}],"curies":[{"name":"wp","href":"https:\/\/api.w.org\/{rel}","templated":true}]}}