{"id":5505,"date":"2014-06-22T19:15:18","date_gmt":"2014-06-23T00:15:18","guid":{"rendered":"http:\/\/www.turistamagazine.com\/v2\/?p=5505"},"modified":"2014-06-22T19:15:18","modified_gmt":"2014-06-23T00:15:18","slug":"palabra-de-mujer-devaluada","status":"publish","type":"post","link":"https:\/\/www.turistamagazine.com\/v2\/?p=5505","title":{"rendered":"\u201cPALABRA DE MUJER DEVALUADA\u201d"},"content":{"rendered":"<p style=\"text-align: justify;\"><span style=\"color: #000080;\"><strong>FRAN CA MENTE.-<\/strong><\/span> De acuerdo a la Congresista Martha Ch\u00e1vez, la Alcaldesa de Lima, est\u00e1 dejando muy mal parada a las mujeres peruanas, ya que ella dio su <span style=\"color: #000080;\"><strong><em>\u201cpalabra de mujer de No presentarse a la reelecci\u00f3n por la alcald\u00eda de Lima, cuando estuvo a un \u201ctris\u201d de\u00a0 ser revocada\u201d.<\/em><\/strong><\/span><\/p>\n<p style=\"text-align: justify;\">Ahora, la <span style=\"color: #000080;\"><strong><em>\u201cT\u00eda Susy\u201d<\/em><\/strong><\/span> se lanz\u00f3 a la reelecci\u00f3n y cuando le reclaman diciendo que ella ha mentido, puesto que \u00a0empe\u00f1\u00f3 su palabra de mujer, de que no se presentar\u00eda\u00a0 a la contienda electoral, \u00a0ella aduce, que <span style=\"color: #000080;\"><em><strong>\u201cNo, No es que \u00a0haya \u00a0mentido, simplemente ha cambiado de opini\u00f3n\u201d \u00bfWhat? .<\/strong><\/em><\/span><\/p>\n<p style=\"text-align: justify;\">Como consecuencia, la congresista Martha Ch\u00e1vez que se caracteriza por decir las cosas de \u201c<strong><span style=\"color: #000080;\"><em>frente y sin tapujos\u201d<\/em><\/span><\/strong> le ha dicho que \u00a0tendr\u00e1 \u00a0palabra <span style=\"color: #000080;\"><em><strong>\u201cde mujer devaluada\u201d<\/strong><\/em><\/span>, con lo cual est\u00e1 dejando mal parada a todas las mujeres que se precian \u00a0de tener palabra, por la \u00e9tica y moral de la cual hacen gala, en todos los \u00e1mbitos de la sociedad, porque mujeres con palabra si existen en el Per\u00fa, se\u00f1ores\u2026Y son profesionales excelentes y de mucho valor y credibilidad y no s\u00f3lo en la pol\u00edtica\u2026 Naturalmente existen algunas ovejas negras que las hay \u00a0hasta en las mejores familias\u2026 <span style=\"color: #000080;\"><em><strong>Por favor \u201ct\u00eda Su\u201d, sabemos que eres una \u201ct\u00eda regia\u201d, pero no dejes mal a las mujeres que votaron por el \u00a0NO en la revocatoria, creyendo en tu palabra de mujer\u2026<\/strong><\/em><strong> FRAN-CA-MENTE<\/strong><\/span><\/p>\n","protected":false},"excerpt":{"rendered":"<p>FRAN CA MENTE.- De acuerdo a la Congresista Martha Ch\u00e1vez, la Alcaldesa de Lima, est\u00e1 dejando muy mal parada a las mujeres peruanas, ya que ella dio su \u201cpalabra de mujer de No presentarse a la reelecci\u00f3n por la alcald\u00eda de Lima, cuando estuvo a un \u201ctris\u201d de\u00a0 ser revocada\u201d. Ahora, la \u201cT\u00eda Susy\u201d se lanz\u00f3 a la reelecci\u00f3n y cuando le reclaman diciendo que ella ha mentido, puesto que \u00a0empe\u00f1\u00f3 su palabra de mujer, de que no se presentar\u00eda\u00a0 a la contienda electoral, \u00a0ella aduce, que \u201cNo, No es que \u00a0haya \u00a0mentido, simplemente ha cambiado de opini\u00f3n\u201d \u00bfWhat? &#8230;.<\/p>\n","protected":false},"author":1,"featured_media":0,"comment_status":"open","ping_status":"open","sticky":false,"template":"","format":"standard","meta":{"footnotes":""},"categories":[346],"tags":[],"class_list":["post-5505","post","type-post","status-publish","format-standard","hentry","category-francamente"],"_links":{"self":[{"href":"https:\/\/www.turistamagazine.com\/v2\/index.php?rest_route=\/wp\/v2\/posts\/5505","targetHints":{"allow":["GET"]}}],"collection":[{"href":"https:\/\/www.turistamagazine.com\/v2\/index.php?rest_route=\/wp\/v2\/posts"}],"about":[{"href":"https:\/\/www.turistamagazine.com\/v2\/index.php?rest_route=\/wp\/v2\/types\/post"}],"author":[{"embeddable":true,"href":"https:\/\/www.turistamagazine.com\/v2\/index.php?rest_route=\/wp\/v2\/users\/1"}],"replies":[{"embeddable":true,"href":"https:\/\/www.turistamagazine.com\/v2\/index.php?rest_route=%2Fwp%2Fv2%2Fcomments&post=5505"}],"version-history":[{"count":1,"href":"https:\/\/www.turistamagazine.com\/v2\/index.php?rest_route=\/wp\/v2\/posts\/5505\/revisions"}],"predecessor-version":[{"id":5506,"href":"https:\/\/www.turistamagazine.com\/v2\/index.php?rest_route=\/wp\/v2\/posts\/5505\/revisions\/5506"}],"wp:attachment":[{"href":"https:\/\/www.turistamagazine.com\/v2\/index.php?rest_route=%2Fwp%2Fv2%2Fmedia&parent=5505"}],"wp:term":[{"taxonomy":"category","embeddable":true,"href":"https:\/\/www.turistamagazine.com\/v2\/index.php?rest_route=%2Fwp%2Fv2%2Fcategories&post=5505"},{"taxonomy":"post_tag","embeddable":true,"href":"https:\/\/www.turistamagazine.com\/v2\/index.php?rest_route=%2Fwp%2Fv2%2Ftags&post=5505"}],"curies":[{"name":"wp","href":"https:\/\/api.w.org\/{rel}","templated":true}]}}