{"id":55016,"date":"2022-02-06T18:27:36","date_gmt":"2022-02-06T23:27:36","guid":{"rendered":"https:\/\/www.turistamagazine.com\/v2\/?p=55016"},"modified":"2022-02-06T18:27:36","modified_gmt":"2022-02-06T23:27:36","slug":"promperu-alianza-del-pacifico-impulsa-promocion-del-turismo-de-reuniones","status":"publish","type":"post","link":"https:\/\/www.turistamagazine.com\/v2\/?p=55016","title":{"rendered":"PROMPER\u00da: ALIANZA DEL PAC\u00cdFICO IMPULSA PROMOCI\u00d3N DEL TURISMO DE REUNIONES"},"content":{"rendered":"<p style=\"text-align: center;\"><span style=\"color: #800080;\"><strong>Caravana de Turismo de Reuniones de la Alianza del Pac\u00edfico mostr\u00f3 la oferta para reuniones. \u00a0<\/strong><\/span><\/p>\n<p style=\"text-align: center;\"><span style=\"color: #333399;\"><strong><span style=\"color: #800080;\">\u00a0\u00a0Grupo de trabajo de la Alianza del Pac\u00edfico ha creado un sistema para la captaci\u00f3n y rotaci\u00f3n de eventos que beneficia a todos los pa\u00edses miembros.\u00a0 \u00a0\u00a0 \u00a0<\/span> \u00a0 \u00a0 \u00a0 \u00a0 \u00a0 \u00a0 \u00a0 \u00a0 \u00a0 \u00a0 \u00a0 \u00a0 \u00a0 \u00a0 \u00a0 \u00a0 \u00a0 \u00a0 \u00a0\u00a0<\/strong><\/span><\/p>\n<p style=\"text-align: justify;\"><span style=\"color: #333399;\"><strong>Como parte de la estrategia de recuperaci\u00f3n del sector turismo en el pa\u00eds, la Comisi\u00f3n de Promoci\u00f3n del Per\u00fa para la Exportaci\u00f3n y el Turismo (PROMPER\u00da) participa activamente en las diversas actividades que se desarrollan entre los pa\u00edses miembros de la Alianza del Pac\u00edfico, la cual tiene entre uno de sus objetivos el de impulsar el segmento de turismo de reuniones en la regi\u00f3n.<\/strong><\/span><\/p>\n<p style=\"text-align: justify;\"><span style=\"color: #333399;\"><strong>Entre las actividades m\u00e1s recientes destaca\u00a0la Caravana de Turismo de Reuniones de la Alianza del Pac\u00edfico, la cual consisti\u00f3 en el desarrollo de cuatro sesiones de capacitaci\u00f3n de los cuatro destinos (Chile, Colombia, M\u00e9xico y Per\u00fa), las cuales estuvieron a cargo de un grupo de expertos del bloque para dar a conocer la oferta del segmento de turismo de reuniones corporativo, asociativo y de eventos.<\/strong><\/span><\/p>\n<p style=\"text-align: justify;\"><span style=\"color: #333399;\"><strong>Los seminarios estuvieron dirigidos al canal profesional y logr\u00f3 congregar a m\u00e1s de 200 personas, entre las que se encontraban representantes de\u00a0convention bureaus, sedes para eventos (centros de convenciones, recintos no tradicionales, hoteles), operadores de turismo especializado en grupos, organizadores profesionales de congresos y proveedores de servicios de diferentes pa\u00edses de Am\u00e9rica Latina.<\/strong><\/span><\/p>\n<p style=\"text-align: justify;\"><span style=\"color: #333399;\"><strong>Por otro lado, el Grupo de Trabajo de la Alianza del Pac\u00edfico \u2013 GTAP ha desarrollado una metodolog\u00eda para la captaci\u00f3n de eventos en conjunto y su rotaci\u00f3n entre los pa\u00edses miembros. Adem\u00e1s, el equipo identific\u00f3 una lista de eventos asociativos con potencial de captaci\u00f3n conjunta, que pueden realizarse en la regi\u00f3n o que hayan sido efectuados exitosamente en los pa\u00edses miembros, con el fin de que dos o m\u00e1s pa\u00edses del bloque puedan presentar una candidatura conjunta.<\/strong><\/span><\/p>\n<p style=\"text-align: justify;\"><span style=\"color: #333399;\"><strong>\u00abEs importante informar que\u00a0entre las pr\u00f3ximas acciones\u00a0de la Alianza del Pac\u00edfico, se encuentra el desarrollo de herramientas digitales para la promoci\u00f3n de la oferta del turismo de reuniones.\u00a0Asimismo, es importante resaltar que el a\u00f1o pasado durante la VII Macrorrueda de Turismo\u00a0del bloque, Per\u00fa sostuvo 23 reuniones de negocios, las cuales generaron una expectativa de negocios para el segmento de turismo de reuniones de cerca de\u00a0US$4 millones\u201d, inform\u00f3 Amora Carbajal, presidente ejecutiva de PROMPER\u00da.<\/strong><\/span><\/p>\n<p style=\"text-align: center;\"><span style=\"color: #800080;\"><strong>El Turismo de Reuniones en Am\u00e9rica Latina<\/strong><\/span><\/p>\n<p style=\"text-align: justify;\"><span style=\"color: #333399;\"><strong>En 2021 la industria de reuniones aport\u00f3 US$21 mil millones al PIB de Latinoam\u00e9rica, cifra alentadora a pesar de las restricciones y aforos limitados. Mientras que en 2019 el impacto econ\u00f3mico directo era de\u00a0US$33 mil millones entre los pa\u00edses de la regi\u00f3n.<\/strong><\/span><\/p>\n<p style=\"text-align: justify;\"><span style=\"color: #333399;\"><strong>Seg\u00fan el \u00faltimo reporte (2019) de la Asociaci\u00f3n Internacional de Congresos y Convenciones (ICCA) si la Alianza del Pac\u00edfico fuera un pa\u00eds estar\u00eda en el puesto # 6 en el ranking mundial por n\u00famero de reuniones, solo superada por pa\u00edses como Estados Unidos, y pa\u00edses europeos como: Alemania, Francia, Espa\u00f1a o Reino Unido.<\/strong><\/span><\/p>\n<p style=\"text-align: justify;\"><span style=\"color: #333399;\"><strong>El bloque aporta el 21% de los congresos con los par\u00e1metros ICCA realizados en las Am\u00e9ricas y el 41% de los congresos realizados en los pa\u00edses latinoamericanos en el 2019. Los principales rubros de los congresos realizados en los pa\u00edses de la Alianza en 2019 fueron: Medicina, Educaci\u00f3n, Tecnolog\u00eda, Ciencias y Cultura.<\/strong><\/span><\/p>\n<p style=\"text-align: justify;\"><span style=\"color: #333399;\"><strong>Existen m\u00e1s de 104 asociaciones internacionales con sede en los pa\u00edses de la Alianza y cerca de 60 bur\u00f3s de convenciones que trabajan activamente para la captaci\u00f3n de reuniones.<\/strong><\/span><\/p>\n<p style=\"text-align: justify;\">\n<p style=\"text-align: justify;\">\n","protected":false},"excerpt":{"rendered":"<p>Caravana de Turismo de Reuniones de la Alianza del Pac\u00edfico mostr\u00f3 la oferta para reuniones. \u00a0 \u00a0\u00a0Grupo de trabajo de la Alianza del Pac\u00edfico ha creado un sistema para la captaci\u00f3n y rotaci\u00f3n de eventos que beneficia a todos los pa\u00edses miembros.\u00a0 \u00a0\u00a0 \u00a0 \u00a0 \u00a0 \u00a0 \u00a0 \u00a0 \u00a0 \u00a0 \u00a0 \u00a0 \u00a0 \u00a0 \u00a0 \u00a0 \u00a0 \u00a0 \u00a0 \u00a0 \u00a0 \u00a0\u00a0 Como parte de la estrategia de recuperaci\u00f3n del sector turismo en el pa\u00eds, la Comisi\u00f3n de Promoci\u00f3n del Per\u00fa para la Exportaci\u00f3n y el Turismo (PROMPER\u00da) participa activamente en las diversas actividades que se desarrollan entre los&#8230;<\/p>\n","protected":false},"author":1,"featured_media":0,"comment_status":"open","ping_status":"open","sticky":false,"template":"","format":"standard","meta":{"footnotes":""},"categories":[4,82],"tags":[11762,10219,10556],"class_list":["post-55016","post","type-post","status-publish","format-standard","hentry","category-breaking-news","category-nacionales","tag-alianzadelpacifico","tag-semanarioturistamagazine","tag-turismagazine"],"_links":{"self":[{"href":"https:\/\/www.turistamagazine.com\/v2\/index.php?rest_route=\/wp\/v2\/posts\/55016","targetHints":{"allow":["GET"]}}],"collection":[{"href":"https:\/\/www.turistamagazine.com\/v2\/index.php?rest_route=\/wp\/v2\/posts"}],"about":[{"href":"https:\/\/www.turistamagazine.com\/v2\/index.php?rest_route=\/wp\/v2\/types\/post"}],"author":[{"embeddable":true,"href":"https:\/\/www.turistamagazine.com\/v2\/index.php?rest_route=\/wp\/v2\/users\/1"}],"replies":[{"embeddable":true,"href":"https:\/\/www.turistamagazine.com\/v2\/index.php?rest_route=%2Fwp%2Fv2%2Fcomments&post=55016"}],"version-history":[{"count":1,"href":"https:\/\/www.turistamagazine.com\/v2\/index.php?rest_route=\/wp\/v2\/posts\/55016\/revisions"}],"predecessor-version":[{"id":55018,"href":"https:\/\/www.turistamagazine.com\/v2\/index.php?rest_route=\/wp\/v2\/posts\/55016\/revisions\/55018"}],"wp:attachment":[{"href":"https:\/\/www.turistamagazine.com\/v2\/index.php?rest_route=%2Fwp%2Fv2%2Fmedia&parent=55016"}],"wp:term":[{"taxonomy":"category","embeddable":true,"href":"https:\/\/www.turistamagazine.com\/v2\/index.php?rest_route=%2Fwp%2Fv2%2Fcategories&post=55016"},{"taxonomy":"post_tag","embeddable":true,"href":"https:\/\/www.turistamagazine.com\/v2\/index.php?rest_route=%2Fwp%2Fv2%2Ftags&post=55016"}],"curies":[{"name":"wp","href":"https:\/\/api.w.org\/{rel}","templated":true}]}}