{"id":55000,"date":"2022-01-20T11:01:08","date_gmt":"2022-01-20T16:01:08","guid":{"rendered":"https:\/\/www.turistamagazine.com\/v2\/?p=55000"},"modified":"2022-01-20T11:01:08","modified_gmt":"2022-01-20T16:01:08","slug":"kuelap-ministra-de-cultura-y-gobernador-de-amazonas-coordinan-su-puesta-en-valor","status":"publish","type":"post","link":"https:\/\/www.turistamagazine.com\/v2\/?p=55000","title":{"rendered":"KU\u00c9LAP: MINISTRA DE CULTURA Y GOBERNADOR DE AMAZONAS COORDINAN SU PUESTA EN VALOR"},"content":{"rendered":"<p style=\"text-align: center;\"><span style=\"color: #333399;\"><em><strong>Complejo arqueol\u00f3gico de Ku\u00e9lap<\/strong><\/em><\/span><\/p>\n<p style=\"text-align: center;\"><span style=\"color: #800080;\"><em><strong>Gisela Ortiz lleg\u00f3 a Chachapoyas junto a la viceministra Sonaly Tuesta<\/strong><\/em><\/span><\/p>\n<p style=\"text-align: justify;\"><span style=\"color: #333399;\"><em><strong>\u00a020\/01\/2022\/Regi\u00f3n Amazonas.- La ministra de Cultura, Gisela Ortiz Perea, y la viceministra de Patrimonio Cultural e Industrias Culturales, Sonaly Tuesta, se reunieron en Chachapoyas con el gobernador regional de Amazonas, \u00d3scar Altamirano Quispe, para analizar alternativas para la protecci\u00f3n del complejo arqueol\u00f3gico de Ku\u00e9lap.<\/strong><\/em><\/span><\/p>\n<p style=\"text-align: justify;\"><span style=\"color: #800080;\"><em><strong>En la cita, las autoridades evaluaron la situaci\u00f3n del patrimonio cultural de la regi\u00f3n, en especial de Ku\u00e9lap, as\u00ed como los planes \u201cpara su puesta en valor y protecci\u00f3n de manera conjunta\u201d, inform\u00f3 el Ministerio de Cultura, en su cuenta en Twitter.<\/strong><\/em><\/span><\/p>\n<p style=\"text-align: justify;\"><span style=\"color: #333399;\"><em><strong>Asimismo, dialogaron sobre las atenciones que brindaron las distintas instancias del Estado a los damnificados del terremoto que sacudi\u00f3 a esta regi\u00f3n a finales de noviembre del 2021.<\/strong><\/em><\/span><\/p>\n<p style=\"text-align: justify;\"><span style=\"color: #800080;\"><em><strong>Puesta en valor<\/strong><\/em><\/span><\/p>\n<p style=\"text-align: justify;\"><span style=\"color: #333399;\"><em><strong>La ministra Ortiz resalt\u00f3 que el Poder Ejecutivo tiene el compromiso de ver la mejor manera \u2013tanto t\u00e9cnica como pol\u00edtica\u2013 de colocar al complejo de Ku\u00e9lap en el lugar que se merece. \u201cEs una labor que estamos viendo tambi\u00e9n a nivel interno, para sacarla adelante\u201d, enfatiz\u00f3.<\/strong><\/em><\/span><\/p>\n<p style=\"text-align: justify;\"><span style=\"color: #800080;\"><em><strong>\u201cNo es solo una propuesta que ponga en valor y repotencie lo que ya es, sino que, a la par, atienda los problemas que presenta (el sitio arqueol\u00f3gico) por el paso del tiempo. Debemos articularlo no solo como un atractivo tur\u00edstico, sino tambi\u00e9n atender su preservaci\u00f3n y protecci\u00f3n\u201d, agreg\u00f3 Ortiz.<\/strong><\/em><\/span><\/p>\n<p style=\"text-align: justify;\"><span style=\"color: #333399;\"><em><strong>Al respecto, consider\u00f3 necesario destacar a un equipo de profesionales que identifique los problemas, los atienda y genere sostenibilidad, \u201cde tal manera que toda la parte tur\u00edstica se potencie tambi\u00e9n con una atenci\u00f3n (t\u00e9cnica) que se va a evidenciar\u201d, concluy\u00f3.<\/strong><\/em><\/span><\/p>\n","protected":false},"excerpt":{"rendered":"<p>Complejo arqueol\u00f3gico de Ku\u00e9lap Gisela Ortiz lleg\u00f3 a Chachapoyas junto a la viceministra Sonaly Tuesta \u00a020\/01\/2022\/Regi\u00f3n Amazonas.- La ministra de Cultura, Gisela Ortiz Perea, y la viceministra de Patrimonio Cultural e Industrias Culturales, Sonaly Tuesta, se reunieron en Chachapoyas con el gobernador regional de Amazonas, \u00d3scar Altamirano Quispe, para analizar alternativas para la protecci\u00f3n del complejo arqueol\u00f3gico de Ku\u00e9lap. En la cita, las autoridades evaluaron la situaci\u00f3n del patrimonio cultural de la regi\u00f3n, en especial de Ku\u00e9lap, as\u00ed como los planes \u201cpara su puesta en valor y protecci\u00f3n de manera conjunta\u201d, inform\u00f3 el Ministerio de Cultura, en su cuenta en&#8230;<\/p>\n","protected":false},"author":1,"featured_media":0,"comment_status":"open","ping_status":"open","sticky":false,"template":"","format":"standard","meta":{"footnotes":""},"categories":[4,82],"tags":[11472,10219,10556],"class_list":["post-55000","post","type-post","status-publish","format-standard","hentry","category-breaking-news","category-nacionales","tag-kuelap","tag-semanarioturistamagazine","tag-turismagazine"],"_links":{"self":[{"href":"https:\/\/www.turistamagazine.com\/v2\/index.php?rest_route=\/wp\/v2\/posts\/55000","targetHints":{"allow":["GET"]}}],"collection":[{"href":"https:\/\/www.turistamagazine.com\/v2\/index.php?rest_route=\/wp\/v2\/posts"}],"about":[{"href":"https:\/\/www.turistamagazine.com\/v2\/index.php?rest_route=\/wp\/v2\/types\/post"}],"author":[{"embeddable":true,"href":"https:\/\/www.turistamagazine.com\/v2\/index.php?rest_route=\/wp\/v2\/users\/1"}],"replies":[{"embeddable":true,"href":"https:\/\/www.turistamagazine.com\/v2\/index.php?rest_route=%2Fwp%2Fv2%2Fcomments&post=55000"}],"version-history":[{"count":1,"href":"https:\/\/www.turistamagazine.com\/v2\/index.php?rest_route=\/wp\/v2\/posts\/55000\/revisions"}],"predecessor-version":[{"id":55001,"href":"https:\/\/www.turistamagazine.com\/v2\/index.php?rest_route=\/wp\/v2\/posts\/55000\/revisions\/55001"}],"wp:attachment":[{"href":"https:\/\/www.turistamagazine.com\/v2\/index.php?rest_route=%2Fwp%2Fv2%2Fmedia&parent=55000"}],"wp:term":[{"taxonomy":"category","embeddable":true,"href":"https:\/\/www.turistamagazine.com\/v2\/index.php?rest_route=%2Fwp%2Fv2%2Fcategories&post=55000"},{"taxonomy":"post_tag","embeddable":true,"href":"https:\/\/www.turistamagazine.com\/v2\/index.php?rest_route=%2Fwp%2Fv2%2Ftags&post=55000"}],"curies":[{"name":"wp","href":"https:\/\/api.w.org\/{rel}","templated":true}]}}