{"id":54988,"date":"2022-01-19T18:12:12","date_gmt":"2022-01-19T23:12:12","guid":{"rendered":"https:\/\/www.turistamagazine.com\/v2\/?p=54988"},"modified":"2022-01-19T18:12:12","modified_gmt":"2022-01-19T23:12:12","slug":"los-reyes-visitan-el-stand-de-iberia-en-fitur-donde-les-esperaban-varios-representantes-del-proyecto-talento-a-bordo","status":"publish","type":"post","link":"https:\/\/www.turistamagazine.com\/v2\/?p=54988","title":{"rendered":"LOS REYES VISITAN EL STAND DE IBERIA EN FITUR, DONDE LES ESPERABAN VARIOS REPRESENTANTES DEL PROYECTO TALENTO A BORDO"},"content":{"rendered":"<p style=\"text-align: center;\"><span style=\"color: #800080;\"><em><strong>Los Reyes inauguraron \u00a0FITUR y han visitaron el stand de Iberia.<\/strong><\/em><\/span><\/p>\n<p style=\"text-align: justify;\"><span style=\"color: #333399;\"><em><strong>19\/01\/2022\/Madrid.- All\u00ed les estaba esperando la directora Comercial, de Red y Alianzas de Iberia, Mar\u00eda Jes\u00fas L\u00f3pez Sol\u00e1s; la directora de Marketing, Gemma Junc\u00e1; y el director Corporativo de la aerol\u00ednea, Juan Cierco Jim\u00e9nez de Parga. Adem\u00e1s de cuatro representantes del proyecto Talento a bordo, el programa de Iberia para apoyar e internacionalizar la cultura espa\u00f1ola: la dise\u00f1adora catalana y responsable del dise\u00f1o de los nuevos uniformes de Iberia, Teresa Helbig; la nadadora paral\u00edmpica, Sarai Gasc\u00f3n; el gimnasta ol\u00edmpico, Ray Zapata; y la atleta ol\u00edmpica de carrera de obst\u00e1culos, Irene S\u00e1nchez Escribano.<\/strong><\/em><\/span><\/p>\n<p style=\"text-align: justify;\"><span style=\"color: #800080;\"><em><strong>Iberia cuenta en FITUR con un gran espacio de 600 metros cuadrados construido con papel, cuerdas de algod\u00f3n, telas recicladas y plantas naturales; materiales que, por tercer a\u00f1o consecutivo, muestran el compromiso adquirido por la aerol\u00ednea de acudir a FITUR con una propuesta sostenible.<\/strong><\/em><\/span><\/p>\n<p style=\"text-align: justify;\"><span style=\"color: #333399;\"><em><strong>El espacio de la aerol\u00ednea muestra sus propuestas para este 2022: su compromiso con la sostenibilidad, una nueva experiencia a bordo, los uniformes que estrenar\u00e1n sus empleados a finales de primavera y las \u00faltimas soluciones y servicios digitales que se ofrecen a los clientes.<\/strong><\/em><\/span><\/p>\n<p>F\/Iberia<\/p>\n","protected":false},"excerpt":{"rendered":"<p>Los Reyes inauguraron \u00a0FITUR y han visitaron el stand de Iberia. 19\/01\/2022\/Madrid.- All\u00ed les estaba esperando la directora Comercial, de Red y Alianzas de Iberia, Mar\u00eda Jes\u00fas L\u00f3pez Sol\u00e1s; la directora de Marketing, Gemma Junc\u00e1; y el director Corporativo de la aerol\u00ednea, Juan Cierco Jim\u00e9nez de Parga. Adem\u00e1s de cuatro representantes del proyecto Talento a bordo, el programa de Iberia para apoyar e internacionalizar la cultura espa\u00f1ola: la dise\u00f1adora catalana y responsable del dise\u00f1o de los nuevos uniformes de Iberia, Teresa Helbig; la nadadora paral\u00edmpica, Sarai Gasc\u00f3n; el gimnasta ol\u00edmpico, Ray Zapata; y la atleta ol\u00edmpica de carrera de obst\u00e1culos,&#8230;<\/p>\n","protected":false},"author":1,"featured_media":54989,"comment_status":"open","ping_status":"open","sticky":false,"template":"","format":"standard","meta":{"footnotes":""},"categories":[4,84],"tags":[11704,10219,10556,11756],"class_list":["post-54988","post","type-post","status-publish","format-standard","has-post-thumbnail","hentry","category-breaking-news","category-internacionales","tag-fitur2022","tag-semanarioturistamagazine","tag-turismagazine","tag-los-reyes-de-espana"],"_links":{"self":[{"href":"https:\/\/www.turistamagazine.com\/v2\/index.php?rest_route=\/wp\/v2\/posts\/54988","targetHints":{"allow":["GET"]}}],"collection":[{"href":"https:\/\/www.turistamagazine.com\/v2\/index.php?rest_route=\/wp\/v2\/posts"}],"about":[{"href":"https:\/\/www.turistamagazine.com\/v2\/index.php?rest_route=\/wp\/v2\/types\/post"}],"author":[{"embeddable":true,"href":"https:\/\/www.turistamagazine.com\/v2\/index.php?rest_route=\/wp\/v2\/users\/1"}],"replies":[{"embeddable":true,"href":"https:\/\/www.turistamagazine.com\/v2\/index.php?rest_route=%2Fwp%2Fv2%2Fcomments&post=54988"}],"version-history":[{"count":1,"href":"https:\/\/www.turistamagazine.com\/v2\/index.php?rest_route=\/wp\/v2\/posts\/54988\/revisions"}],"predecessor-version":[{"id":54990,"href":"https:\/\/www.turistamagazine.com\/v2\/index.php?rest_route=\/wp\/v2\/posts\/54988\/revisions\/54990"}],"wp:featuredmedia":[{"embeddable":true,"href":"https:\/\/www.turistamagazine.com\/v2\/index.php?rest_route=\/wp\/v2\/media\/54989"}],"wp:attachment":[{"href":"https:\/\/www.turistamagazine.com\/v2\/index.php?rest_route=%2Fwp%2Fv2%2Fmedia&parent=54988"}],"wp:term":[{"taxonomy":"category","embeddable":true,"href":"https:\/\/www.turistamagazine.com\/v2\/index.php?rest_route=%2Fwp%2Fv2%2Fcategories&post=54988"},{"taxonomy":"post_tag","embeddable":true,"href":"https:\/\/www.turistamagazine.com\/v2\/index.php?rest_route=%2Fwp%2Fv2%2Ftags&post=54988"}],"curies":[{"name":"wp","href":"https:\/\/api.w.org\/{rel}","templated":true}]}}