{"id":54832,"date":"2022-01-10T12:43:04","date_gmt":"2022-01-10T17:43:04","guid":{"rendered":"https:\/\/www.turistamagazine.com\/v2\/?p=54832"},"modified":"2022-01-10T12:43:04","modified_gmt":"2022-01-10T17:43:04","slug":"apavit-no-habria-pasaportes-en-migraciones","status":"publish","type":"post","link":"https:\/\/www.turistamagazine.com\/v2\/?p=54832","title":{"rendered":"APAVIT: \u201cNO HABR\u00cdA PASAPORTES EN MIGRACIONES\u201d"},"content":{"rendered":"<p style=\"text-align: center;\"><span style=\"color: #800080;\"><em><strong>Solamente te expiden un pasaporte si tienes un pasaje ya emitido<\/strong><\/em><\/span><\/p>\n<p style=\"text-align: justify;\"><span style=\"color: #333399;\"><em><strong>10\/01\/2022\/Lima.- El presidente de la Asociaci\u00f3n Peruana de Agencia de Viajes y Turismo (APAVIT), Ricardo Acosta exigi\u00f3 al ministro del Interior Avelino Guillen a que explique el actual comportamiento de Migraciones Per\u00fa en lo referente a la entrega de pasaportes a los solicitantes.<\/strong><\/em><\/span><\/p>\n<p style=\"text-align: justify;\"><span style=\"color: #333399;\"><em><strong><span style=\"color: #800080;\">\u201cEl ministro Guillen deber\u00eda pronunciarse al pa\u00eds con una clara explicaci\u00f3n sobre qu\u00e9 est\u00e1 sucediendo con Migraciones Per\u00fa bajo la Gerencia de la se\u00f1ora Martha Silvestre, debido a que actualmente no se otorgan citas a nivel nacional para la solicitud de nuevos pasaportes\u201d,<\/span> se\u00f1al\u00f3.<\/strong><\/em><\/span><\/p>\n<p style=\"text-align: justify;\"><span style=\"color: #333399;\"><em><strong>Agreg\u00f3 que esto conlleva definitivamente a la falta de emisi\u00f3n de dichos documentos y perjudica a los viajeros que desean tener el pasaporte, documento obligatorio para viajar al extranjero.<\/strong><\/em><\/span><\/p>\n<p style=\"text-align: justify;\"><span style=\"color: #333399;\"><em><strong>Al respecto, el titular de APAVIT afirm\u00f3 que este inusual hecho afecta seriamente el proceso de solicitud de visas de estudiantes en el extranjero, visas de turismo en pa\u00edses que as\u00ed lo requieren, as\u00ed como impiden la realizaci\u00f3n de viajes por motivos de salud y negocios.<\/strong><\/em><\/span><\/p>\n<p style=\"text-align: justify;\"><span style=\"color: #800080;\"><em><strong>Igualmente, sostuvo que dificulta en gran escala la reactivaci\u00f3n del turismo egresivo y principalmente, afecta el libre tr\u00e1nsito de los peruanos, los cuales est\u00e1n viendo mellados sus derechos como ciudadanos.<\/strong><\/em><\/span><\/p>\n<p style=\"text-align: justify;\"><span style=\"color: #333399;\"><em><strong>Ricardo Acosta manifest\u00f3 que Migraciones otorga el pasaporte \u201csi es que llevas un pasaje ya emitido\u201d.<\/strong><\/em><\/span><\/p>\n<p style=\"text-align: justify;\"><span style=\"color: #333399;\"><em><strong><span style=\"color: #800080;\">\u201cPero si t\u00fa quieres sacar una visa, no tienes pasaje emitido, si tu tienes un contrato de trabajo no tienes boleto emitido. Tengo un caso de un chico peruano que ha perdido su pasaporte en Roma y la embajada en esa ciudad solamente le da cita para el pr\u00f3ximo 25 de enero, o sea, el chico esta reventado\u201d,<\/span> sostuvo Acosta.<\/strong><\/em><\/span><\/p>\n<p style=\"text-align: justify;\"><span style=\"color: #333399;\"><em><strong>Finalmente, a\u00f1adi\u00f3 que, a ra\u00edz de una gran cantidad de consultas diarias de parte de los usuarios, \u201cquedamos a la espera de las aclaraciones correspondientes\u201d por parte del ministro del Interior.<\/strong><\/em><\/span><\/p>\n","protected":false},"excerpt":{"rendered":"<p>Solamente te expiden un pasaporte si tienes un pasaje ya emitido 10\/01\/2022\/Lima.- El presidente de la Asociaci\u00f3n Peruana de Agencia de Viajes y Turismo (APAVIT), Ricardo Acosta exigi\u00f3 al ministro del Interior Avelino Guillen a que explique el actual comportamiento de Migraciones Per\u00fa en lo referente a la entrega de pasaportes a los solicitantes. \u201cEl ministro Guillen deber\u00eda pronunciarse al pa\u00eds con una clara explicaci\u00f3n sobre qu\u00e9 est\u00e1 sucediendo con Migraciones Per\u00fa bajo la Gerencia de la se\u00f1ora Martha Silvestre, debido a que actualmente no se otorgan citas a nivel nacional para la solicitud de nuevos pasaportes\u201d, se\u00f1al\u00f3. Agreg\u00f3 que&#8230;<\/p>\n","protected":false},"author":1,"featured_media":54833,"comment_status":"open","ping_status":"open","sticky":false,"template":"","format":"standard","meta":{"footnotes":""},"categories":[4,82],"tags":[11607,10219,10556,863,6882],"class_list":["post-54832","post","type-post","status-publish","format-standard","has-post-thumbnail","hentry","category-breaking-news","category-nacionales","tag-ricardoacosta","tag-semanarioturistamagazine","tag-turismagazine","tag-apavit","tag-migraciones"],"_links":{"self":[{"href":"https:\/\/www.turistamagazine.com\/v2\/index.php?rest_route=\/wp\/v2\/posts\/54832","targetHints":{"allow":["GET"]}}],"collection":[{"href":"https:\/\/www.turistamagazine.com\/v2\/index.php?rest_route=\/wp\/v2\/posts"}],"about":[{"href":"https:\/\/www.turistamagazine.com\/v2\/index.php?rest_route=\/wp\/v2\/types\/post"}],"author":[{"embeddable":true,"href":"https:\/\/www.turistamagazine.com\/v2\/index.php?rest_route=\/wp\/v2\/users\/1"}],"replies":[{"embeddable":true,"href":"https:\/\/www.turistamagazine.com\/v2\/index.php?rest_route=%2Fwp%2Fv2%2Fcomments&post=54832"}],"version-history":[{"count":1,"href":"https:\/\/www.turistamagazine.com\/v2\/index.php?rest_route=\/wp\/v2\/posts\/54832\/revisions"}],"predecessor-version":[{"id":54834,"href":"https:\/\/www.turistamagazine.com\/v2\/index.php?rest_route=\/wp\/v2\/posts\/54832\/revisions\/54834"}],"wp:featuredmedia":[{"embeddable":true,"href":"https:\/\/www.turistamagazine.com\/v2\/index.php?rest_route=\/wp\/v2\/media\/54833"}],"wp:attachment":[{"href":"https:\/\/www.turistamagazine.com\/v2\/index.php?rest_route=%2Fwp%2Fv2%2Fmedia&parent=54832"}],"wp:term":[{"taxonomy":"category","embeddable":true,"href":"https:\/\/www.turistamagazine.com\/v2\/index.php?rest_route=%2Fwp%2Fv2%2Fcategories&post=54832"},{"taxonomy":"post_tag","embeddable":true,"href":"https:\/\/www.turistamagazine.com\/v2\/index.php?rest_route=%2Fwp%2Fv2%2Ftags&post=54832"}],"curies":[{"name":"wp","href":"https:\/\/api.w.org\/{rel}","templated":true}]}}