{"id":5475,"date":"2014-06-21T09:04:38","date_gmt":"2014-06-21T14:04:38","guid":{"rendered":"http:\/\/www.turistamagazine.com\/v2\/?p=5475"},"modified":"2014-06-21T09:04:38","modified_gmt":"2014-06-21T14:04:38","slug":"peru-jovenes-de-beca-18-son-los-estudiantes-mas-destacados-en-francia","status":"publish","type":"post","link":"https:\/\/www.turistamagazine.com\/v2\/?p=5475","title":{"rendered":"PERU: J\u00d3VENES DE BECA 18 SON LOS ESTUDIANTES M\u00c1S DESTACADOS EN FRANCIA"},"content":{"rendered":"<p>Lima.-Los j\u00f3venes beneficiarios del programa Beca 18 son los estudiantes extranjeros que m\u00e1s destacan en Francia, donde reciben educaci\u00f3n en diferentes universidades desde 2013, sostuvo el embajador franc\u00e9s en Lima, Jean Jacques Beaussou.<\/p>\n<p>\u00abEst\u00e1n haciendo un papel muy destacado, ninguno ha regresado por falta de adaptaci\u00f3n, son de los mejores de su promoci\u00f3n, son grandes competidores entre los estudiantes franceses\u00bb, declar\u00f3 a la Agencia Andina.<\/p>\n<p>Seg\u00fan record\u00f3, los becarios peruanos no conoc\u00edan ni dominaban el idioma franc\u00e9s en enero de 2013, cuando fueron seleccionados, pero luego de la capacitaci\u00f3n recibida, se desempe\u00f1an \u00f3ptimamente en las clases.<\/p>\n<p>\u00abTodav\u00eda es un grupo\u00a0 peque\u00f1o el que ha llegado a las universidades en Francia, pero esperamos recibir 200 becarios m\u00e1s en el 2015, en el marco de las buenas relaciones y cooperaci\u00f3n que hay con Per\u00fa\u00bb, a\u00f1adi\u00f3.<\/p>\n<p>Beca 18 Internacional Francia est\u00e1 orientado a postulantes de pocos recursos econ\u00f3micos a egresados de instituciones educativas p\u00fablicas o a quienes hayan culminado hasta el segundo a\u00f1o en una universidad p\u00fablica. Ofrece la oportunidad de realizar estudios profesionales. Los postulantes deben seguir carreras afines a las que estudian en Per\u00fa y pertenecer al tercio superior. Con ello, se busca contribuir al desarrollo cient\u00edfico acad\u00e9mico, econ\u00f3mico, social y cultural de los beneficiarios.<\/p>\n<p>Tras la selecci\u00f3n de los j\u00f3venes, se les subvenciona estudios de franc\u00e9s y nivelaci\u00f3n educativa hasta por ocho meses en Per\u00fa; la aceptaci\u00f3n final de ingreso del postulante lo determina la universidad francesa.<\/p>\n<p>A la fecha, los beneficiarios de este programa proceden de \u00c1ncash, Ayacucho, Cajamarca, Cusco, Hu\u00e1nuco, Moquegua y Lima para carreras como ingenier\u00eda civil, ingenier\u00eda el\u00e9ctrica inform\u00e1tica industrial, ingenier\u00eda qu\u00edmica, entre otras.<\/p>\n<p><strong><em><span style=\"color: #000080;\">A prop\u00f3sito \u00a0le recomendamos entrar a la p\u00e1gina web \u00a0La Fiesta de la M\u00fasica y disfrute de algo diferente y gratis<\/span><\/em><\/strong> \u00a0<a href=\"http:\/\/www.fiestadelamusica.pe\">www.fiestadelamusica.pe<\/a><\/p>\n","protected":false},"excerpt":{"rendered":"<p>Lima.-Los j\u00f3venes beneficiarios del programa Beca 18 son los estudiantes extranjeros que m\u00e1s destacan en Francia, donde reciben educaci\u00f3n en diferentes universidades desde 2013, sostuvo el embajador franc\u00e9s en Lima, Jean Jacques Beaussou. \u00abEst\u00e1n haciendo un papel muy destacado, ninguno ha regresado por falta de adaptaci\u00f3n, son de los mejores de su promoci\u00f3n, son grandes competidores entre los estudiantes franceses\u00bb, declar\u00f3 a la Agencia Andina. Seg\u00fan record\u00f3, los becarios peruanos no conoc\u00edan ni dominaban el idioma franc\u00e9s en enero de 2013, cuando fueron seleccionados, pero luego de la capacitaci\u00f3n recibida, se desempe\u00f1an \u00f3ptimamente en las clases. \u00abTodav\u00eda es un grupo\u00a0&#8230;<\/p>\n","protected":false},"author":1,"featured_media":0,"comment_status":"open","ping_status":"open","sticky":false,"template":"","format":"standard","meta":{"footnotes":""},"categories":[4,82],"tags":[2029,2028,471],"class_list":["post-5475","post","type-post","status-publish","format-standard","hentry","category-breaking-news","category-nacionales","tag-beca-18-internacional-francia","tag-embajador-jean-jacques-beaussou","tag-francia"],"_links":{"self":[{"href":"https:\/\/www.turistamagazine.com\/v2\/index.php?rest_route=\/wp\/v2\/posts\/5475","targetHints":{"allow":["GET"]}}],"collection":[{"href":"https:\/\/www.turistamagazine.com\/v2\/index.php?rest_route=\/wp\/v2\/posts"}],"about":[{"href":"https:\/\/www.turistamagazine.com\/v2\/index.php?rest_route=\/wp\/v2\/types\/post"}],"author":[{"embeddable":true,"href":"https:\/\/www.turistamagazine.com\/v2\/index.php?rest_route=\/wp\/v2\/users\/1"}],"replies":[{"embeddable":true,"href":"https:\/\/www.turistamagazine.com\/v2\/index.php?rest_route=%2Fwp%2Fv2%2Fcomments&post=5475"}],"version-history":[{"count":3,"href":"https:\/\/www.turistamagazine.com\/v2\/index.php?rest_route=\/wp\/v2\/posts\/5475\/revisions"}],"predecessor-version":[{"id":5479,"href":"https:\/\/www.turistamagazine.com\/v2\/index.php?rest_route=\/wp\/v2\/posts\/5475\/revisions\/5479"}],"wp:attachment":[{"href":"https:\/\/www.turistamagazine.com\/v2\/index.php?rest_route=%2Fwp%2Fv2%2Fmedia&parent=5475"}],"wp:term":[{"taxonomy":"category","embeddable":true,"href":"https:\/\/www.turistamagazine.com\/v2\/index.php?rest_route=%2Fwp%2Fv2%2Fcategories&post=5475"},{"taxonomy":"post_tag","embeddable":true,"href":"https:\/\/www.turistamagazine.com\/v2\/index.php?rest_route=%2Fwp%2Fv2%2Ftags&post=5475"}],"curies":[{"name":"wp","href":"https:\/\/api.w.org\/{rel}","templated":true}]}}