{"id":54668,"date":"2021-12-28T11:33:46","date_gmt":"2021-12-28T16:33:46","guid":{"rendered":"https:\/\/www.turistamagazine.com\/v2\/?p=54668"},"modified":"2021-12-28T11:33:46","modified_gmt":"2021-12-28T16:33:46","slug":"bill-gates-da-esperanzas-al-turismo-la-pandemia-puede-terminar-en-2022","status":"publish","type":"post","link":"https:\/\/www.turistamagazine.com\/v2\/?p=54668","title":{"rendered":"BILL GATES DA ESPERANZAS AL TURISMO: \u201cLA PANDEMIA PUEDE TERMINAR EN 2022\u201d"},"content":{"rendered":"<p style=\"text-align: center;\"><strong><em><span style=\"color: #800080;\">En 2015, cuatro a\u00f1os antes del estallido de la crisis sanitaria, Bill Gates advirti\u00f3 de la posibilidad de que surgiera un virus que podr\u00eda suponer un antes y un despu\u00e9s para la humanidad. Incluso vaticin\u00f3 que su propagaci\u00f3n podr\u00eda acelerarse debido a que \u201clos transmisores no se sienten mal y pueden viajar en avi\u00f3n o ir al mercado\u201d.<\/span><\/em><\/strong><\/p>\n<p style=\"text-align: justify;\"><span style=\"color: #333399;\"><em><strong>28\/12\/2022\/EE.UU.-Bill Gates lanza otra de sus ya c\u00e9lebres predicciones. El fundador de Microsoft pone fecha al posible final de la ola provocada por \u00d3micron, as\u00ed como de la pandemia \u201cSi hay buenas noticias aqu\u00ed, es que \u00d3micron se mueve tan r\u00e1pido que una vez que se vuelve dominante en un pa\u00eds, la ola deber\u00eda durar menos de tres meses. Esos pocos meses podr\u00edan ser malos, pero sigo creyendo que, si tomamos las medidas adecuadas, la pandemia puede terminar en 2022\u201d, predice<\/strong><\/em><\/span><\/p>\n<p style=\"text-align: justify;\"><span style=\"color: #800080;\"><em><strong>No obstante, advierte de los riesgos de la nueva variante. En varios mensajes difundidos a trav\u00e9s de Twitter, reconoce que su llegada se ha producido \u201cjusto cuando parec\u00eda que la vida volver\u00eda a la normalidad\u201d. \u201c\u00d3micron llegar\u00e1 a casa de todos nosotros. Mis amigos cercanos ahora lo tienen y he cancelado la mayor\u00eda de mis planes de vacaciones. Se est\u00e1 propagando m\u00e1s r\u00e1pido que cualquier virus de la historia. Pronto estar\u00e1 en todos los pa\u00edses del mundo\u201d, relata.<\/strong><\/em><\/span><\/p>\n<p style=\"text-align: justify;\"><span style=\"color: #333399;\"><em><strong>El magnate estadounidense aconseja \u201ctomar en serio\u201d a \u00d3micron \u201chasta que sepamos m\u00e1s al respecto\u201d. \u201cIncluso si es solo la mitad de severo que el Delta, ser\u00e1 el peor aumento que hemos visto hasta ahora porque es muy infeccioso\u201d.<\/strong><\/em><\/span><\/p>\n<p style=\"text-align: justify;\"><span style=\"color: #800080;\"><em><strong>Su recomendaci\u00f3n consiste en \u201cusar mascarillas, evitar las grandes reuniones en interiores y vacunarse\u201d. \u201cObtener un refuerzo brinda la mejor protecci\u00f3n\u201d, insiste.<\/strong><\/em><\/span><\/p>\n<p style=\"text-align: justify;\"><span style=\"color: #333399;\"><em><strong>\u201cS\u00e9 que resulta frustrante entrar en otra temporada navide\u00f1a con el Covid amenaz\u00e1ndonos. Pero no ser\u00e1 as\u00ed para siempre. Alg\u00fan d\u00eda la pandemia terminar\u00e1 y cuanto mejor nos cuidemos, m\u00e1s pronto llegar\u00e1 ese momento\u201d, sentencia.<\/strong><\/em><\/span><\/p>\n<p style=\"text-align: justify;\"><span style=\"color: #800080;\"><em><strong>La baja tasa de hospitalizaciones gracias a la vacunaci\u00f3n ha sido la clave<\/strong><\/em><\/span><\/p>\n","protected":false},"excerpt":{"rendered":"<p>En 2015, cuatro a\u00f1os antes del estallido de la crisis sanitaria, Bill Gates advirti\u00f3 de la posibilidad de que surgiera un virus que podr\u00eda suponer un antes y un despu\u00e9s para la humanidad. Incluso vaticin\u00f3 que su propagaci\u00f3n podr\u00eda acelerarse debido a que \u201clos transmisores no se sienten mal y pueden viajar en avi\u00f3n o ir al mercado\u201d. 28\/12\/2022\/EE.UU.-Bill Gates lanza otra de sus ya c\u00e9lebres predicciones. El fundador de Microsoft pone fecha al posible final de la ola provocada por \u00d3micron, as\u00ed como de la pandemia \u201cSi hay buenas noticias aqu\u00ed, es que \u00d3micron se mueve tan r\u00e1pido que&#8230;<\/p>\n","protected":false},"author":1,"featured_media":54389,"comment_status":"open","ping_status":"open","sticky":false,"template":"","format":"standard","meta":{"footnotes":""},"categories":[4,84],"tags":[10502,11634,10219,10556],"class_list":["post-54668","post","type-post","status-publish","format-standard","has-post-thumbnail","hentry","category-breaking-news","category-internacionales","tag-billgates","tag-omicron","tag-semanarioturistamagazine","tag-turismagazine"],"_links":{"self":[{"href":"https:\/\/www.turistamagazine.com\/v2\/index.php?rest_route=\/wp\/v2\/posts\/54668","targetHints":{"allow":["GET"]}}],"collection":[{"href":"https:\/\/www.turistamagazine.com\/v2\/index.php?rest_route=\/wp\/v2\/posts"}],"about":[{"href":"https:\/\/www.turistamagazine.com\/v2\/index.php?rest_route=\/wp\/v2\/types\/post"}],"author":[{"embeddable":true,"href":"https:\/\/www.turistamagazine.com\/v2\/index.php?rest_route=\/wp\/v2\/users\/1"}],"replies":[{"embeddable":true,"href":"https:\/\/www.turistamagazine.com\/v2\/index.php?rest_route=%2Fwp%2Fv2%2Fcomments&post=54668"}],"version-history":[{"count":1,"href":"https:\/\/www.turistamagazine.com\/v2\/index.php?rest_route=\/wp\/v2\/posts\/54668\/revisions"}],"predecessor-version":[{"id":54669,"href":"https:\/\/www.turistamagazine.com\/v2\/index.php?rest_route=\/wp\/v2\/posts\/54668\/revisions\/54669"}],"wp:featuredmedia":[{"embeddable":true,"href":"https:\/\/www.turistamagazine.com\/v2\/index.php?rest_route=\/wp\/v2\/media\/54389"}],"wp:attachment":[{"href":"https:\/\/www.turistamagazine.com\/v2\/index.php?rest_route=%2Fwp%2Fv2%2Fmedia&parent=54668"}],"wp:term":[{"taxonomy":"category","embeddable":true,"href":"https:\/\/www.turistamagazine.com\/v2\/index.php?rest_route=%2Fwp%2Fv2%2Fcategories&post=54668"},{"taxonomy":"post_tag","embeddable":true,"href":"https:\/\/www.turistamagazine.com\/v2\/index.php?rest_route=%2Fwp%2Fv2%2Ftags&post=54668"}],"curies":[{"name":"wp","href":"https:\/\/api.w.org\/{rel}","templated":true}]}}