{"id":54635,"date":"2021-12-24T10:57:11","date_gmt":"2021-12-24T15:57:11","guid":{"rendered":"https:\/\/www.turistamagazine.com\/v2\/?p=54635"},"modified":"2021-12-24T10:57:11","modified_gmt":"2021-12-24T15:57:11","slug":"solo-270-dias-tiene-validez-el-pasaporte-covid-europeo","status":"publish","type":"post","link":"https:\/\/www.turistamagazine.com\/v2\/?p=54635","title":{"rendered":"SOLO 270 DIAS TIENE VALIDEZ EL PASAPORTE COVID EUROPEO"},"content":{"rendered":"<p style=\"text-align: center;\"><span style=\"color: #800080;\"><em><strong>Ha sido ha sido destacado desde fuentes de la Comisi\u00f3n Europea.<\/strong><\/em><\/span><\/p>\n<p style=\"text-align: justify;\"><span style=\"color: #333399;\"><em><strong>24\/12\/2021\/UE.- La Comisi\u00f3n Europea ha adoptado diversas normas relativas al certificado digital anti Covid, por lo que se ha establecido un per\u00edodo vinculante de nueve meses, un total de 270 d\u00edas.<\/strong><\/em><\/span><\/p>\n<p style=\"text-align: justify;\"><span style=\"color: #800080;\"><em><strong>\u2018Un per\u00edodo de aceptaci\u00f3n claro y uniforme para los certificados de vacunaci\u00f3n garantizar\u00e1 que las medidas de viaje contin\u00faen siendo coordinadas, tal como lo solicit\u00f3 el Consejo Europeo luego de su \u00faltima reuni\u00f3n el 16 de diciembre.<\/strong><\/em><\/span><\/p>\n<p style=\"text-align: justify;\"><span style=\"color: #333399;\"><em><strong>Con todo, las nuevas reglas garantizar\u00e1n que \u2018las restricciones se basen en evidencias cient\u00edficas disponibles\u2019, se\u00f1alaron fuentes comunitarias.<\/strong><\/em><\/span><\/p>\n<p style=\"text-align: justify;\"><span style=\"color: #800080;\"><em><strong>Al parecer, ya se han emitido 807 millones de certificados digitales Covid-19 de la Uni\u00f3n Europea y hasta 60 pa\u00edses y territorios de los cinco continentes se han sumado al sistema.<\/strong><\/em><\/span><\/p>\n<p style=\"text-align: justify;\"><span style=\"color: #333399;\"><em><strong>Desde la Comisi\u00f3n se destaca que \u2018el Certificado seguir\u00e1 siendo v\u00e1lido por un per\u00edodo de gracia adicional de tres meses, adem\u00e1s de los seis meses antes mencionados, con el fin de garantizar la adecuaci\u00f3n de las campa\u00f1as nacionales de vacunaci\u00f3n y el acceso de los ciudadanos a dosis de refuerzo\u2019.<\/strong><\/em><\/span><\/p>\n<p>F\/El Expreso<\/p>\n","protected":false},"excerpt":{"rendered":"<p>Ha sido ha sido destacado desde fuentes de la Comisi\u00f3n Europea. 24\/12\/2021\/UE.- La Comisi\u00f3n Europea ha adoptado diversas normas relativas al certificado digital anti Covid, por lo que se ha establecido un per\u00edodo vinculante de nueve meses, un total de 270 d\u00edas. \u2018Un per\u00edodo de aceptaci\u00f3n claro y uniforme para los certificados de vacunaci\u00f3n garantizar\u00e1 que las medidas de viaje contin\u00faen siendo coordinadas, tal como lo solicit\u00f3 el Consejo Europeo luego de su \u00faltima reuni\u00f3n el 16 de diciembre. Con todo, las nuevas reglas garantizar\u00e1n que \u2018las restricciones se basen en evidencias cient\u00edficas disponibles\u2019, se\u00f1alaron fuentes comunitarias. Al parecer, ya&#8230;<\/p>\n","protected":false},"author":1,"featured_media":50465,"comment_status":"open","ping_status":"open","sticky":false,"template":"","format":"standard","meta":{"footnotes":""},"categories":[4,84],"tags":[11697,10219,10556],"class_list":["post-54635","post","type-post","status-publish","format-standard","has-post-thumbnail","hentry","category-breaking-news","category-internacionales","tag-270diasvalidezdelpasaportecovideneuropa","tag-semanarioturistamagazine","tag-turismagazine"],"_links":{"self":[{"href":"https:\/\/www.turistamagazine.com\/v2\/index.php?rest_route=\/wp\/v2\/posts\/54635","targetHints":{"allow":["GET"]}}],"collection":[{"href":"https:\/\/www.turistamagazine.com\/v2\/index.php?rest_route=\/wp\/v2\/posts"}],"about":[{"href":"https:\/\/www.turistamagazine.com\/v2\/index.php?rest_route=\/wp\/v2\/types\/post"}],"author":[{"embeddable":true,"href":"https:\/\/www.turistamagazine.com\/v2\/index.php?rest_route=\/wp\/v2\/users\/1"}],"replies":[{"embeddable":true,"href":"https:\/\/www.turistamagazine.com\/v2\/index.php?rest_route=%2Fwp%2Fv2%2Fcomments&post=54635"}],"version-history":[{"count":1,"href":"https:\/\/www.turistamagazine.com\/v2\/index.php?rest_route=\/wp\/v2\/posts\/54635\/revisions"}],"predecessor-version":[{"id":54636,"href":"https:\/\/www.turistamagazine.com\/v2\/index.php?rest_route=\/wp\/v2\/posts\/54635\/revisions\/54636"}],"wp:featuredmedia":[{"embeddable":true,"href":"https:\/\/www.turistamagazine.com\/v2\/index.php?rest_route=\/wp\/v2\/media\/50465"}],"wp:attachment":[{"href":"https:\/\/www.turistamagazine.com\/v2\/index.php?rest_route=%2Fwp%2Fv2%2Fmedia&parent=54635"}],"wp:term":[{"taxonomy":"category","embeddable":true,"href":"https:\/\/www.turistamagazine.com\/v2\/index.php?rest_route=%2Fwp%2Fv2%2Fcategories&post=54635"},{"taxonomy":"post_tag","embeddable":true,"href":"https:\/\/www.turistamagazine.com\/v2\/index.php?rest_route=%2Fwp%2Fv2%2Ftags&post=54635"}],"curies":[{"name":"wp","href":"https:\/\/api.w.org\/{rel}","templated":true}]}}