{"id":54610,"date":"2021-12-23T11:30:33","date_gmt":"2021-12-23T16:30:33","guid":{"rendered":"https:\/\/www.turistamagazine.com\/v2\/?p=54610"},"modified":"2021-12-23T11:30:33","modified_gmt":"2021-12-23T16:30:33","slug":"la-plaza-de-toros-de-uruguay-renacio-esplendorosa","status":"publish","type":"post","link":"https:\/\/www.turistamagazine.com\/v2\/?p=54610","title":{"rendered":"\u00a1LA PLAZA DE TOROS DE URUGUAY RENACI\u00d3 ESPLENDOROSA!"},"content":{"rendered":"<p style=\"text-align: center;\"><em><strong><span style=\"color: #333399;\">Plaza de Toros del Real de San Carlos, en la ciudad de Colonia del Sacramento, Uruguay.<\/span><\/strong><\/em><\/p>\n<p><strong>Por Mar\u00eda Shaw*<\/strong><\/p>\n<p style=\"text-align: justify;\"><span style=\"color: #333399;\"><em><strong><a href=\"https:\/\/www.turistamagazine.com\/v2\/wp-content\/uploads\/2019\/01\/MARIA-SHAW-189KB.jpg\"><img decoding=\"async\" class=\"size-full wp-image-38748 alignleft\" src=\"https:\/\/www.turistamagazine.com\/v2\/wp-content\/uploads\/2019\/01\/MARIA-SHAW-189KB.jpg\" alt=\"\" width=\"144\" height=\"160\" \/><\/a>En Uruguay las corridas de toros fueron prohibidas en 1912. En Colonia del Sacramento, ciudad ubicada al suroeste del pa\u00eds, cuyo Barrio Hist\u00f3rico es Patrimonio de la Humanidad por la UNESCO desde 1995, se acaba de reinaugurar la maravillosa Plaza de Toros del Real de San Carlos.<\/strong><\/em><\/span><\/p>\n<p style=\"text-align: justify;\"><span style=\"color: #333399;\"><em><strong>111 a\u00f1os despu\u00e9s, el emblem\u00e1tico edificio estilo mud\u00e9jar volvi\u00f3 a vivir y a lucirse en una fiesta muy distinta a las de su primera \u00e9poca. Es que el 9 de enero 1910, en una calurosa tarde, la Plaza se inaugur\u00f3 con dos famosos diestros espa\u00f1oles: los hermanos Torres. En total, en ese ruedo, se celebraron tres temporadas taurinas, con 32 corridas oficiales, en las que nunca se mat\u00f3 un toro ni se lastim\u00f3 un torero.<\/strong><\/em><\/span><\/p>\n<p style=\"text-align: justify;\"><span style=\"color: #333399;\"><em><strong>A ra\u00edz de la prohibici\u00f3n, la hermosa construcci\u00f3n pas\u00f3 por un largo per\u00edodo de decadencia, pero nunca perdi\u00f3 su encanto. De alguna manera, esa vieja se\u00f1ora coquete\u00f3 con varios proyectos que no llegaron a cristalizarse, hasta que hace dos a\u00f1os, su estructura se llen\u00f3 de sonidos, de trabajadores que llegaron para salvarla, lavarle la cara, -con paciencia y delicadeza-, restaurarla, refrescarla, maquillarla y dejarla m\u00e1s bonita que antes.<\/strong><\/em><\/span><\/p>\n<div id=\"attachment_54612\" style=\"width: 640px\" class=\"wp-caption aligncenter\"><a href=\"https:\/\/www.turistamagazine.com\/v2\/wp-content\/uploads\/2021\/12\/REAL-4-CORTE-DE-CINTA.jpg\"><img decoding=\"async\" aria-describedby=\"caption-attachment-54612\" class=\"wp-image-54612\" src=\"https:\/\/www.turistamagazine.com\/v2\/wp-content\/uploads\/2021\/12\/REAL-4-CORTE-DE-CINTA.jpg\" alt=\"\" width=\"630\" height=\"443\" srcset=\"https:\/\/www.turistamagazine.com\/v2\/wp-content\/uploads\/2021\/12\/REAL-4-CORTE-DE-CINTA.jpg 800w, https:\/\/www.turistamagazine.com\/v2\/wp-content\/uploads\/2021\/12\/REAL-4-CORTE-DE-CINTA-300x211.jpg 300w, https:\/\/www.turistamagazine.com\/v2\/wp-content\/uploads\/2021\/12\/REAL-4-CORTE-DE-CINTA-768x540.jpg 768w, https:\/\/www.turistamagazine.com\/v2\/wp-content\/uploads\/2021\/12\/REAL-4-CORTE-DE-CINTA-598x420.jpg 598w\" sizes=\"(max-width: 630px) 100vw, 630px\" \/><\/a><p id=\"caption-attachment-54612\" class=\"wp-caption-text\"><span style=\"color: #333399;\"><em><strong>En el Corte de cinta: Ministro de Turismo Tabar\u00e9 Viera; intendente de Colonia Carlos Moreira; presidente de Uruguay Luis Lacalle Pou; Dir. de Planeamiento y Patrimonio de la Int. de Colonia Arq. Walter Debenedetti; director de la Oficina de Planeamiento y Presupuesto Isaac Alfie<\/strong><\/em><\/span><\/p><\/div>\n<p style=\"text-align: justify;\"><span style=\"color: #333399;\"><em><strong>Ella tiene sus pregoneros, que han estado anunciando sus renovados encantos, sus nuevas funcionalidades art\u00edsticas, culturales y tur\u00edsticas, su transformaci\u00f3n en un innovador centro de espect\u00e1culos, exposiciones y deportes; que pronto la van a convertir en un \u00edcono y volver\u00e1 a ser una gran atracci\u00f3n tur\u00edstica para Colonia y para Uruguay. Y en un patrimonio regional, ya que ella es \u00fanica en el sur de Am\u00e9rica. \u00a0\u00a0\u00a0<\/strong><\/em><\/span><\/p>\n<p style=\"text-align: justify;\"><span style=\"color: #333399;\"><em><strong>Este nuevo debut amerit\u00f3 una fiesta de tres d\u00edas. Entonces, la nochecita del 9 de diciembre, llegaron a homenajearla el presidente de la Rep\u00fablica, Luis Lacalle Pou y la primera dama; el intendente (gobernador) de Colonia, Carlos Moreira recibi\u00f3 a ministros, otras autoridades nacionales, departamentales, municipales, civiles, militares y policiales, empresarios, operadores tur\u00edsticos, invitados especiales, representantes de medios de comunicaci\u00f3n -entre ellos esta corresponsal- y vecinos del departamento. La bella Plaza de Toros atrajo todas las miradas, ya que luc\u00eda espl\u00e9ndida con una iluminaci\u00f3n que resaltaba su dise\u00f1o arquitect\u00f3nico. \u00a0<\/strong><\/em><\/span><\/p>\n<p style=\"text-align: justify;\"><span style=\"color: #333399;\"><em><strong>La celebraci\u00f3n central fue el marco ideal para que el Ministerio de Turismo realizara el lanzamiento de la temporada tur\u00edstica 2021-2022, sumando a ese gran evento de relevancia nacional e internacional, que puso a Colonia y a Uruguay en primer plano a nivel mundial.<\/strong><\/em><\/span><\/p>\n<div id=\"attachment_54613\" style=\"width: 640px\" class=\"wp-caption aligncenter\"><a href=\"https:\/\/www.turistamagazine.com\/v2\/wp-content\/uploads\/2021\/12\/REAL-7-CORO-F-MT.jpeg\"><img decoding=\"async\" aria-describedby=\"caption-attachment-54613\" class=\"wp-image-54613\" src=\"https:\/\/www.turistamagazine.com\/v2\/wp-content\/uploads\/2021\/12\/REAL-7-CORO-F-MT.jpeg\" alt=\"\" width=\"630\" height=\"420\" srcset=\"https:\/\/www.turistamagazine.com\/v2\/wp-content\/uploads\/2021\/12\/REAL-7-CORO-F-MT.jpeg 945w, https:\/\/www.turistamagazine.com\/v2\/wp-content\/uploads\/2021\/12\/REAL-7-CORO-F-MT-300x200.jpeg 300w, https:\/\/www.turistamagazine.com\/v2\/wp-content\/uploads\/2021\/12\/REAL-7-CORO-F-MT-768x512.jpeg 768w, https:\/\/www.turistamagazine.com\/v2\/wp-content\/uploads\/2021\/12\/REAL-7-CORO-F-MT-630x420.jpeg 630w, https:\/\/www.turistamagazine.com\/v2\/wp-content\/uploads\/2021\/12\/REAL-7-CORO-F-MT-610x407.jpeg 610w\" sizes=\"(max-width: 630px) 100vw, 630px\" \/><\/a><p id=\"caption-attachment-54613\" class=\"wp-caption-text\">Coro de 111 voces.<\/p><\/div>\n<p style=\"text-align: justify;\"><span style=\"color: #333399;\"><em><strong>\u2018Las arenas despiertan\u2019 se denomin\u00f3 el espect\u00e1culo especialmente dise\u00f1ado para la ocasi\u00f3n, que reuni\u00f3 a m\u00e1s de 300 artistas locales en escena. El mismo fue creado, producido y realizado por la Direcci\u00f3n de Cultura de la Intendencia de Colonia. En el show multidisciplinario, intervinieron actores, m\u00fasicos, bailarines, coreutas y tamborileros, que se lucieron en una puesta en escena que fue desde lo espa\u00f1ol a lo rioplatense, desde el pasodoble al tango, culminando con el \u2018Candombe para Gardel\u2019.<\/strong><\/em><\/span><\/p>\n<p style=\"text-align: justify;\"><span style=\"color: #333399;\"><em><strong>Sin duda el gran responsable de la salvaci\u00f3n y el renacimiento de esta obra monumental es el intendente del departamento Colonia, Carlos Moreira, quien est\u00e1 cumpliendo con un anhelo de muchos a\u00f1os de la sociedad coloniense. \u201cEsta obra es la m\u00e1s grande y m\u00e1s costosa que he asumido\u201d, inform\u00f3, ya que la misma tuvo un valor de unos 8,5 millones de d\u00f3lares.<\/strong><\/em><\/span><\/p>\n<p style=\"text-align: justify;\"><span style=\"color: #333399;\"><em><strong>Muchas personas se involucraron en ese sue\u00f1o que hoy es una hermosa realidad; es justo mencionar al arquitecto Walter Debenedetti, director de Planeamiento y Patrimonio de la Intendencia de Colonia, quien se enamor\u00f3 de la dama, y de ese amor renaci\u00f3 la Plaza que ahora luce en todo su esplendor. Hace un a\u00f1o, tuve la oportunidad de visitar el obrador -guiada por el propio Debenedetti-y me hab\u00eda maravillado\u2026 hoy la encontr\u00e9 majestuosa, luminosa, m\u00e1gica; una nueva joya en un antiguo estuche.<\/strong><\/em><\/span><\/p>\n<div id=\"attachment_54614\" style=\"width: 640px\" class=\"wp-caption aligncenter\"><a href=\"https:\/\/www.turistamagazine.com\/v2\/wp-content\/uploads\/2021\/12\/REAL-18-COCTEL-MS-C-AUT.jpg\"><img decoding=\"async\" aria-describedby=\"caption-attachment-54614\" class=\"wp-image-54614\" src=\"https:\/\/www.turistamagazine.com\/v2\/wp-content\/uploads\/2021\/12\/REAL-18-COCTEL-MS-C-AUT.jpg\" alt=\"\" width=\"630\" height=\"590\" srcset=\"https:\/\/www.turistamagazine.com\/v2\/wp-content\/uploads\/2021\/12\/REAL-18-COCTEL-MS-C-AUT.jpg 714w, https:\/\/www.turistamagazine.com\/v2\/wp-content\/uploads\/2021\/12\/REAL-18-COCTEL-MS-C-AUT-300x281.jpg 300w, https:\/\/www.turistamagazine.com\/v2\/wp-content\/uploads\/2021\/12\/REAL-18-COCTEL-MS-C-AUT-448x420.jpg 448w, https:\/\/www.turistamagazine.com\/v2\/wp-content\/uploads\/2021\/12\/REAL-18-COCTEL-MS-C-AUT-48x44.jpg 48w\" sizes=\"(max-width: 630px) 100vw, 630px\" \/><\/a><p id=\"caption-attachment-54614\" class=\"wp-caption-text\"><em><b>\u00a0<span style=\"color: #333399;\">En el C\u00f3ctel de celebraci\u00f3n Carlos Moreira, intendente de Colonia; Mar\u00eda Shaw, Pte. de CIPETUR; Pablo Iturralde, Pte. del Partido Nacional; Ignacio Curbelo, director general del MINTUR; Roque Baudean, director nacional de Turismo. <\/span><\/b><\/em><\/p><\/div>\n<p style=\"text-align: justify;\"><span style=\"color: #800080;\"><em><strong>\u00a1Y Colonia fue una fiesta!\u00a0<\/strong><\/em><\/span><\/p>\n<p style=\"text-align: justify;\"><span style=\"color: #333399;\"><em><strong>En un hito sin precedentes, los colonienses desarrollaron una fiesta de tres d\u00edas, con infinidad de actividades art\u00edsticas, culturales y tur\u00edsticas, para relanzar esta obra del departamento, para todos los uruguayos y para el mundo.<\/strong><\/em><\/span><\/p>\n<p style=\"text-align: justify;\"><span style=\"color: #333399;\"><em><strong>El viernes por la noche, en la Plaza de Toros del Real de San Carlos, se reiter\u00f3 el espect\u00e1culo art\u00edstico \u2018Las arenas despiertan\u2019 para el p\u00fablico coloniense, al que se hab\u00edan inscripto 9000 personas para un sorteo.<\/strong><\/em><\/span><\/p>\n<p style=\"text-align: justify;\"><span style=\"color: #333399;\"><em><strong>El s\u00e1bado 11, el centro de Colonia del Sacramento y su Casco Hist\u00f3rico -a 5 kil\u00f3metros de la Plaza de Toros- vibraron con espect\u00e1culos en cuatro circuitos y cinco escenarios. La variada propuesta art\u00edstica, gastron\u00f3mica y cultural, involucr\u00f3 a m\u00e1s de 1300 artistas de diversos g\u00e9neros, Los bares y restaurantes se volcaron al exterior de los locales, por lo que se dispuso una zona de exclusi\u00f3n para que el p\u00fablico circulara libremente. Las calles estaban adornadas con banderitas y luces, por lo que Colonia qued\u00f3 m\u00e1s linda a\u00fan. Por todo eso, se cumpli\u00f3 la promesa: \u00a1Colonia fue una fiesta!<\/strong><\/em><\/span><\/p>\n<div id=\"attachment_54615\" style=\"width: 640px\" class=\"wp-caption aligncenter\"><a href=\"https:\/\/www.turistamagazine.com\/v2\/wp-content\/uploads\/2021\/12\/REAL-26-CUERDA-TAMBORES-.jpg\"><img decoding=\"async\" aria-describedby=\"caption-attachment-54615\" class=\"wp-image-54615\" src=\"https:\/\/www.turistamagazine.com\/v2\/wp-content\/uploads\/2021\/12\/REAL-26-CUERDA-TAMBORES-.jpg\" alt=\"\" width=\"630\" height=\"353\" srcset=\"https:\/\/www.turistamagazine.com\/v2\/wp-content\/uploads\/2021\/12\/REAL-26-CUERDA-TAMBORES-.jpg 683w, https:\/\/www.turistamagazine.com\/v2\/wp-content\/uploads\/2021\/12\/REAL-26-CUERDA-TAMBORES--300x168.jpg 300w, https:\/\/www.turistamagazine.com\/v2\/wp-content\/uploads\/2021\/12\/REAL-26-CUERDA-TAMBORES--480x270.jpg 480w, https:\/\/www.turistamagazine.com\/v2\/wp-content\/uploads\/2021\/12\/REAL-26-CUERDA-TAMBORES--610x342.jpg 610w\" sizes=\"(max-width: 630px) 100vw, 630px\" \/><\/a><p id=\"caption-attachment-54615\" class=\"wp-caption-text\"><em><strong><span style=\"color: #333399;\">Cuerda de tambores por las calles del Barrio Hist\u00f3rico de Colonia del Sacramento.<\/span><\/strong><\/em><\/p><\/div>\n<p style=\"text-align: justify;\"><span style=\"color: #333399;\"><em><strong>*Representante para Turistamagazine en Uruguay<\/strong><\/em><\/span><\/p>\n","protected":false},"excerpt":{"rendered":"<p>Plaza de Toros del Real de San Carlos, en la ciudad de Colonia del Sacramento, Uruguay. Por Mar\u00eda Shaw* En Uruguay las corridas de toros fueron prohibidas en 1912. En Colonia del Sacramento, ciudad ubicada al suroeste del pa\u00eds, cuyo Barrio Hist\u00f3rico es Patrimonio de la Humanidad por la UNESCO desde 1995, se acaba de reinaugurar la maravillosa Plaza de Toros del Real de San Carlos. 111 a\u00f1os despu\u00e9s, el emblem\u00e1tico edificio estilo mud\u00e9jar volvi\u00f3 a vivir y a lucirse en una fiesta muy distinta a las de su primera \u00e9poca. Es que el 9 de enero 1910, en una&#8230;<\/p>\n","protected":false},"author":1,"featured_media":54611,"comment_status":"open","ping_status":"open","sticky":false,"template":"","format":"standard","meta":{"footnotes":""},"categories":[86],"tags":[11691,11464,11692,10219,10556],"class_list":["post-54610","post","type-post","status-publish","format-standard","has-post-thumbnail","hentry","category-destinos","tag-coloniadesacramento","tag-mariashaw","tag-plazadetorosdeuruguay","tag-semanarioturistamagazine","tag-turismagazine"],"_links":{"self":[{"href":"https:\/\/www.turistamagazine.com\/v2\/index.php?rest_route=\/wp\/v2\/posts\/54610","targetHints":{"allow":["GET"]}}],"collection":[{"href":"https:\/\/www.turistamagazine.com\/v2\/index.php?rest_route=\/wp\/v2\/posts"}],"about":[{"href":"https:\/\/www.turistamagazine.com\/v2\/index.php?rest_route=\/wp\/v2\/types\/post"}],"author":[{"embeddable":true,"href":"https:\/\/www.turistamagazine.com\/v2\/index.php?rest_route=\/wp\/v2\/users\/1"}],"replies":[{"embeddable":true,"href":"https:\/\/www.turistamagazine.com\/v2\/index.php?rest_route=%2Fwp%2Fv2%2Fcomments&post=54610"}],"version-history":[{"count":2,"href":"https:\/\/www.turistamagazine.com\/v2\/index.php?rest_route=\/wp\/v2\/posts\/54610\/revisions"}],"predecessor-version":[{"id":54617,"href":"https:\/\/www.turistamagazine.com\/v2\/index.php?rest_route=\/wp\/v2\/posts\/54610\/revisions\/54617"}],"wp:featuredmedia":[{"embeddable":true,"href":"https:\/\/www.turistamagazine.com\/v2\/index.php?rest_route=\/wp\/v2\/media\/54611"}],"wp:attachment":[{"href":"https:\/\/www.turistamagazine.com\/v2\/index.php?rest_route=%2Fwp%2Fv2%2Fmedia&parent=54610"}],"wp:term":[{"taxonomy":"category","embeddable":true,"href":"https:\/\/www.turistamagazine.com\/v2\/index.php?rest_route=%2Fwp%2Fv2%2Fcategories&post=54610"},{"taxonomy":"post_tag","embeddable":true,"href":"https:\/\/www.turistamagazine.com\/v2\/index.php?rest_route=%2Fwp%2Fv2%2Ftags&post=54610"}],"curies":[{"name":"wp","href":"https:\/\/api.w.org\/{rel}","templated":true}]}}