{"id":54556,"date":"2021-12-19T09:41:17","date_gmt":"2021-12-19T14:41:17","guid":{"rendered":"https:\/\/www.turistamagazine.com\/v2\/?p=54556"},"modified":"2021-12-19T09:41:32","modified_gmt":"2021-12-19T14:41:32","slug":"maria-shaw-vicepresidente-del-forum-iberoamericano-de-periodistas-de-turismo","status":"publish","type":"post","link":"https:\/\/www.turistamagazine.com\/v2\/?p=54556","title":{"rendered":"MAR\u00cdA SHAW *VICEPRESIDENTE DEL F\u00d3RUM IBEROAMERICANO DE PERIODISTAS DE TURISMO"},"content":{"rendered":"<p style=\"text-align: justify;\"><span style=\"color: #333399;\"><em><strong>19\/12\/2021\/Uruguay.- <span style=\"color: #800080;\">El F\u00f3rum Iberoamericano de Periodistas de Turismo (FIPETUR) nombr\u00f3 a la periodista Mar\u00eda Shaw como primera vicepresidente. Ella preside el C\u00edrculo de Periodistas de Turismo de Uruguay (CIPETUR) desde octubre de 2021. Fue secretaria general del Forum desde sus inicios en 2010, por lo que como presidente delegada de su pa\u00eds, en diciembre del presente a\u00f1o, accedi\u00f3 a este cargo tan relevante.<\/span><\/strong><\/em><\/span><\/p>\n<p style=\"text-align: justify;\"><span style=\"color: #333399;\"><em><strong>El Consejo Directivo del FIPETUR, entonces, qued\u00f3 integrado por: Presidente: Luis Jos\u00e9 Ch\u00e1vez (Director de ADOMPRETUR, Rep\u00fablica Dominicana); Vicepresidente: Mar\u00eda Shaw (Presidente de CIPETUR, Uruguay); Vicepresidente de Relaciones Internacionales: Dalma D\u00edaz Pinto (Presidente de APTUR, Chile).<\/strong><\/em><\/span><\/p>\n<p style=\"text-align: justify;\"><span style=\"color: #800080;\"><em><strong>Directores: Evandro Novak, presidente de la Asociaci\u00f3n Brasile\u00f1a de Periodistas de Turismo (ABRAJET); Yenny Polanco Lovera, presidente de la Asociaci\u00f3n Dominicana de Prensa Tur\u00edstica (ADOMPRETUR); Jorge Amonzabel, presidente del C\u00edrculo de Periodistas de Turismo de Bolivia (CIPTURBOL); Mariano Palac\u00edn, presidente de la Federaci\u00f3n Espa\u00f1ola\u00a0de Periodistas y Escritores de Turismo (FEPET). Secretario general: Jos\u00e9 Rafael Paula Sosa (ADOMPRETUR). Directora de Comunicaci\u00f3n: Paola Fern\u00e1ndez (APTUR Chile). Consejero: Roque Baudean (CIPETUR, Uruguay).<\/strong><\/em><\/span><\/p>\n<p style=\"text-align: justify;\"><span style=\"color: #800080;\"><em><strong>*Vinculada a Turista Magazine<\/strong><\/em><\/span><\/p>\n<p style=\"text-align: justify;\"><span style=\"color: #333399;\"><em><strong>Es una periodista con larga trayectoria en su pa\u00eds. Desde muy joven se volc\u00f3 al periodismo, colaborando en diversos medios de prensa escrita, radial, televisiva, as\u00ed como en portales de turismo. Hace 15 a\u00f1os que produce y conduce Azul &amp; Verde, micro noticiero de turismo por Carve 850 AM. Es columnista de Cipetur.com, de varios medios de su pa\u00eds y corresponsal de prestigiosos medios de comunicaci\u00f3n de Argentina, Brasil, Ecuador, Espa\u00f1a y Per\u00fa. <span style=\"color: #800080;\">Colabora habitualmente con<\/span> <a href=\"http:\/\/www.semanarioturistamagazine.blogspot.com\">www.semanarioturistamagazine.blogspot.com<\/a><\/strong><\/em><\/span><\/p>\n<p style=\"text-align: justify;\"><span style=\"color: #333399;\"><em><strong>A lo largo de su carrera le han otorgado 14 premios y distinciones por parte de instituciones p\u00fablicas y privadas, nacionales y extranjeras. Recientemente fue reconocida como la periodista tur\u00edstica m\u00e1s influyente de 2021 en Uruguay, por parte de la OMPT. \u00a0<\/strong><\/em><\/span><\/p>\n<p><a href=\"https:\/\/www.turistamagazine.com\/v2\/wp-content\/uploads\/2021\/10\/MARIA-SHAW-oct-2021-F-Leonardo-Correa.jpg\"><img decoding=\"async\" class=\"wp-image-53440 aligncenter\" src=\"https:\/\/www.turistamagazine.com\/v2\/wp-content\/uploads\/2021\/10\/MARIA-SHAW-oct-2021-F-Leonardo-Correa.jpg\" alt=\"\" width=\"630\" height=\"421\" srcset=\"https:\/\/www.turistamagazine.com\/v2\/wp-content\/uploads\/2021\/10\/MARIA-SHAW-oct-2021-F-Leonardo-Correa.jpg 800w, https:\/\/www.turistamagazine.com\/v2\/wp-content\/uploads\/2021\/10\/MARIA-SHAW-oct-2021-F-Leonardo-Correa-300x200.jpg 300w, https:\/\/www.turistamagazine.com\/v2\/wp-content\/uploads\/2021\/10\/MARIA-SHAW-oct-2021-F-Leonardo-Correa-768x513.jpg 768w, https:\/\/www.turistamagazine.com\/v2\/wp-content\/uploads\/2021\/10\/MARIA-SHAW-oct-2021-F-Leonardo-Correa-629x420.jpg 629w, https:\/\/www.turistamagazine.com\/v2\/wp-content\/uploads\/2021\/10\/MARIA-SHAW-oct-2021-F-Leonardo-Correa-610x407.jpg 610w\" sizes=\"(max-width: 630px) 100vw, 630px\" \/><\/a><\/p>\n<p style=\"text-align: justify;\"><span style=\"color: #800080;\"><em><strong>Mar\u00eda Shaw en ASICOTUR<\/strong><\/em><\/span><\/p>\n<p style=\"text-align: justify;\"><span style=\"color: #333399;\"><em><strong>Ha sido nombrada delegada por Uruguay en la Asociaci\u00f3n Internacional para la Cooperaci\u00f3n Tur\u00edstica. En octubre de 2021 se integr\u00f3 a ASICOTUR como la asociada n\u00famero 71 de la entidad que re\u00fane a prestigiosos representantes m\u00e1s de 30 pa\u00edses de lengua espa\u00f1ola y portuguesa. Recientemente, en el marco de la Feria Internacional de Turismo -FIT- celebrada en Buenos Aires a principios de diciembre, fue panelista de una mesa redonda organizada por ASICOTUR, sobre turismo religioso, en la que disert\u00f3 sobre: \u201cLa Noche de los Templos\u201d de Montevideo. Asimismo, particip\u00f3 en la presentaci\u00f3n de la Asociaci\u00f3n en la Rep\u00fablica Argentina, junto a varios integrantes de esa prestigiosa instituci\u00f3n.<\/strong><\/em><\/span><\/p>\n<p style=\"text-align: justify;\"><span style=\"color: #333399;\"><em><strong>*Representante de TuristamagazineDestinos para Uruguay<\/strong><\/em><\/span><\/p>\n<p style=\"text-align: justify;\"><a href=\"https:\/\/www.turistamagazine.com\/v2\/wp-content\/uploads\/2021\/09\/Logo-nuevo.jpg\"><img decoding=\"async\" class=\"aligncenter wp-image-53117\" src=\"https:\/\/www.turistamagazine.com\/v2\/wp-content\/uploads\/2021\/09\/Logo-nuevo.jpg\" alt=\"\" width=\"500\" height=\"475\" srcset=\"https:\/\/www.turistamagazine.com\/v2\/wp-content\/uploads\/2021\/09\/Logo-nuevo.jpg 766w, https:\/\/www.turistamagazine.com\/v2\/wp-content\/uploads\/2021\/09\/Logo-nuevo-300x285.jpg 300w, https:\/\/www.turistamagazine.com\/v2\/wp-content\/uploads\/2021\/09\/Logo-nuevo-442x420.jpg 442w\" sizes=\"(max-width: 500px) 100vw, 500px\" \/><\/a><\/p>\n","protected":false},"excerpt":{"rendered":"<p>19\/12\/2021\/Uruguay.- El F\u00f3rum Iberoamericano de Periodistas de Turismo (FIPETUR) nombr\u00f3 a la periodista Mar\u00eda Shaw como primera vicepresidente. Ella preside el C\u00edrculo de Periodistas de Turismo de Uruguay (CIPETUR) desde octubre de 2021. Fue secretaria general del Forum desde sus inicios en 2010, por lo que como presidente delegada de su pa\u00eds, en diciembre del presente a\u00f1o, accedi\u00f3 a este cargo tan relevante. El Consejo Directivo del FIPETUR, entonces, qued\u00f3 integrado por: Presidente: Luis Jos\u00e9 Ch\u00e1vez (Director de ADOMPRETUR, Rep\u00fablica Dominicana); Vicepresidente: Mar\u00eda Shaw (Presidente de CIPETUR, Uruguay); Vicepresidente de Relaciones Internacionales: Dalma D\u00edaz Pinto (Presidente de APTUR, Chile). Directores:&#8230;<\/p>\n","protected":false},"author":1,"featured_media":54557,"comment_status":"open","ping_status":"open","sticky":false,"template":"","format":"standard","meta":{"footnotes":""},"categories":[4,84],"tags":[11464,10219,10556],"class_list":["post-54556","post","type-post","status-publish","format-standard","has-post-thumbnail","hentry","category-breaking-news","category-internacionales","tag-mariashaw","tag-semanarioturistamagazine","tag-turismagazine"],"_links":{"self":[{"href":"https:\/\/www.turistamagazine.com\/v2\/index.php?rest_route=\/wp\/v2\/posts\/54556","targetHints":{"allow":["GET"]}}],"collection":[{"href":"https:\/\/www.turistamagazine.com\/v2\/index.php?rest_route=\/wp\/v2\/posts"}],"about":[{"href":"https:\/\/www.turistamagazine.com\/v2\/index.php?rest_route=\/wp\/v2\/types\/post"}],"author":[{"embeddable":true,"href":"https:\/\/www.turistamagazine.com\/v2\/index.php?rest_route=\/wp\/v2\/users\/1"}],"replies":[{"embeddable":true,"href":"https:\/\/www.turistamagazine.com\/v2\/index.php?rest_route=%2Fwp%2Fv2%2Fcomments&post=54556"}],"version-history":[{"count":2,"href":"https:\/\/www.turistamagazine.com\/v2\/index.php?rest_route=\/wp\/v2\/posts\/54556\/revisions"}],"predecessor-version":[{"id":54559,"href":"https:\/\/www.turistamagazine.com\/v2\/index.php?rest_route=\/wp\/v2\/posts\/54556\/revisions\/54559"}],"wp:featuredmedia":[{"embeddable":true,"href":"https:\/\/www.turistamagazine.com\/v2\/index.php?rest_route=\/wp\/v2\/media\/54557"}],"wp:attachment":[{"href":"https:\/\/www.turistamagazine.com\/v2\/index.php?rest_route=%2Fwp%2Fv2%2Fmedia&parent=54556"}],"wp:term":[{"taxonomy":"category","embeddable":true,"href":"https:\/\/www.turistamagazine.com\/v2\/index.php?rest_route=%2Fwp%2Fv2%2Fcategories&post=54556"},{"taxonomy":"post_tag","embeddable":true,"href":"https:\/\/www.turistamagazine.com\/v2\/index.php?rest_route=%2Fwp%2Fv2%2Ftags&post=54556"}],"curies":[{"name":"wp","href":"https:\/\/api.w.org\/{rel}","templated":true}]}}