{"id":54504,"date":"2021-12-16T14:34:17","date_gmt":"2021-12-16T19:34:17","guid":{"rendered":"https:\/\/www.turistamagazine.com\/v2\/?p=54504"},"modified":"2021-12-16T14:38:41","modified_gmt":"2021-12-16T19:38:41","slug":"la-unesco-declara-5-tradiciones-latinoamericanas-como-patrimonio-inmaterial-de-la-humanidad","status":"publish","type":"post","link":"https:\/\/www.turistamagazine.com\/v2\/?p=54504","title":{"rendered":"LA UNESCO DECLARA 5 TRADICIONES LATINOAMERICANAS COMO PATRIMONIO INMATERIAL DE LA HUMANIDAD"},"content":{"rendered":"<p style=\"text-align: center;\"><span style=\"color: #333399;\"><em><span style=\"color: #800080;\"><span style=\"color: #800080;\"><span style=\"color: #800080;\"><b>Per\u00fa: La <\/b><\/span><\/span><span style=\"color: #800080;\"><b>cer\u00e1mica<\/b><\/span><span style=\"color: #800080;\"><span style=\"color: #800080;\"><b>\u00a0Awaj\u00fan<\/b><\/span><\/span><\/span><\/em><\/span><\/p>\n<p style=\"text-align: center;\"><span style=\"color: #333399;\"><em><strong>La riqueza de la cultura latinoamericana ha sido nuevamente reconocida, esta vez, por las tradiciones de 5 pa\u00edses que fueron declaradas patrimonios inmateriales por la UNESCO. Estos nuevos integrantes a la lista representativa del patrimonio cultural inmaterial de la humanidad, recibir\u00e1n una mayor visibilidad internacional.<\/strong><\/em><\/span><\/p>\n<p style=\"text-align: center;\"><span style=\"color: #800080;\"><em><strong>Venezuela: Las festividades de San Juan Bautista<\/strong><\/em><\/span><\/p>\n<p style=\"text-align: justify;\"><span style=\"color: #333399;\"><em><strong>Ahora, entre las celebraciones culturales con este reconocimiento, figuran las festividades en honor a San Juan Bautista en Venezuela. Originarias de las comunidades afrovenezolanas esclavizadas en los dominios coloniales espa\u00f1oles del siglo XVIII.<\/strong><\/em><\/span><\/p>\n<p style=\"text-align: justify;\"><span style=\"color: #333399;\"><em><strong>Los <span style=\"color: #800080;\">\u00absanjuaneros\u00bb,<\/span> que son los adeptos a este ciclo festivo, lo consideran como un s\u00edmbolo de resistencia cultural y de libertad, as\u00ed como un medio para evocar la memoria de sus antepasados esclavos.<\/strong><\/em><\/span><\/p>\n<p style=\"text-align: center;\"><span style=\"color: #800080;\"><em><strong>Per\u00fa: La ceramica Awaj\u00fan<\/strong><\/em><\/span><\/p>\n<p style=\"text-align: justify;\"><span style=\"color: #333399;\"><em><strong>Adem\u00e1s de reconocer las diferentes expresiones culturales, la UNESCO tambi\u00e9n reconoce la riqueza del conocimiento y de la tecnolog\u00eda transmitidos a trav\u00e9s de generaciones, lo cual ahora es el caso de los <span style=\"color: #800080;\">\u00abvalores, conocimientos, saberes y pr\u00e1cticas\u00bb<\/span> ancestrales asociados a la alfarer\u00eda de los ind\u00edgenas Awaj\u00fan de la Amazon\u00eda peruana.<\/strong><\/em><\/span><\/p>\n<p style=\"text-align: justify;\"><span style=\"color: #333399;\"><em><strong>El arte de crear recipientes de cer\u00e1mica decorados con formas geom\u00e9tricas inspiradas por elementos de la naturaleza, utilizados en la celebraci\u00f3n de rituales y ceremonias. Neli Impi Bermeo, artesana Awaj\u00fan, explica:<\/strong><\/em><\/span><\/p>\n<p style=\"text-align: justify;\"><span style=\"color: #800080;\"><em><strong>\u00abUna madre transmite en su elaboraci\u00f3n como ella aprendi\u00f3 de su abuela o de su madre. Esta transmisi\u00f3n permite una identidad en el pueblo Awaj\u00fan, principalmente en las mujeres.\u00bb<\/strong><\/em><\/span><\/p>\n<p style=\"text-align: center;\"><span style=\"color: #800080;\"><em><strong>Bolivia: la fiesta grande de Tarija<\/strong><\/em><\/span><\/p>\n<p style=\"text-align: justify;\"><span style=\"color: #333399;\"><em><strong>La Fiesta Grande de Tarija tiene lugar en la ciudad de este mismo nombre, situada al sudeste de Bolivia, y se celebra todos los a\u00f1os en los meses de agosto y septiembre con toda una serie de procesiones religiosas, festivales de m\u00fasica, bailes, competiciones y fuegos artificiales en honor de San Roque.<\/strong><\/em><\/span><\/p>\n<p style=\"text-align: justify;\"><span style=\"color: #333399;\"><em><strong>Vestidos con m\u00e1scaras e indumentarias vistosas, los que acuden a esos cortejos religiosos interpretan m\u00fasicas y bailes, mientras que los vecinos ornamentan los templos y calles por donde desfilan los participantes y organizan actividades culturales y deportivas.<\/strong><\/em><\/span><\/p>\n<p style=\"text-align: center;\"><span style=\"color: #800080;\"><em><strong>Ecuador: \u00abEl pasillo\u00bb<\/strong><\/em><\/span><\/p>\n<p style=\"text-align: justify;\"><span style=\"color: #333399;\"><em><strong><span style=\"color: #800080;\">\u201cEl Pasillo\u201d<\/span> es un g\u00e9nero musical y bailable que hizo su aparici\u00f3n en Ecuador en el siglo XIX, en la \u00e9poca de las guerras de independencia sudamericanas, como resultado de una fusi\u00f3n entre diversas m\u00fasicas ind\u00edgenas \u2013por ejemplo, el yarav\u00ed\u2013 y europeas, en particular el vals, el minu\u00e9 y el bolero espa\u00f1ol.<\/strong><\/em><\/span><\/p>\n<p style=\"text-align: justify;\"><span style=\"color: #333399;\"><em><strong>Para los ecuatorianos, este elemento del patrimonio cultural inmaterial se ha convertido con el correr del tiempo en una forma de expresi\u00f3n colectiva que constituye un signo de su identidad y un v\u00ednculo de uni\u00f3n con su patria.<\/strong><\/em><\/span><\/p>\n<p style=\"text-align: center;\"><span style=\"color: #800080;\"><em><strong>Panam\u00e1: Las fiestas del Corpus Christi<\/strong><\/em><\/span><\/p>\n<div id=\"attachment_54506\" style=\"width: 640px\" class=\"wp-caption aligncenter\"><a href=\"https:\/\/www.turistamagazine.com\/v2\/wp-content\/uploads\/2021\/12\/EMIGRAR-FESTIVAL-CORPUS-CHRISTI-1.jpg\"><img decoding=\"async\" aria-describedby=\"caption-attachment-54506\" class=\"wp-image-54506\" src=\"https:\/\/www.turistamagazine.com\/v2\/wp-content\/uploads\/2021\/12\/EMIGRAR-FESTIVAL-CORPUS-CHRISTI-1.jpg\" alt=\"\" width=\"630\" height=\"419\" srcset=\"https:\/\/www.turistamagazine.com\/v2\/wp-content\/uploads\/2021\/12\/EMIGRAR-FESTIVAL-CORPUS-CHRISTI-1.jpg 400w, https:\/\/www.turistamagazine.com\/v2\/wp-content\/uploads\/2021\/12\/EMIGRAR-FESTIVAL-CORPUS-CHRISTI-1-300x200.jpg 300w\" sizes=\"(max-width: 630px) 100vw, 630px\" \/><\/a><p id=\"caption-attachment-54506\" class=\"wp-caption-text\"><em><strong>FESTIVAL CORPUS CHRISTI EN PANAMA\/EmigrarFacil.com<\/strong><\/em><\/p><\/div>\n<p style=\"text-align: justify;\"><span style=\"color: #333399;\"><em><strong>Celebraci\u00f3n del cuerpo y la sangre de Cristo crucificado, la Fiesta del <span style=\"color: #800080;\">\u201cCorpus Christi\u201d<\/span> en Panam\u00e1 fusiona las celebraciones religiosas de la Iglesia Cat\u00f3lica con una serie de festejos y pr\u00e1cticas culturales populares, como representaciones teatrales, m\u00fasicas, danzas populares y comparsas de gentes disfrazadas con m\u00e1scaras y vestidos de colores abigarrados.<\/strong><\/em><\/span><\/p>\n<p style=\"text-align: justify;\"><span style=\"color: #800080;\"><em><strong>Los conocimientos y pr\u00e1cticas culturales asociadas a este elemento del patrimonio cultural inmaterial se transmiten mediante la participaci\u00f3n directa en la fiesta, y tambi\u00e9n con la integraci\u00f3n de los j\u00f3venes en grupos de danzarines y equipos dedicados a confeccionar m\u00e1scaras, o a ejecutar tapices coloridos con serr\u00edn en el suelo de las calles donde tienen lugar la procesi\u00f3n y las celebraciones.<\/strong><\/em><\/span><\/p>\n","protected":false},"excerpt":{"rendered":"<p>Per\u00fa: La cer\u00e1mica\u00a0Awaj\u00fan La riqueza de la cultura latinoamericana ha sido nuevamente reconocida, esta vez, por las tradiciones de 5 pa\u00edses que fueron declaradas patrimonios inmateriales por la UNESCO. Estos nuevos integrantes a la lista representativa del patrimonio cultural inmaterial de la humanidad, recibir\u00e1n una mayor visibilidad internacional. Venezuela: Las festividades de San Juan Bautista Ahora, entre las celebraciones culturales con este reconocimiento, figuran las festividades en honor a San Juan Bautista en Venezuela. Originarias de las comunidades afrovenezolanas esclavizadas en los dominios coloniales espa\u00f1oles del siglo XVIII. Los \u00absanjuaneros\u00bb, que son los adeptos a este ciclo festivo, lo consideran&#8230;<\/p>\n","protected":false},"author":1,"featured_media":54505,"comment_status":"open","ping_status":"open","sticky":false,"template":"","format":"standard","meta":{"footnotes":""},"categories":[86,4,84],"tags":[11679,11680,10219,10556,327],"class_list":["post-54504","post","type-post","status-publish","format-standard","has-post-thumbnail","hentry","category-destinos","category-breaking-news","category-internacionales","tag-laceramicaawajun","tag-patrimonioinmaterial","tag-semanarioturistamagazine","tag-turismagazine","tag-unesco"],"_links":{"self":[{"href":"https:\/\/www.turistamagazine.com\/v2\/index.php?rest_route=\/wp\/v2\/posts\/54504","targetHints":{"allow":["GET"]}}],"collection":[{"href":"https:\/\/www.turistamagazine.com\/v2\/index.php?rest_route=\/wp\/v2\/posts"}],"about":[{"href":"https:\/\/www.turistamagazine.com\/v2\/index.php?rest_route=\/wp\/v2\/types\/post"}],"author":[{"embeddable":true,"href":"https:\/\/www.turistamagazine.com\/v2\/index.php?rest_route=\/wp\/v2\/users\/1"}],"replies":[{"embeddable":true,"href":"https:\/\/www.turistamagazine.com\/v2\/index.php?rest_route=%2Fwp%2Fv2%2Fcomments&post=54504"}],"version-history":[{"count":4,"href":"https:\/\/www.turistamagazine.com\/v2\/index.php?rest_route=\/wp\/v2\/posts\/54504\/revisions"}],"predecessor-version":[{"id":54510,"href":"https:\/\/www.turistamagazine.com\/v2\/index.php?rest_route=\/wp\/v2\/posts\/54504\/revisions\/54510"}],"wp:featuredmedia":[{"embeddable":true,"href":"https:\/\/www.turistamagazine.com\/v2\/index.php?rest_route=\/wp\/v2\/media\/54505"}],"wp:attachment":[{"href":"https:\/\/www.turistamagazine.com\/v2\/index.php?rest_route=%2Fwp%2Fv2%2Fmedia&parent=54504"}],"wp:term":[{"taxonomy":"category","embeddable":true,"href":"https:\/\/www.turistamagazine.com\/v2\/index.php?rest_route=%2Fwp%2Fv2%2Fcategories&post=54504"},{"taxonomy":"post_tag","embeddable":true,"href":"https:\/\/www.turistamagazine.com\/v2\/index.php?rest_route=%2Fwp%2Fv2%2Ftags&post=54504"}],"curies":[{"name":"wp","href":"https:\/\/api.w.org\/{rel}","templated":true}]}}