{"id":54447,"date":"2021-12-14T12:27:45","date_gmt":"2021-12-14T17:27:45","guid":{"rendered":"https:\/\/www.turistamagazine.com\/v2\/?p=54447"},"modified":"2021-12-14T12:27:45","modified_gmt":"2021-12-14T17:27:45","slug":"amplios-pero-no-permisivos","status":"publish","type":"post","link":"https:\/\/www.turistamagazine.com\/v2\/?p=54447","title":{"rendered":"AMPLIOS, PERO NO PERMISIVOS"},"content":{"rendered":"<p><em><strong>Por Antero Flores-Araoz*<\/strong><\/em><\/p>\n<p style=\"text-align: justify;\"><span style=\"color: #333399;\"><em><strong>Nuestro querido Per\u00fa desde siempre ha tenido vocaci\u00f3n integradora, principalmente con los pa\u00edses andinos y, gracias al genio negociador del embajador Vicente Cerro Cebri\u00e1n, hacen varias d\u00e9cadas se suscribi\u00f3 el \u201cAcuerdo de Cartagena\u201d que dio lugar a lo que hoy conocemos como \u201cComunidad Andina\u201d, constituida por Bolivia, Colombia, Ecuador y Per\u00fa que por un tiempo tuvo tambi\u00e9n la participaci\u00f3n de Chile y de Venezuela. <\/strong><\/em><\/span><span style=\"color: #333399;\"><em><strong>La Comunidad Andina ha tenido en su existencia \u00e9pocas de gran colaboraci\u00f3n entre sus integrantes, como tambi\u00e9n per\u00edodos en que parec\u00eda ser un acuerdo cadav\u00e9rico. Como toda obra humana ha tenido duras y maduras, aciertos y defectos, acercamientos y distanciamientos, pero en los \u00faltimos tiempos los pa\u00edses miembros confirman su deseo de darle vitalidad integradora.<\/strong><\/em><\/span><\/p>\n<p style=\"text-align: justify;\">\n<span style=\"color: #333399;\"><em><strong><span style=\"color: #800080;\">Entre las tareas que se impuso la Comunidad Andina, est\u00e1 la de favorecer la migraci\u00f3n subregional entre los nacionales de nuestros pa\u00edses, que podr\u00eda ser beneficiosa para facilitar actividades econ\u00f3micas y de negocios entre nuestros pa\u00edses con \u00e1nimo de propender a su desarrollo y al crecimiento comunitario arm\u00f3nico. Con tal finalidad en mayo \u00faltimo fue adoptada la Decisi\u00f3n 878 que aprob\u00f3 el \u201cEstatuto Migratorio Andino\u201d<\/span>.<\/strong><\/em><\/span><\/p>\n<p style=\"text-align: justify;\"><span style=\"color: #333399;\"><em><strong>El Estatuto en cuesti\u00f3n facilita el desplazamiento entre los ciudadanos de nuestros pa\u00edses en la Subregi\u00f3n Andina, permitiendo que sea con la simple exhibici\u00f3n del documento de identidad nacional y portando la \u201cTarjeta Andina de Migraci\u00f3n\u201d, adem\u00e1s de garantizar la libre circulaci\u00f3n en calidad de turistas.<\/strong><\/em><\/span><br \/>\n<span style=\"color: #333399;\"><em><strong>Dicho Estatuto confiere a los ciudadanos de la Subregi\u00f3n Andina, el trato de ciudadanos nacionales de los pa\u00edses de acogida, pero est\u00e1n obligados a cumplir con las disposiciones internas del pa\u00eds receptor.<\/strong><\/em><\/span><\/p>\n<p style=\"text-align: justify;\">\n<span style=\"color: #800080;\"><em><strong>Nuestra Ley de Migraciones, esto es el Decreto Legislativo 1350, tiene entre sus preceptos la no criminalizaci\u00f3n de la inmigraci\u00f3n irregular, al mismo tiempo de ratificar nuestra vocaci\u00f3n de igualdad y no discriminaci\u00f3n, as\u00ed como de rechazar prejuicios migratorios, el racismo y la xenofobia. Asimismo establece que los extranjeros solo podr\u00e1n realizar en nuestro territorio las actividades que les permita su situaci\u00f3n migratoria, esto es no podr\u00e1n hacer lo que les venga en gana sino lo que la normatividad interna de nuestro pa\u00eds los autoriza. <\/strong><\/em><\/span><span style=\"color: #333399;\"><em><strong>La legislaci\u00f3n migratoria nacional faculta a impedir el ingreso al Per\u00fa de personas que supongan una situaci\u00f3n de riesgo o peligro o que constituya amenaza para la seguridad nacional, el orden p\u00fablico y el orden interno, as\u00ed como cuando se cuente con informaci\u00f3n de inteligencia que califique al supuesto migrante como riesgoso para la seguridad nacional.<\/strong><\/em><\/span><\/p>\n<p style=\"text-align: justify;\">\n<span style=\"color: #333399;\"><em><strong>Cuando pese a lo antes se\u00f1alado, personas del exterior que no califican, ingresan a nuestro territorio, en caso que ellas realicen actividades que atenten contra el orden p\u00fablico, el orden interno o la seguridad nacional, podr\u00e1n ser expulsados del Per\u00fa.<\/strong><\/em><\/span><span style=\"color: #333399;\"><em><strong>Pese a todo lo se\u00f1alado hemos sido exageradamente permisivos con algunos ciudadanos venezolanos que bajo el pretexto de colaboraci\u00f3n m\u00e9dica en las casas del Alba, incitaban a la violencia y a la perpetraci\u00f3n de hechos irregulares.\u00a0 <span style=\"color: #800080;\">Parecer\u00eda que esto mismo podr\u00eda estar sucediendo con nacionales bolivianos, incluso con su ex Presidente Evo Morales.\u00a0 Seamos generosos, pero no permisivos.<\/span><\/strong><\/em><\/span><\/p>\n<p style=\"text-align: justify;\"><span style=\"color: #800080;\"><em><strong>Tenemos las herramientas antes expuestas.<\/strong><\/em><\/span><\/p>\n<p><em><strong>*Gentil colaborador de Turistamagazine.<\/strong><\/em><\/p>\n<p>*<strong><em>Prestigioso\u00a0Abogado y pol\u00edtico peruano.<\/em><\/strong><\/p>\n<p><strong><em>Ex ministro del interior, Ex Senador, Ex congresista.<\/em><\/strong><\/p>\n<p><strong><em>Fundador del partido pol\u00edtico ORDEN<\/em><\/strong><\/p>\n<p><a href=\"https:\/\/www.turistamagazine.com\/v2\/wp-content\/uploads\/2021\/09\/Logo-nuevo.jpg\"><img decoding=\"async\" class=\"wp-image-53117 aligncenter\" src=\"https:\/\/www.turistamagazine.com\/v2\/wp-content\/uploads\/2021\/09\/Logo-nuevo.jpg\" sizes=\"(max-width: 450px) 100vw, 450px\" srcset=\"https:\/\/www.turistamagazine.com\/v2\/wp-content\/uploads\/2021\/09\/Logo-nuevo.jpg 766w, https:\/\/www.turistamagazine.com\/v2\/wp-content\/uploads\/2021\/09\/Logo-nuevo-300x285.jpg 300w, https:\/\/www.turistamagazine.com\/v2\/wp-content\/uploads\/2021\/09\/Logo-nuevo-442x420.jpg 442w\" alt=\"\" width=\"450\" height=\"428\" \/><\/a><\/p>\n<p><a href=\"https:\/\/www.turistamagazine.com\/v2\/wp-content\/uploads\/2021\/11\/Banner2.jpg\"><img decoding=\"async\" class=\"wp-image-54150 aligncenter\" src=\"https:\/\/www.turistamagazine.com\/v2\/wp-content\/uploads\/2021\/11\/Banner2.jpg\" alt=\"\" width=\"630\" height=\"131\" srcset=\"https:\/\/www.turistamagazine.com\/v2\/wp-content\/uploads\/2021\/11\/Banner2.jpg 960w, https:\/\/www.turistamagazine.com\/v2\/wp-content\/uploads\/2021\/11\/Banner2-300x63.jpg 300w, https:\/\/www.turistamagazine.com\/v2\/wp-content\/uploads\/2021\/11\/Banner2-768x160.jpg 768w, https:\/\/www.turistamagazine.com\/v2\/wp-content\/uploads\/2021\/11\/Banner2-610x127.jpg 610w\" sizes=\"(max-width: 630px) 100vw, 630px\" \/><\/a><\/p>\n","protected":false},"excerpt":{"rendered":"<p>Por Antero Flores-Araoz* Nuestro querido Per\u00fa desde siempre ha tenido vocaci\u00f3n integradora, principalmente con los pa\u00edses andinos y, gracias al genio negociador del embajador Vicente Cerro Cebri\u00e1n, hacen varias d\u00e9cadas se suscribi\u00f3 el \u201cAcuerdo de Cartagena\u201d que dio lugar a lo que hoy conocemos como \u201cComunidad Andina\u201d, constituida por Bolivia, Colombia, Ecuador y Per\u00fa que por un tiempo tuvo tambi\u00e9n la participaci\u00f3n de Chile y de Venezuela. La Comunidad Andina ha tenido en su existencia \u00e9pocas de gran colaboraci\u00f3n entre sus integrantes, como tambi\u00e9n per\u00edodos en que parec\u00eda ser un acuerdo cadav\u00e9rico. Como toda obra humana ha tenido duras y&#8230;<\/p>\n","protected":false},"author":1,"featured_media":51971,"comment_status":"open","ping_status":"open","sticky":false,"template":"","format":"standard","meta":{"footnotes":""},"categories":[90],"tags":[10840,10219,10556],"class_list":["post-54447","post","type-post","status-publish","format-standard","has-post-thumbnail","hentry","category-pensando-en-voz-alta","tag-anterofloresaraoz","tag-semanarioturistamagazine","tag-turismagazine"],"_links":{"self":[{"href":"https:\/\/www.turistamagazine.com\/v2\/index.php?rest_route=\/wp\/v2\/posts\/54447","targetHints":{"allow":["GET"]}}],"collection":[{"href":"https:\/\/www.turistamagazine.com\/v2\/index.php?rest_route=\/wp\/v2\/posts"}],"about":[{"href":"https:\/\/www.turistamagazine.com\/v2\/index.php?rest_route=\/wp\/v2\/types\/post"}],"author":[{"embeddable":true,"href":"https:\/\/www.turistamagazine.com\/v2\/index.php?rest_route=\/wp\/v2\/users\/1"}],"replies":[{"embeddable":true,"href":"https:\/\/www.turistamagazine.com\/v2\/index.php?rest_route=%2Fwp%2Fv2%2Fcomments&post=54447"}],"version-history":[{"count":1,"href":"https:\/\/www.turistamagazine.com\/v2\/index.php?rest_route=\/wp\/v2\/posts\/54447\/revisions"}],"predecessor-version":[{"id":54448,"href":"https:\/\/www.turistamagazine.com\/v2\/index.php?rest_route=\/wp\/v2\/posts\/54447\/revisions\/54448"}],"wp:featuredmedia":[{"embeddable":true,"href":"https:\/\/www.turistamagazine.com\/v2\/index.php?rest_route=\/wp\/v2\/media\/51971"}],"wp:attachment":[{"href":"https:\/\/www.turistamagazine.com\/v2\/index.php?rest_route=%2Fwp%2Fv2%2Fmedia&parent=54447"}],"wp:term":[{"taxonomy":"category","embeddable":true,"href":"https:\/\/www.turistamagazine.com\/v2\/index.php?rest_route=%2Fwp%2Fv2%2Fcategories&post=54447"},{"taxonomy":"post_tag","embeddable":true,"href":"https:\/\/www.turistamagazine.com\/v2\/index.php?rest_route=%2Fwp%2Fv2%2Ftags&post=54447"}],"curies":[{"name":"wp","href":"https:\/\/api.w.org\/{rel}","templated":true}]}}