{"id":5444,"date":"2014-06-19T09:45:35","date_gmt":"2014-06-19T14:45:35","guid":{"rendered":"http:\/\/www.turistamagazine.com\/v2\/?p=5444"},"modified":"2014-06-19T09:45:35","modified_gmt":"2014-06-19T14:45:35","slug":"peru-fiesta-de-la-musica-2014-pondra-a-bailar-a-todo-el-peru-este-20-y-21-de-junio","status":"publish","type":"post","link":"https:\/\/www.turistamagazine.com\/v2\/?p=5444","title":{"rendered":"PERU: FIESTA DE LA M\u00daSICA 2014 PONDR\u00c1 A BAILAR A TODO EL PER\u00da  ESTE 20 Y 21 DE JUNIO"},"content":{"rendered":"<p style=\"text-align: justify;\">Este 20 y el 21 de junio se celebrar\u00e1 una edici\u00f3n m\u00e1s de la Fiesta de la M\u00fasica en el Per\u00fa. Esta festividad organizada por el Patronato Peruano de la M\u00fasica, la Embajada de Francia en el Per\u00fa y la Alianza Francesa de Lima, se llevar\u00e1 a cabo en varias ciudades de nuestro pa\u00eds donde se levantar\u00e1n m\u00faltiples escenarios con la finalidad de convertir estos dos d\u00edas en una gran celebraci\u00f3n como un gran homenaje a la vida, festejando el placer que nos brinda la m\u00fasica urbana.<\/p>\n<p style=\"text-align: justify;\">Este a\u00f1o, la Fiesta de la M\u00fasica est\u00e1 dedicada a la \u201cM\u00fasica Urbana\u201d y ya se escuchan los timbres, acordes y canciones de las\u00a0 agrupaciones, solistas, coros, bandas y orquestas\u00a0 que llenar\u00e1n las calles, plazas, parques y locales de ritmos y cantos armoniosos. De esta manera, resonar\u00e1n conciertos simult\u00e1neos\u00a0 por doquier convirtiendo este evento en la mayor celebraci\u00f3n musical que se realiza\u00a0 en nuestro pa\u00eds.<\/p>\n<p style=\"text-align: justify;\">Lydia Hung, Directora del Patronato Peruano de la M\u00fasica, se\u00f1al\u00f3 que se espera la participaci\u00f3n de m\u00e1s de 30,000 mil personas durante los dos d\u00edas que durar\u00e1 la fiesta: \u201cUno de los principales rasgos de este encuentro en torno al arte sonoro, es su apertura a todo tipo de g\u00e9neros, estilos y niveles, tanto profesional como amateur. Participan por igual orquestas y bandas sinf\u00f3nicas que grupos de rock, jazz, reggae, trovadores, etc. El esp\u00edritu de la fiesta tambi\u00e9n consiste en ofrecer a la ciudadan\u00eda eventos musicales p\u00fablicos y gratuitos en los que participan m\u00fasicos profesionales, aficionados y amateurs de todas las edades y estilos\u201d. \u201cDesde su origen la fiesta se pens\u00f3 como un espacio para democratizar la m\u00fasica, por eso todos los g\u00e9neros est\u00e1n invitados a este certamen y as\u00ed todas las personas sin importar su condici\u00f3n social o preferencia musical para que puedan disfrutar juntos, apoyando as\u00ed la din\u00e1mica musical de la ciudad y posibilitando el acceso a la cultura en escenarios abiertos donde claramente se promueven valores de tolerancia y convivencia. Los m\u00fasicos que nos acompa\u00f1an, como siempre, ser\u00e1n los protagonistas\u201d, agreg\u00f3 Lydia Hung.}<\/p>\n<p style=\"text-align: justify;\">Cabe se\u00f1alar que la Fiesta de la M\u00fasica \u2013realizada por primera vez en Francia el 21 de junio de 1982 \u2013 se desarrolla en m\u00e1s de 120 pa\u00edses y 250 ciudades a nivel mundial. M\u00e9xico fue el primer pa\u00eds en adoptar esta festividad en Am\u00e9rica Latina.<\/p>\n<p>Para m\u00e1s informaci\u00f3n sobre los conciertos, puede visitar la p\u00e1gina <a href=\"http:\/\/www.fiestadelamusica.pe\/\">www.fiestadelamusica.pe<\/a><\/p>\n<p>&nbsp;<\/p>\n","protected":false},"excerpt":{"rendered":"<p>Este 20 y el 21 de junio se celebrar\u00e1 una edici\u00f3n m\u00e1s de la Fiesta de la M\u00fasica en el Per\u00fa. Esta festividad organizada por el Patronato Peruano de la M\u00fasica, la Embajada de Francia en el Per\u00fa y la Alianza Francesa de Lima, se llevar\u00e1 a cabo en varias ciudades de nuestro pa\u00eds donde se levantar\u00e1n m\u00faltiples escenarios con la finalidad de convertir estos dos d\u00edas en una gran celebraci\u00f3n como un gran homenaje a la vida, festejando el placer que nos brinda la m\u00fasica urbana. Este a\u00f1o, la Fiesta de la M\u00fasica est\u00e1 dedicada a la \u201cM\u00fasica Urbana\u201d&#8230;<\/p>\n","protected":false},"author":1,"featured_media":0,"comment_status":"open","ping_status":"open","sticky":false,"template":"","format":"standard","meta":{"footnotes":""},"categories":[4,82],"tags":[2017,1895,2018],"class_list":["post-5444","post","type-post","status-publish","format-standard","hentry","category-breaking-news","category-nacionales","tag-embajada-de-francia","tag-fiesta-de-la-musica-2014","tag-lydia-hung"],"_links":{"self":[{"href":"https:\/\/www.turistamagazine.com\/v2\/index.php?rest_route=\/wp\/v2\/posts\/5444","targetHints":{"allow":["GET"]}}],"collection":[{"href":"https:\/\/www.turistamagazine.com\/v2\/index.php?rest_route=\/wp\/v2\/posts"}],"about":[{"href":"https:\/\/www.turistamagazine.com\/v2\/index.php?rest_route=\/wp\/v2\/types\/post"}],"author":[{"embeddable":true,"href":"https:\/\/www.turistamagazine.com\/v2\/index.php?rest_route=\/wp\/v2\/users\/1"}],"replies":[{"embeddable":true,"href":"https:\/\/www.turistamagazine.com\/v2\/index.php?rest_route=%2Fwp%2Fv2%2Fcomments&post=5444"}],"version-history":[{"count":2,"href":"https:\/\/www.turistamagazine.com\/v2\/index.php?rest_route=\/wp\/v2\/posts\/5444\/revisions"}],"predecessor-version":[{"id":5447,"href":"https:\/\/www.turistamagazine.com\/v2\/index.php?rest_route=\/wp\/v2\/posts\/5444\/revisions\/5447"}],"wp:attachment":[{"href":"https:\/\/www.turistamagazine.com\/v2\/index.php?rest_route=%2Fwp%2Fv2%2Fmedia&parent=5444"}],"wp:term":[{"taxonomy":"category","embeddable":true,"href":"https:\/\/www.turistamagazine.com\/v2\/index.php?rest_route=%2Fwp%2Fv2%2Fcategories&post=5444"},{"taxonomy":"post_tag","embeddable":true,"href":"https:\/\/www.turistamagazine.com\/v2\/index.php?rest_route=%2Fwp%2Fv2%2Ftags&post=5444"}],"curies":[{"name":"wp","href":"https:\/\/api.w.org\/{rel}","templated":true}]}}