{"id":54430,"date":"2021-12-12T09:54:23","date_gmt":"2021-12-12T14:54:23","guid":{"rendered":"https:\/\/www.turistamagazine.com\/v2\/?p=54430"},"modified":"2021-12-12T09:54:23","modified_gmt":"2021-12-12T14:54:23","slug":"adios-al-ultimo-charro-de-oro-vicente-fernandez","status":"publish","type":"post","link":"https:\/\/www.turistamagazine.com\/v2\/?p=54430","title":{"rendered":"ADIOS AL \u00daLTIMO CHARRO DE ORO VICENTE FERN\u00c1NDEZ"},"content":{"rendered":"<p style=\"text-align: center;\"><span style=\"color: #333399;\"><em><strong>Vicente Fern\u00e1ndez cantando\/ Agencia M\u00e9xico<\/strong><\/em><\/span><\/p>\n<p style=\"text-align: justify;\"><span style=\"color: #333399;\"><em><strong>12\/12\/2021\/M\u00e9xico.- Vicente Fern\u00e1ndez falleci\u00f3 este 12 de diciembre a las 6:15 de la ma\u00f1ana, despu\u00e9s de que el pasado 8 de agosto se informara que hab\u00eda sido operado de emergencia tras sufrir una ca\u00edda en su rancho que le afect\u00f3 las cervicales, esto originado por el S\u00edndrome de Guillain-Barr\u00e9 que padec\u00eda.<\/strong><\/em><\/span><\/p>\n<p style=\"text-align: justify;\"><span style=\"color: #333399;\"><em><strong>A trav\u00e9s de sus redes sociales se dio la lamentable noticia con el siguiente mensaje: \u201cEn Paz Descanse Sr. Vicente Fern\u00e1ndez. Lamentamos comunicarles su deceso el d\u00eda domingo 12 de diciembre a las 6:15 am. Fue un honor y un gran orgullo compartir con todos una gran trayectoria de m\u00fasica y darlo todo por su p\u00fablico. Gracias por seguir aplaudiendo, gracias por seguir cantando\u201d.<\/strong><\/em><\/span><\/p>\n<p style=\"text-align: justify;\"><span style=\"color: #800080;\"><em><strong>A pesar de haber presentado una mejor\u00eda en su salud, a inicios del mes de diciembre se confirm\u00f3 que el cantante hab\u00eda regresado a terapia intensiva, d\u00edas m\u00e1s tarde trascendi\u00f3 que la salud de \u2018Chente\u2019 se agrav\u00f3 debido a una falla en los ri\u00f1ones y que uno de sus pulmones colaps\u00f3.<\/strong><\/em><\/span><\/p>\n<p style=\"text-align: justify;\"><span style=\"color: #333399;\"><em><strong>Posteriormente, el neurocirujano, Francisco L\u00f3pez Gonz\u00e1lez, confirm\u00f3 al reportero del programa \u2018Venga la Alegr\u00eda\u2019 que el estado de salud de don Vicente \u201cera grave\u201d, mientras que do\u00f1a Cuquita Abarca y Vicente Fern\u00e1ndez Jr., esposa e hijo del artista, permanec\u00edan dentro del hospital Country 2000.<\/strong><\/em><\/span><\/p>\n<p style=\"text-align: justify;\"><span style=\"color: #333399;\"><em><strong>Dos d\u00edas m\u00e1s tarde, tras recibir la visita de sus nietos y su hijo Alejandro Fern\u00e1ndez al nosocomio, lleg\u00f3 la noticia de su muerte a los 81 a\u00f1os de edad, dejando a su familia sin la cabeza de una dinast\u00eda que marc\u00f3 precedentes en la m\u00fasica regional mexicana.<\/strong><\/em><\/span><\/p>\n<p style=\"text-align: justify;\"><span style=\"color: #800080;\"><em><strong>Vicente Fern\u00e1ndez naci\u00f3 el 17 de febrero de 1940, en Huentit\u00e1n el Alto, Jalisco, donde pas\u00f3 la gran parte de su ni\u00f1ez, luchando contra una pobreza cruel que lo llev\u00f3 a trabajar de alba\u00f1il, bolero, cajero, mesero y lavaplatos, sin imaginar que, con el tiempo, se convertir\u00eda en uno de los exponentes m\u00e1s importantes de la m\u00fasica ranchera.<\/strong><\/em><\/span><\/p>\n<p style=\"text-align: justify;\"><span style=\"color: #333399;\"><em><strong>A los 21 a\u00f1os debut\u00f3 en el restaurante Amanecer Tapat\u00edo, perteneciente a la estaci\u00f3n XEX de Guadalajara, y a su vez actuaba en el programa de televisi\u00f3n La Calandria Musical. Posteriormente lleg\u00f3 a la Ciudad de M\u00e9xico para trabajar por una temporada con el Mariachi Amanecer, de Pepe Mendoza y con el Mariachi Aguilar del se\u00f1or Jos\u00e9 Luis Aguilar.<\/strong><\/em><\/span><\/p>\n<p style=\"text-align: justify;\"><span style=\"color: #333399;\"><em><strong>F\/ Yahoo\/ vida y estilo<\/strong><\/em><\/span><\/p>\n","protected":false},"excerpt":{"rendered":"<p>Vicente Fern\u00e1ndez cantando\/ Agencia M\u00e9xico 12\/12\/2021\/M\u00e9xico.- Vicente Fern\u00e1ndez falleci\u00f3 este 12 de diciembre a las 6:15 de la ma\u00f1ana, despu\u00e9s de que el pasado 8 de agosto se informara que hab\u00eda sido operado de emergencia tras sufrir una ca\u00edda en su rancho que le afect\u00f3 las cervicales, esto originado por el S\u00edndrome de Guillain-Barr\u00e9 que padec\u00eda. A trav\u00e9s de sus redes sociales se dio la lamentable noticia con el siguiente mensaje: \u201cEn Paz Descanse Sr. Vicente Fern\u00e1ndez. Lamentamos comunicarles su deceso el d\u00eda domingo 12 de diciembre a las 6:15 am. Fue un honor y un gran orgullo compartir con&#8230;<\/p>\n","protected":false},"author":1,"featured_media":54431,"comment_status":"open","ping_status":"open","sticky":false,"template":"","format":"standard","meta":{"footnotes":""},"categories":[4,84],"tags":[11665,10219,10556,11666],"class_list":["post-54430","post","type-post","status-publish","format-standard","has-post-thumbnail","hentry","category-breaking-news","category-internacionales","tag-chentesiguesiendoelrey","tag-semanarioturistamagazine","tag-turismagazine","tag-vicentefernandez"],"_links":{"self":[{"href":"https:\/\/www.turistamagazine.com\/v2\/index.php?rest_route=\/wp\/v2\/posts\/54430","targetHints":{"allow":["GET"]}}],"collection":[{"href":"https:\/\/www.turistamagazine.com\/v2\/index.php?rest_route=\/wp\/v2\/posts"}],"about":[{"href":"https:\/\/www.turistamagazine.com\/v2\/index.php?rest_route=\/wp\/v2\/types\/post"}],"author":[{"embeddable":true,"href":"https:\/\/www.turistamagazine.com\/v2\/index.php?rest_route=\/wp\/v2\/users\/1"}],"replies":[{"embeddable":true,"href":"https:\/\/www.turistamagazine.com\/v2\/index.php?rest_route=%2Fwp%2Fv2%2Fcomments&post=54430"}],"version-history":[{"count":1,"href":"https:\/\/www.turistamagazine.com\/v2\/index.php?rest_route=\/wp\/v2\/posts\/54430\/revisions"}],"predecessor-version":[{"id":54432,"href":"https:\/\/www.turistamagazine.com\/v2\/index.php?rest_route=\/wp\/v2\/posts\/54430\/revisions\/54432"}],"wp:featuredmedia":[{"embeddable":true,"href":"https:\/\/www.turistamagazine.com\/v2\/index.php?rest_route=\/wp\/v2\/media\/54431"}],"wp:attachment":[{"href":"https:\/\/www.turistamagazine.com\/v2\/index.php?rest_route=%2Fwp%2Fv2%2Fmedia&parent=54430"}],"wp:term":[{"taxonomy":"category","embeddable":true,"href":"https:\/\/www.turistamagazine.com\/v2\/index.php?rest_route=%2Fwp%2Fv2%2Fcategories&post=54430"},{"taxonomy":"post_tag","embeddable":true,"href":"https:\/\/www.turistamagazine.com\/v2\/index.php?rest_route=%2Fwp%2Fv2%2Ftags&post=54430"}],"curies":[{"name":"wp","href":"https:\/\/api.w.org\/{rel}","templated":true}]}}