{"id":54391,"date":"2021-12-10T09:04:34","date_gmt":"2021-12-10T14:04:34","guid":{"rendered":"https:\/\/www.turistamagazine.com\/v2\/?p=54391"},"modified":"2021-12-10T09:05:36","modified_gmt":"2021-12-10T14:05:36","slug":"arqueologa-ruth-shady-recibe-premio-nacional-de-turismo-2021-por-su-aporte-a-la-cultura","status":"publish","type":"post","link":"https:\/\/www.turistamagazine.com\/v2\/?p=54391","title":{"rendered":"ARQUE\u00d3LOGA RUTH SHADY RECIBE PREMIO NACIONAL DE TURISMO 2021 POR SU APORTE A LA CULTURA"},"content":{"rendered":"<p style=\"text-align: center;\"><span style=\"color: #800080;\"><em><strong>Distinci\u00f3n se la otorg\u00f3 la Canatur por aportar tambi\u00e9n al desarrollo del turismo en el Per\u00fa<\/strong><\/em><\/span><\/p>\n<p style=\"text-align: justify;\"><span style=\"color: #333399;\"><em><strong>10\/|12\/2021\/ Paracas.- En reconocimiento a su destacada trayectoria y trabajo desarrollado en la conservaci\u00f3n y protecci\u00f3n de nuestro patrimonio cultural, la arque\u00f3loga Ruth Shady Sol\u00eds, principal investigadora de la Civilizaci\u00f3n Caral, recibi\u00f3 el Premio Nacional de Turismo 2021.<\/strong><\/em><\/span><\/p>\n<p style=\"text-align: justify;\"><span style=\"color: #333399;\"><em><strong>El premio fue entregado por Tito Alegr\u00eda Negr\u00f3n, director ejecutivo de la C\u00e1mara Nacional de Turismo (Canatur) &#8211; instituci\u00f3n que celebra 50 a\u00f1os de vida institucional- en el contexto del XV Congreso Nacional de Turismo en que participaron diversas autoridades y gremios empresariales de diferentes sectores.<\/strong><\/em><\/span><\/p>\n<p style=\"text-align: justify;\"><span style=\"color: #333399;\"><em><strong><span style=\"color: #800080;\">\u201cEl Premio Nacional de Turismo se constituye en el reconocimiento m\u00e1s importante que realiza la industria privada de turismo en el Per\u00fa. En este marco la Canatur ha tenido a bien reconocer con el Premio Nacional de Turismo a la doctora Ruth Shady, por una vida a favor del desarrollo de la gesti\u00f3n cultural, la gesti\u00f3n tur\u00edstica en el patrimonio y en especial en Caral\u201d<\/span>,\u00a0 puntualiz\u00f3 Alegr\u00eda Negr\u00f3n.<\/strong><\/em><\/span><\/p>\n<p><a href=\"https:\/\/www.turistamagazine.com\/v2\/wp-content\/uploads\/2021\/12\/000830518M.jpg\"><img decoding=\"async\" class=\"wp-image-54393 aligncenter\" src=\"https:\/\/www.turistamagazine.com\/v2\/wp-content\/uploads\/2021\/12\/000830518M.jpg\" alt=\"\" width=\"630\" height=\"421\" srcset=\"https:\/\/www.turistamagazine.com\/v2\/wp-content\/uploads\/2021\/12\/000830518M.jpg 500w, https:\/\/www.turistamagazine.com\/v2\/wp-content\/uploads\/2021\/12\/000830518M-300x200.jpg 300w\" sizes=\"(max-width: 630px) 100vw, 630px\" \/><\/a><\/p>\n<p style=\"text-align: justify;\"><span style=\"color: #333399;\"><em><strong>\u201cLa doctora Ruth Shady personifica todas las caracter\u00edsticas, todos los valores que el premio busca y reconoce. El sacrificio, trabajo, formaci\u00f3n, amor al pa\u00eds; son algunas de esas caracter\u00edsticas que encontramos en esta vida de trabajo que ha realizado nuestra famosa arque\u00f3loga. Felicitaciones doctora Ruth Shady, amauta viva de la cultura y del turismo peruano\u201d, concluy\u00f3.<\/strong><\/em><\/span><\/p>\n<p style=\"text-align: justify;\"><span style=\"color: #800080;\"><em><strong>Por su lado, Shady Sol\u00eds, directora de la Zona Arqueol\u00f3gica Caral, Unidad Ejecutora 003 del Ministerio de Cultura, sostuvo que es un honor para ella recibir dicho premio, que reconoce el trabajo de todo el equipo multidisciplinario de dicha zona.<\/strong><\/em><\/span><\/p>\n<p style=\"text-align: justify;\"><span style=\"color: #333399;\"><em><strong>A\u00f1adi\u00f3 que se han\u00a0 cumplido 27 a\u00f1os de trabajar en la investigaci\u00f3n, conservaci\u00f3n y difusi\u00f3n de doce antiguos centros urbanos de la Civilizaci\u00f3n Caral, la primera de Am\u00e9rica, as\u00ed como en la transmisi\u00f3n de la historia social y cultural para el beneficio de la sociedad peruana y del extranjero.<\/strong><\/em><\/span><\/p>\n<p style=\"text-align: justify;\"><span style=\"color: #333399;\"><em><strong><span style=\"color: #800080;\">\u201cQue esta celebraci\u00f3n nos lleve a reflexionar, a generar cambios, a conocer la historia a trav\u00e9s del turismo que se desarroll\u00f3 en diversas partes del pa\u00eds. Este Congreso es muy importante porque en nuestro pa\u00eds se requiere promover reflexiones a trav\u00e9s del conocimiento de nuestra historia desarrollada en cada parte de nuestro territorio\u2026 Esperamos que tengan \u00e9xito en promover el turismo con una visi\u00f3n integral desarrollo del pa\u00eds\u201d,<\/span> sostuvo la antrop\u00f3loga.<\/strong><\/em><\/span><\/p>\n<p>F\/ Andina<\/p>\n","protected":false},"excerpt":{"rendered":"<p>Distinci\u00f3n se la otorg\u00f3 la Canatur por aportar tambi\u00e9n al desarrollo del turismo en el Per\u00fa 10\/|12\/2021\/ Paracas.- En reconocimiento a su destacada trayectoria y trabajo desarrollado en la conservaci\u00f3n y protecci\u00f3n de nuestro patrimonio cultural, la arque\u00f3loga Ruth Shady Sol\u00eds, principal investigadora de la Civilizaci\u00f3n Caral, recibi\u00f3 el Premio Nacional de Turismo 2021. El premio fue entregado por Tito Alegr\u00eda Negr\u00f3n, director ejecutivo de la C\u00e1mara Nacional de Turismo (Canatur) &#8211; instituci\u00f3n que celebra 50 a\u00f1os de vida institucional- en el contexto del XV Congreso Nacional de Turismo en que participaron diversas autoridades y gremios empresariales de diferentes sectores&#8230;.<\/p>\n","protected":false},"author":1,"featured_media":54392,"comment_status":"open","ping_status":"open","sticky":false,"template":"","format":"standard","meta":{"footnotes":""},"categories":[4,82],"tags":[11269,10674,10219,10556],"class_list":["post-54391","post","type-post","status-publish","format-standard","has-post-thumbnail","hentry","category-breaking-news","category-nacionales","tag-carallaciudadsagrada","tag-ruthshady","tag-semanarioturistamagazine","tag-turismagazine"],"_links":{"self":[{"href":"https:\/\/www.turistamagazine.com\/v2\/index.php?rest_route=\/wp\/v2\/posts\/54391","targetHints":{"allow":["GET"]}}],"collection":[{"href":"https:\/\/www.turistamagazine.com\/v2\/index.php?rest_route=\/wp\/v2\/posts"}],"about":[{"href":"https:\/\/www.turistamagazine.com\/v2\/index.php?rest_route=\/wp\/v2\/types\/post"}],"author":[{"embeddable":true,"href":"https:\/\/www.turistamagazine.com\/v2\/index.php?rest_route=\/wp\/v2\/users\/1"}],"replies":[{"embeddable":true,"href":"https:\/\/www.turistamagazine.com\/v2\/index.php?rest_route=%2Fwp%2Fv2%2Fcomments&post=54391"}],"version-history":[{"count":1,"href":"https:\/\/www.turistamagazine.com\/v2\/index.php?rest_route=\/wp\/v2\/posts\/54391\/revisions"}],"predecessor-version":[{"id":54394,"href":"https:\/\/www.turistamagazine.com\/v2\/index.php?rest_route=\/wp\/v2\/posts\/54391\/revisions\/54394"}],"wp:featuredmedia":[{"embeddable":true,"href":"https:\/\/www.turistamagazine.com\/v2\/index.php?rest_route=\/wp\/v2\/media\/54392"}],"wp:attachment":[{"href":"https:\/\/www.turistamagazine.com\/v2\/index.php?rest_route=%2Fwp%2Fv2%2Fmedia&parent=54391"}],"wp:term":[{"taxonomy":"category","embeddable":true,"href":"https:\/\/www.turistamagazine.com\/v2\/index.php?rest_route=%2Fwp%2Fv2%2Fcategories&post=54391"},{"taxonomy":"post_tag","embeddable":true,"href":"https:\/\/www.turistamagazine.com\/v2\/index.php?rest_route=%2Fwp%2Fv2%2Ftags&post=54391"}],"curies":[{"name":"wp","href":"https:\/\/api.w.org\/{rel}","templated":true}]}}