{"id":54382,"date":"2021-12-10T08:42:43","date_gmt":"2021-12-10T13:42:43","guid":{"rendered":"https:\/\/www.turistamagazine.com\/v2\/?p=54382"},"modified":"2021-12-10T15:51:09","modified_gmt":"2021-12-10T20:51:09","slug":"pesebre-de-huancavelica-en-el-vaticano","status":"publish","type":"post","link":"https:\/\/www.turistamagazine.com\/v2\/?p=54382","title":{"rendered":"PESEBRE DE HUANCAVELICA EN EL VATICANO"},"content":{"rendered":"<p style=\"text-align: justify;\"><span style=\"color: #333399;\"><em><strong>10\/|12\/2021\/ Huancavelica.- <span style=\"color: #800080;\">Hoy viernes 10 de diciembre ser\u00e1 un d\u00eda especial e inolvidable para los pobladores de Huancavelica, regi\u00f3n que estar\u00e1 ante los ojos del mundo. En la Ciudad del Vaticano, la capital del catolicismo, se develar\u00e1, en una ceremonia en la plaza San Pedro, un pesebre a escala real creado por la comunidad huancavelicana de Chopcca.<\/span><\/strong><\/em><\/span><\/p>\n<p style=\"text-align: justify;\"><span style=\"color: #333399;\"><em><strong>El pesebre peruano de Chopcca, a develarse en la plaza de San Pedro del Vaticano, est\u00e1 compuesto por m\u00e1s de 30 piezas de arte popular e imaginer\u00eda, elaboradas de manera minuciosa por cinco reconocidos artesanos huancavelicanos.\u00a0\u00a0<\/strong><\/em><\/span><\/p>\n<p style=\"text-align: justify;\"><span style=\"color: #800080;\"><em><strong>Los personajes como la virgen Mar\u00eda, San Jos\u00e9, el ni\u00f1o Jes\u00fas y los pastores han sido trabajados en cer\u00e1mica, madera maguey y fibra de vidrio, y visten los trajes t\u00edpicos de Chopcca; mientras que los reyes magos llevan alforjas con papa, quinua, ma\u00edz y otros.\u00a0<\/strong><\/em><\/span><\/p>\n<p style=\"text-align: justify;\"><span style=\"color: #333399;\"><em><strong>La exhibici\u00f3n, por primera vez, de un pesebre peruano en la Santa Sede coincide con las actividades conmemorativas por el Bicentenario de la Independencia del Per\u00fa. Este acontecimiento, sin duda, es motivo de orgullo para la regi\u00f3n y el Per\u00fa entero.<\/strong><\/em><\/span><\/p>\n<div id=\"attachment_54419\" style=\"width: 640px\" class=\"wp-caption aligncenter\"><a href=\"https:\/\/www.turistamagazine.com\/v2\/wp-content\/uploads\/2021\/12\/Nacimiento-peruano-en-el-Vaticano-2.jpg\"><img decoding=\"async\" aria-describedby=\"caption-attachment-54419\" class=\"wp-image-54419\" src=\"https:\/\/www.turistamagazine.com\/v2\/wp-content\/uploads\/2021\/12\/Nacimiento-peruano-en-el-Vaticano-2.jpg\" alt=\"\" width=\"630\" height=\"420\" srcset=\"https:\/\/www.turistamagazine.com\/v2\/wp-content\/uploads\/2021\/12\/Nacimiento-peruano-en-el-Vaticano-2.jpg 922w, https:\/\/www.turistamagazine.com\/v2\/wp-content\/uploads\/2021\/12\/Nacimiento-peruano-en-el-Vaticano-2-300x200.jpg 300w, https:\/\/www.turistamagazine.com\/v2\/wp-content\/uploads\/2021\/12\/Nacimiento-peruano-en-el-Vaticano-2-768x512.jpg 768w, https:\/\/www.turistamagazine.com\/v2\/wp-content\/uploads\/2021\/12\/Nacimiento-peruano-en-el-Vaticano-2-630x420.jpg 630w, https:\/\/www.turistamagazine.com\/v2\/wp-content\/uploads\/2021\/12\/Nacimiento-peruano-en-el-Vaticano-2-610x407.jpg 610w\" sizes=\"(max-width: 630px) 100vw, 630px\" \/><\/a><p id=\"caption-attachment-54419\" class=\"wp-caption-text\"><em><strong>Nacimiento peruano en el Vaticano<\/strong><\/em><\/p><\/div>\n<p style=\"text-align: center;\"><em><strong><span style=\"color: #333399;\">\u00a0<\/span><\/strong><\/em><\/p>\n<p>F\/ Andina<\/p>\n<p style=\"text-align: justify;\">\n","protected":false},"excerpt":{"rendered":"<p>10\/|12\/2021\/ Huancavelica.- Hoy viernes 10 de diciembre ser\u00e1 un d\u00eda especial e inolvidable para los pobladores de Huancavelica, regi\u00f3n que estar\u00e1 ante los ojos del mundo. En la Ciudad del Vaticano, la capital del catolicismo, se develar\u00e1, en una ceremonia en la plaza San Pedro, un pesebre a escala real creado por la comunidad huancavelicana de Chopcca. El pesebre peruano de Chopcca, a develarse en la plaza de San Pedro del Vaticano, est\u00e1 compuesto por m\u00e1s de 30 piezas de arte popular e imaginer\u00eda, elaboradas de manera minuciosa por cinco reconocidos artesanos huancavelicanos.\u00a0\u00a0 Los personajes como la virgen Mar\u00eda, San&#8230;<\/p>\n","protected":false},"author":1,"featured_media":54420,"comment_status":"open","ping_status":"open","sticky":false,"template":"","format":"standard","meta":{"footnotes":""},"categories":[4,82],"tags":[11391,10219,10556,340,300],"class_list":["post-54382","post","type-post","status-publish","format-standard","has-post-thumbnail","hentry","category-breaking-news","category-nacionales","tag-pesebredechopcca","tag-semanarioturistamagazine","tag-turismagazine","tag-peru","tag-vaticano"],"_links":{"self":[{"href":"https:\/\/www.turistamagazine.com\/v2\/index.php?rest_route=\/wp\/v2\/posts\/54382","targetHints":{"allow":["GET"]}}],"collection":[{"href":"https:\/\/www.turistamagazine.com\/v2\/index.php?rest_route=\/wp\/v2\/posts"}],"about":[{"href":"https:\/\/www.turistamagazine.com\/v2\/index.php?rest_route=\/wp\/v2\/types\/post"}],"author":[{"embeddable":true,"href":"https:\/\/www.turistamagazine.com\/v2\/index.php?rest_route=\/wp\/v2\/users\/1"}],"replies":[{"embeddable":true,"href":"https:\/\/www.turistamagazine.com\/v2\/index.php?rest_route=%2Fwp%2Fv2%2Fcomments&post=54382"}],"version-history":[{"count":5,"href":"https:\/\/www.turistamagazine.com\/v2\/index.php?rest_route=\/wp\/v2\/posts\/54382\/revisions"}],"predecessor-version":[{"id":54422,"href":"https:\/\/www.turistamagazine.com\/v2\/index.php?rest_route=\/wp\/v2\/posts\/54382\/revisions\/54422"}],"wp:featuredmedia":[{"embeddable":true,"href":"https:\/\/www.turistamagazine.com\/v2\/index.php?rest_route=\/wp\/v2\/media\/54420"}],"wp:attachment":[{"href":"https:\/\/www.turistamagazine.com\/v2\/index.php?rest_route=%2Fwp%2Fv2%2Fmedia&parent=54382"}],"wp:term":[{"taxonomy":"category","embeddable":true,"href":"https:\/\/www.turistamagazine.com\/v2\/index.php?rest_route=%2Fwp%2Fv2%2Fcategories&post=54382"},{"taxonomy":"post_tag","embeddable":true,"href":"https:\/\/www.turistamagazine.com\/v2\/index.php?rest_route=%2Fwp%2Fv2%2Ftags&post=54382"}],"curies":[{"name":"wp","href":"https:\/\/api.w.org\/{rel}","templated":true}]}}