{"id":54340,"date":"2021-12-08T16:06:41","date_gmt":"2021-12-08T21:06:41","guid":{"rendered":"https:\/\/www.turistamagazine.com\/v2\/?p=54340"},"modified":"2021-12-08T16:07:37","modified_gmt":"2021-12-08T21:07:37","slug":"turismo-social-una-realidad-indiscutible","status":"publish","type":"post","link":"https:\/\/www.turistamagazine.com\/v2\/?p=54340","title":{"rendered":"TURISMO SOCIAL, UNA REALIDAD INDISCUTIBLE"},"content":{"rendered":"<p style=\"text-align: center;\"><em><strong><span style=\"color: #333399;\">La mod\u00e9lica actividad de los viajes del IMSERSO, activado precisamente este mes en Espa\u00f1a, bien podr\u00eda ser una actividad a copiar por todos los pa\u00edses del mundo, bien gestionado con expertos en su conocimiento y en la gobernanza del sistema, es\u00a0 un signo evidente del aumento de la calidad de vida\u2026<\/span><\/strong><\/em><\/p>\n<p style=\"text-align: left;\"><em><strong><span style=\"color: #333399;\"><span style=\"color: #800080;\">\u201cCon el apoyo de las autoridades p\u00fablicas se desarrollar\u00e1 el turismo social, en particular el turismo asociativo que permite al acceso de la mayor\u00eda de los ciudadanos al ocio, a los viajes y a las vacaciones.\u201d<\/span> (C\u00f3digo \u00c9tico Mundial para el Turismo)<\/span><\/strong><\/em><\/p>\n<h4 style=\"text-align: center;\"><span style=\"color: #333399;\"><em><strong>SIN TURISMO, NO HAY PARAISO<\/strong><\/em><\/span><\/h4>\n<p><em><strong>Por. Antonio-Pedro Tejera Reyes*<\/strong><\/em><\/p>\n<p style=\"text-align: justify;\"><span style=\"color: #333399;\"><em><strong>No hay que darle muchas vueltas al tema. El fen\u00f3meno del turismo como se le calificaba en los a\u00f1os sesenta del pasado siglo, se ha convertido en una conquista social que ya lo vaticinaban hombres como Luis Fern\u00e1ndez Fuster o Jos\u00e9 Ignacio de Arrillaga all\u00e1 por esos a\u00f1os, sin estar comprometidos con inversiones hoteleras o como agentes de viajes, solo como firmes pensadores en la evoluci\u00f3n de la sociedad mundial, hombres que bien pudieron ser componentes del prestigioso Instituto Hudson y sus estudiosos\u00a0 avances sobre el futuro del mundo.<\/strong><\/em><\/span><\/p>\n<div id=\"attachment_54343\" style=\"width: 640px\" class=\"wp-caption aligncenter\"><a href=\"https:\/\/www.turistamagazine.com\/v2\/wp-content\/uploads\/2021\/12\/Herman-Kahn.jpg\"><img decoding=\"async\" aria-describedby=\"caption-attachment-54343\" class=\"wp-image-54343\" src=\"https:\/\/www.turistamagazine.com\/v2\/wp-content\/uploads\/2021\/12\/Herman-Kahn.jpg\" alt=\"\" width=\"630\" height=\"417\" srcset=\"https:\/\/www.turistamagazine.com\/v2\/wp-content\/uploads\/2021\/12\/Herman-Kahn.jpg 612w, https:\/\/www.turistamagazine.com\/v2\/wp-content\/uploads\/2021\/12\/Herman-Kahn-300x199.jpg 300w, https:\/\/www.turistamagazine.com\/v2\/wp-content\/uploads\/2021\/12\/Herman-Kahn-610x404.jpg 610w\" sizes=\"(max-width: 630px) 100vw, 630px\" \/><\/a><p id=\"caption-attachment-54343\" class=\"wp-caption-text\"><em><strong><span style=\"color: #333399;\">Herman Kahn, \u201calma mater\u201d del Instituto Hudson organizaci\u00f3n de investigaci\u00f3n de la evoluci\u00f3n de la sociedad mundial, ubicada en Nueva York, en la cual venimos desde hace muchos a\u00f1os, apoyando nuestra actividad en las ense\u00f1anzas del desarrollo del turismo en todo el mundo. (gettyimages) <\/span><\/strong><\/em><\/p><\/div>\n<p style=\"text-align: justify;\"><span style=\"color: #800080;\"><em><strong>Las vueltas y revueltas que hemos venido observando en el manejo en Espa\u00f1a del tema del IMSERSO, nos ha tenido pendientes de su evoluci\u00f3n, ya que este es un modelo de lo que se puede hacer como mejora de la calidad de vida en base a un desarrollo ordenado del turismo social.<\/strong><\/em><\/span><\/p>\n<p style=\"text-align: justify;\"><span style=\"color: #333399;\"><em><strong>El IMSERSO en Espa\u00f1a, responde a un programa de gesti\u00f3n, nacido en 1978, y sus siglas significan, Instituto de Mayores y Servicios Sociales, cuya misi\u00f3n consiste en ser\u00a0 una de las entidades gestoras de la Seguridad Social de Espa\u00f1a, responsable de los servicios sociales complementarios de las prestaciones.<\/strong><\/em><\/span><\/p>\n<div id=\"attachment_54344\" style=\"width: 640px\" class=\"wp-caption aligncenter\"><a href=\"https:\/\/www.turistamagazine.com\/v2\/wp-content\/uploads\/2021\/12\/Imserso.png\"><img decoding=\"async\" aria-describedby=\"caption-attachment-54344\" class=\"wp-image-54344\" src=\"https:\/\/www.turistamagazine.com\/v2\/wp-content\/uploads\/2021\/12\/Imserso.png\" alt=\"\" width=\"630\" height=\"458\" srcset=\"https:\/\/www.turistamagazine.com\/v2\/wp-content\/uploads\/2021\/12\/Imserso.png 870w, https:\/\/www.turistamagazine.com\/v2\/wp-content\/uploads\/2021\/12\/Imserso-300x218.png 300w, https:\/\/www.turistamagazine.com\/v2\/wp-content\/uploads\/2021\/12\/Imserso-768x559.png 768w, https:\/\/www.turistamagazine.com\/v2\/wp-content\/uploads\/2021\/12\/Imserso-577x420.png 577w, https:\/\/www.turistamagazine.com\/v2\/wp-content\/uploads\/2021\/12\/Imserso-220x160.png 220w\" sizes=\"(max-width: 630px) 100vw, 630px\" \/><\/a><p id=\"caption-attachment-54344\" class=\"wp-caption-text\"><em><strong><span style=\"color: #333399;\">La fuerza de los viajes del IMSERSO, en Espa\u00f1a, esta centrada en la tercera edad como eje principal, pero se extiende a todas las edades en el momento de cerrar los viajes<\/span><\/strong><\/em><\/p><\/div>\n<p style=\"text-align: justify;\"><span style=\"color: #800080;\"><em><strong>El programa de viajes del IMSERSO, es su relevante aportaci\u00f3n al sector de la tercera edad,\u00a0 una actividad que conocemos a fondo pues desde sus comienzos hemos estado en relaci\u00f3n directa con este emprendimiento, tanto con empresarios y organismos participantes en el tema, como con los propios beneficiarios. Todo un amplio panorama, que nos abre las puertas para ver al turismo como lo que realmente es: Una imparable evoluci\u00f3n conquista de la sociedad mundial.<\/strong><\/em><\/span><\/p>\n<div id=\"attachment_54345\" style=\"width: 640px\" class=\"wp-caption aligncenter\"><a href=\"https:\/\/www.turistamagazine.com\/v2\/wp-content\/uploads\/2021\/12\/calidad-de-Vida.jpg\"><img decoding=\"async\" aria-describedby=\"caption-attachment-54345\" class=\"wp-image-54345\" src=\"https:\/\/www.turistamagazine.com\/v2\/wp-content\/uploads\/2021\/12\/calidad-de-Vida.jpg\" alt=\"\" width=\"630\" height=\"473\" srcset=\"https:\/\/www.turistamagazine.com\/v2\/wp-content\/uploads\/2021\/12\/calidad-de-Vida.jpg 800w, https:\/\/www.turistamagazine.com\/v2\/wp-content\/uploads\/2021\/12\/calidad-de-Vida-300x225.jpg 300w, https:\/\/www.turistamagazine.com\/v2\/wp-content\/uploads\/2021\/12\/calidad-de-Vida-768x576.jpg 768w, https:\/\/www.turistamagazine.com\/v2\/wp-content\/uploads\/2021\/12\/calidad-de-Vida-560x420.jpg 560w\" sizes=\"(max-width: 630px) 100vw, 630px\" \/><\/a><p id=\"caption-attachment-54345\" class=\"wp-caption-text\"><span style=\"color: #333399;\"><em><strong>\u201cCalidad de vida\u201d, con los programas de viajes del IMSERSO, es una realidad experimentada en Espa\u00f1a por millones de personas que se benefician del imponente aparato que sostiene la actividad tur\u00edstica del pa\u00eds, aportando un valor a\u00f1adido con el aprovechamiento de las \u201ctemporadas bajas\u201d para mantener todo el operativo en movimiento, lo cual supone una bien meditada estrategia como apoyo al bienestar de sus habitantes; mantenimiento del consumo, del empleo, actividad comercial e industrial\u2026 todo un escenario real necesariamente transportable a todos los pa\u00edses del mundo que quieran que su habitantes progresen. <\/strong><\/em><\/span><\/p><\/div>\n<h4 style=\"text-align: center;\"><span style=\"color: #800080;\"><em><strong>CULTURA, SOCIEDAD, TURISMO<\/strong><\/em><\/span><\/h4>\n<p style=\"text-align: justify;\"><span style=\"color: #333399;\"><em><strong>El turismo social, ese que en Espa\u00f1a canaliza el IMSERSO, se expande por el mundo de forma imparable, movilizado por el cambio espectacular del pensamiento de las generaciones que avanzan sin pausa, t<span style=\"color: #800080;\">ales como la X, la Z, la ALPHA\u00a0 los milleniums,<\/span> o ese bloque mundial que forma la tercera edad, hoy organiz\u00e1ndose en todo el mundo, incluso como partido pol\u00edtico, pero siempre con la base cierta de su origen como\u00a0 movimiento social del gran mundo, nunca como una \u00e9lite privilegiada, la cual tiene su propio campo de desarrollo dentro tambi\u00e9n de la evoluci\u00f3n del turismo en todo el mundo.<\/strong><\/em><\/span><\/p>\n<p style=\"text-align: justify;\"><span style=\"color: #333399;\"><em><strong>La distribuci\u00f3n de la econom\u00eda mundial que ha producido el turismo, rescatando de la pobreza a pa\u00edses enteros, est\u00e1 significadamente propagada por la Organizaci\u00f3n Mundial del Turismo, de forma que no nos cansamos de publicarla: <span style=\"color: #800080;\">\u201cEl turismo es riqueza para la persona, para la familia, para la comunidad, para el mundo entero.\u201d<\/span> Mas claro, el agua.<\/strong><\/em><\/span><\/p>\n<div id=\"attachment_54346\" style=\"width: 640px\" class=\"wp-caption aligncenter\"><a href=\"https:\/\/www.turistamagazine.com\/v2\/wp-content\/uploads\/2021\/12\/Desayuno.jpg\"><img decoding=\"async\" aria-describedby=\"caption-attachment-54346\" class=\"wp-image-54346\" src=\"https:\/\/www.turistamagazine.com\/v2\/wp-content\/uploads\/2021\/12\/Desayuno.jpg\" alt=\"\" width=\"630\" height=\"473\" srcset=\"https:\/\/www.turistamagazine.com\/v2\/wp-content\/uploads\/2021\/12\/Desayuno.jpg 800w, https:\/\/www.turistamagazine.com\/v2\/wp-content\/uploads\/2021\/12\/Desayuno-300x225.jpg 300w, https:\/\/www.turistamagazine.com\/v2\/wp-content\/uploads\/2021\/12\/Desayuno-768x576.jpg 768w, https:\/\/www.turistamagazine.com\/v2\/wp-content\/uploads\/2021\/12\/Desayuno-560x420.jpg 560w\" sizes=\"(max-width: 630px) 100vw, 630px\" \/><\/a><p id=\"caption-attachment-54346\" class=\"wp-caption-text\"><span style=\"color: #333399;\"><strong><em>En la extraordinaria cadena de consumo la gastronom\u00eda interviene en todo su desarrollo, desde la creaci\u00f3n del producto hasta su consumo, y a\u00fan mas, en la manipulaci\u00f3n de sus deshechos. Hotel Casa Andina, Lima. Per\u00fa. F\/ Tejera Reyes<\/em><\/strong><\/span><\/p><\/div>\n<p style=\"text-align: justify;\"><span style=\"color: #333399;\"><em><strong><span style=\"color: #800080;\">Esa riqueza ha hecho posible que los m\u00e1s modernos medios de comunicaci\u00f3n nos traigan hasta nuestra propia casa las bellezas de la Torre Eiffel, los paisajes de las cumbres nevadas de Los Alpes, o de Los Andes americanos,<\/span> y todo ese gran espect\u00e1culo del mundo de la historia, de La Naturaleza, de las conquistas del ocio\u2026 sol, playas y monta\u00f1as que han hecho despertar la ilusi\u00f3n del viaje hasta en los lugares m\u00e1s remotos\u00a0 del planeta. Real como la vida misma.<\/strong><\/em><\/span><\/p>\n<p style=\"text-align: justify;\"><span style=\"color: #800080;\"><em><strong>El slogan est\u00e1 ah\u00ed. Sin turismo no hay para\u00edso.<\/strong><\/em><\/span><\/p>\n<div id=\"attachment_54347\" style=\"width: 640px\" class=\"wp-caption aligncenter\"><a href=\"https:\/\/www.turistamagazine.com\/v2\/wp-content\/uploads\/2021\/12\/Encuesta.jpg\"><img decoding=\"async\" aria-describedby=\"caption-attachment-54347\" class=\"wp-image-54347\" src=\"https:\/\/www.turistamagazine.com\/v2\/wp-content\/uploads\/2021\/12\/Encuesta.jpg\" alt=\"\" width=\"630\" height=\"420\" srcset=\"https:\/\/www.turistamagazine.com\/v2\/wp-content\/uploads\/2021\/12\/Encuesta.jpg 800w, https:\/\/www.turistamagazine.com\/v2\/wp-content\/uploads\/2021\/12\/Encuesta-300x200.jpg 300w, https:\/\/www.turistamagazine.com\/v2\/wp-content\/uploads\/2021\/12\/Encuesta-768x512.jpg 768w, https:\/\/www.turistamagazine.com\/v2\/wp-content\/uploads\/2021\/12\/Encuesta-630x420.jpg 630w, https:\/\/www.turistamagazine.com\/v2\/wp-content\/uploads\/2021\/12\/Encuesta-610x406.jpg 610w\" sizes=\"(max-width: 630px) 100vw, 630px\" \/><\/a><p id=\"caption-attachment-54347\" class=\"wp-caption-text\"><span style=\"color: #333399;\"><em><strong>El turismo social es una conquista de la sociedad mundial irrenunciable. De los miles de alumnos que han pasado por nuestras aulas en varios pa\u00edses de Am\u00e9rica, Islas Canarias y alg\u00fan otro lugar de Espa\u00f1a, ni uno solo ha contestado, en nuestras encuestas, que no estuviese pensando en viajar. Todos ten\u00edan en la mente un viaje.<\/strong><\/em><\/span><\/p><\/div>\n<p style=\"text-align: justify;\"><span style=\"color: #333399;\"><em><strong>Una realidad, que ya no es solo un sue\u00f1o, es la meta que todos quieren alcanzar. Nadie piensa ya en ahorrar para el ma\u00f1ana. Quieren conocer de cerca lo que la televisi\u00f3n y los medios digitales les han metido en la mente. <span style=\"color: #800080;\">No es nada nuevo. Es algo que ha ido asent\u00e1ndose en la poblaci\u00f3n mundial, pues en nuestros recordados cursos en Venezuela, Colombia, Brasil, etc. hac\u00edamos una encuesta entre cientos de alumnos y ni uno solo quedaba sin nombrar el lugar donde le gustar\u00eda viajar.<\/span> Esos eran los a\u00f1os setenta del siglo pasado, no naci\u00f3 ayer. Lo que ocurre es que ahora los medios de comunicaci\u00f3n y el poder econ\u00f3mico que el turismo ha supuesto para todos los habitantes del mundo da la posibilidad del viaje. Si adem\u00e1s se incluye en este paquete, la creaci\u00f3n de organismos competentes bien gestionados y con las metas muy claras, el resultado es inevitablemente exitoso. <span style=\"color: #800080;\">\u201cSe beneficia mas quien mejor sirve\u201d,<\/span> dice Rotary Internacional, y sirviendo con conocimiento y aportando a la sociedad lo que quiere, es la mejor manera de servir y, naturalmente de beneficiarnos todos.<\/strong><\/em><\/span><\/p>\n<div id=\"attachment_49108\" style=\"width: 640px\" class=\"wp-caption aligncenter\"><a href=\"https:\/\/www.turistamagazine.com\/v2\/wp-content\/uploads\/2021\/01\/OMT.jpg\"><img decoding=\"async\" aria-describedby=\"caption-attachment-49108\" class=\"wp-image-49108\" src=\"https:\/\/www.turistamagazine.com\/v2\/wp-content\/uploads\/2021\/01\/OMT.jpg\" alt=\"\" width=\"630\" height=\"309\" srcset=\"https:\/\/www.turistamagazine.com\/v2\/wp-content\/uploads\/2021\/01\/OMT.jpg 800w, https:\/\/www.turistamagazine.com\/v2\/wp-content\/uploads\/2021\/01\/OMT-300x147.jpg 300w, https:\/\/www.turistamagazine.com\/v2\/wp-content\/uploads\/2021\/01\/OMT-768x377.jpg 768w, https:\/\/www.turistamagazine.com\/v2\/wp-content\/uploads\/2021\/01\/OMT-610x300.jpg 610w\" sizes=\"(max-width: 630px) 100vw, 630px\" \/><\/a><p id=\"caption-attachment-49108\" class=\"wp-caption-text\"><span style=\"color: #333399;\"><em><strong>Eso de la innovaci\u00f3n que se lo cuenten a los de la ense\u00f1anza tur\u00edstica. Aqu\u00ed, en el mismo centro de Madrid, bajo los auspicios de la OMT, se debat\u00eda si la Historia o la Geograf\u00eda deb\u00edan de ir en el primer a\u00f1o de estudios o en el \u00faltimo. Eso era innovaci\u00f3n para aquellos \u201centerados\u201d. \u00a1Lo que hay que ver Sancho!<\/strong><\/em><\/span><\/p><\/div>\n<p style=\"text-align: justify;\"><span style=\"color: #800080;\"><em><strong>Ah\u00ed es donde entra la modalidad del bajo coste amparado en la cantidad de viajeros que se mueven, sin despreciar la calidad pero gestionando de tal manera, que la mayor cantidad de viajeros sirva\u00a0 para abaratar sus costos de operaci\u00f3n, gesti\u00f3n que llega hasta la intervenci\u00f3n del\u00a0 mismo personal, como estamos viendo ahora que hasta las compa\u00f1\u00edas a\u00e9reas pactan con su personal el acomodo de sus sueldos para poder participa en los programas \u201clow cost\u201d,<\/strong><\/em><\/span><\/p>\n<h4 style=\"text-align: center;\"><span style=\"color: #800080;\"><em><strong>LA SOCIEDAD DE CONSUMO<\/strong><\/em><\/span><\/h4>\n<div id=\"attachment_54349\" style=\"width: 640px\" class=\"wp-caption aligncenter\"><a href=\"https:\/\/www.turistamagazine.com\/v2\/wp-content\/uploads\/2021\/12\/hotelicopter-1_mncxk_48.jpg\"><img decoding=\"async\" aria-describedby=\"caption-attachment-54349\" class=\"wp-image-54349\" src=\"https:\/\/www.turistamagazine.com\/v2\/wp-content\/uploads\/2021\/12\/hotelicopter-1_mncxk_48.jpg\" alt=\"\" width=\"630\" height=\"371\" srcset=\"https:\/\/www.turistamagazine.com\/v2\/wp-content\/uploads\/2021\/12\/hotelicopter-1_mncxk_48.jpg 640w, https:\/\/www.turistamagazine.com\/v2\/wp-content\/uploads\/2021\/12\/hotelicopter-1_mncxk_48-300x177.jpg 300w, https:\/\/www.turistamagazine.com\/v2\/wp-content\/uploads\/2021\/12\/hotelicopter-1_mncxk_48-610x359.jpg 610w\" sizes=\"(max-width: 630px) 100vw, 630px\" \/><\/a><p id=\"caption-attachment-54349\" class=\"wp-caption-text\"><em><strong><span style=\"color: #333399;\">Al turismo de lujo, no le faltan incentivos, pues desde esta propuesta del Hotel Helic\u00f3ptero, hasta los que est\u00e1n debajo del mar, llegamos a los vuelos super lujo desde los Emiratos \u00c1rabes a Londres, con boletos de hasta 25.000 d\u00f3lares\u2026<\/span><\/strong><\/em><\/p><\/div>\n<p style=\"text-align: justify;\"><span style=\"color: #333399;\"><em><strong><span style=\"color: #800080;\">Esa conquista que es el turismo social, avanzar\u00e1 sin parar en todo el mundo. A mejor y mayor retribuci\u00f3n econ\u00f3mica del personal, mayor posibilidad de viajar. Mayor distribuci\u00f3n de la riqueza, en todos sus sentidos pues desde el comercio a la industria, toda la actividad del turismo significa un impulso para su rendimiento econ\u00f3mico. No hay discusi\u00f3n en est\u00e9 t\u00e9rmino toda vez que su presencia es tan notoria que solo habr\u00eda que calcular el consumo que producen los ciudadanos al movilizarse y los medios que hay que emplear para atenderles, no solo en el transporte, sino desde las s\u00e1banas y toallas en los hoteles, hasta las servilletas de papel, sin entrar en la descomunal importancia de la gastronom\u00eda y todo el entramado socio-econ\u00f3mico que se tiene que mover con ella.<\/span><\/strong><\/em><\/span><\/p>\n<div id=\"attachment_54350\" style=\"width: 640px\" class=\"wp-caption aligncenter\"><a href=\"https:\/\/www.turistamagazine.com\/v2\/wp-content\/uploads\/2021\/12\/LOS-ANDES-PERU.jpg\"><img decoding=\"async\" aria-describedby=\"caption-attachment-54350\" class=\"wp-image-54350\" src=\"https:\/\/www.turistamagazine.com\/v2\/wp-content\/uploads\/2021\/12\/LOS-ANDES-PERU.jpg\" alt=\"\" width=\"630\" height=\"310\" srcset=\"https:\/\/www.turistamagazine.com\/v2\/wp-content\/uploads\/2021\/12\/LOS-ANDES-PERU.jpg 640w, https:\/\/www.turistamagazine.com\/v2\/wp-content\/uploads\/2021\/12\/LOS-ANDES-PERU-300x148.jpg 300w, https:\/\/www.turistamagazine.com\/v2\/wp-content\/uploads\/2021\/12\/LOS-ANDES-PERU-610x300.jpg 610w\" sizes=\"(max-width: 630px) 100vw, 630px\" \/><\/a><p id=\"caption-attachment-54350\" class=\"wp-caption-text\"><span style=\"color: #333399;\"><em><strong>En la mism\u00edsima Cordillera de Los Andes, Per\u00fa, pobladores ofreciendo sus t\u00edpicas artesan\u00edas, son una imagen constante de un apreciable valor tur\u00edstico.<\/strong><\/em><\/span><\/p><\/div>\n<p style=\"text-align: justify;\"><span style=\"color: #333399;\"><em><strong><span style=\"color: #800080;\">Todo este escenario es la realidad que vimos nacer desde\u00a0 aquellos viejos tiempos en que los camareros del Gran Hotel Taoro &#8211; Puerto de la Cruz, Tenerife &#8211; se reun\u00edan por las noches despu\u00e9s de sus faenas de trabajo a tomar whisky,\u00a0 imitando a los adinerados turistas que viajaban en aquel entonces a las Islas Canarias. Esto lo vivimos en primera persona.<\/span>\u00a0 Hoy esos camareros \u2013 con sus hijos y sus nietos, claro est\u00e1 &#8211; son parte de ese turismo social que ayudaron a conformar gracias a su trabajo bien hecho. a su gentil amabilidad y a la profesionalidad que respiraban por los cuatro costados.<\/strong><\/em><\/span><\/p>\n<p style=\"text-align: justify;\"><span style=\"color: #333399;\"><em><strong>\u00a0Estamos escribiendo sobre realidades vividas&#8230; <span style=\"color: #800080;\">Ya lo dijo S\u00e9neca. \u201cLargo es el camino de la ense\u00f1anza por medio de teor\u00edas. Breve\u00a0 y eficaz lo es, por medio de los ejemplos,\u201d<\/span> Aqu\u00ed es donde hemos llegado. Tenemos muchos\u00a0 mas recuerdos, si este no les gusta, <span style=\"color: #800080;\">como dir\u00eda Grucho Marx<\/span><\/strong><\/em><\/span><\/p>\n<div id=\"attachment_54351\" style=\"width: 640px\" class=\"wp-caption aligncenter\"><a href=\"https:\/\/www.turistamagazine.com\/v2\/wp-content\/uploads\/2021\/12\/Los-Alpes-Franceses.jpg\"><img decoding=\"async\" aria-describedby=\"caption-attachment-54351\" class=\"wp-image-54351\" src=\"https:\/\/www.turistamagazine.com\/v2\/wp-content\/uploads\/2021\/12\/Los-Alpes-Franceses.jpg\" alt=\"\" width=\"630\" height=\"287\" srcset=\"https:\/\/www.turistamagazine.com\/v2\/wp-content\/uploads\/2021\/12\/Los-Alpes-Franceses.jpg 800w, https:\/\/www.turistamagazine.com\/v2\/wp-content\/uploads\/2021\/12\/Los-Alpes-Franceses-300x137.jpg 300w, https:\/\/www.turistamagazine.com\/v2\/wp-content\/uploads\/2021\/12\/Los-Alpes-Franceses-768x349.jpg 768w, https:\/\/www.turistamagazine.com\/v2\/wp-content\/uploads\/2021\/12\/Los-Alpes-Franceses-610x278.jpg 610w\" sizes=\"(max-width: 630px) 100vw, 630px\" \/><\/a><p id=\"caption-attachment-54351\" class=\"wp-caption-text\"><em><strong><span style=\"color: #333399;\">Los Alpes franceses, la Estaci\u00f3n de Ski Les Menuires, punto obligado de atracci\u00f3n tur\u00edstica de invierno.<\/span><\/strong><\/em><\/p><\/div>\n<p style=\"text-align: justify;\"><span style=\"color: #333399;\"><em><strong>Uno de ellos, y para terminar este breve comentario, ser\u00eda en un curso sobre la innovaci\u00f3n en la ense\u00f1anza del turismo celebrado en Madrid, como dir\u00eda Miguel de Cervantes, en <span style=\"color: #800080;\">\u201cun lugar de cuyo nombre no quiero acordarme\u201d,<\/span> en cuyo curso, lleno de supuestos enterados del tema, se habl\u00f3 durante horas de innovar en las ense\u00f1anzas tur\u00edsticas \u2013 no quisimos intervenir, no servir\u00eda de nada \u2013 entendiendo ellos que se trataba de cambiar de lugar las materias que compon\u00edan aquellos obsoletos programas. No sab\u00edan otra cosa.<\/strong><\/em><\/span><\/p>\n<p style=\"text-align: justify;\"><span style=\"color: #800080;\"><em><strong>Creemos que lo mismo ocurre en muchos lugares cuando se habla de \u201cturismo social\u201d, al igual que mencionarles \u201cla cuenta sat\u00e9lite del turismo\u201d \u00bfQu\u00e9 ser\u00e1 eso Sancho?<\/strong><\/em><\/span><\/p>\n<p>&nbsp;<\/p>\n<h6><strong><em>*Miembro activo del Grupo de Expertos de la Organizaci\u00f3n Mundial del Turismo. OMT. De las Naciones Unidas. ONU.<\/em><\/strong><\/h6>\n<h6><strong><em>*Fundador de los Estudios de Turismo en las Islas Canarias.<\/em><\/strong><\/h6>\n<h6><strong><em>*Miembro del International Hall\u00a0 of\u00a0 Tourism\u00a0 Heroes. WTN.<\/em><\/strong><\/h6>\n<h6><strong><em>*Conseiller International, Associazione Intenazionale Stampa Tur\u00edstica AIST. (Italia)<\/em><\/strong><\/h6>\n<h6><strong><em>*Diplome D\u00b4Honneur. Uni\u00f3n des Escrivans et Journalistes Hellenes du Tourisme. FIJET. Federaci\u00f3n Mundial de Periodistas y Escritores de Turismo.<\/em><\/strong><\/h6>\n<h6><strong><em>*Inscrito en el Consejo Nacional de Ciencia, Tecnolog\u00eda e Innovaci\u00f3n. Per\u00fa.<\/em><\/strong><\/h6>\n<h6><strong><em>*Pluma de Oro de Rotary Internacional. Puerto de la Cruz. Tenerife. Islas Canarias<\/em><\/strong><\/h6>\n<p><a href=\"https:\/\/www.turistamagazine.com\/v2\/wp-content\/uploads\/2021\/09\/Logo-nuevo.jpg\"><img decoding=\"async\" class=\"wp-image-53117 aligncenter\" src=\"https:\/\/www.turistamagazine.com\/v2\/wp-content\/uploads\/2021\/09\/Logo-nuevo.jpg\" sizes=\"(max-width: 500px) 100vw, 500px\" srcset=\"https:\/\/www.turistamagazine.com\/v2\/wp-content\/uploads\/2021\/09\/Logo-nuevo.jpg 766w, https:\/\/www.turistamagazine.com\/v2\/wp-content\/uploads\/2021\/09\/Logo-nuevo-300x285.jpg 300w, https:\/\/www.turistamagazine.com\/v2\/wp-content\/uploads\/2021\/09\/Logo-nuevo-442x420.jpg 442w\" alt=\"\" width=\"500\" height=\"475\" \/><\/a><\/p>\n<p><a href=\"https:\/\/www.turistamagazine.com\/v2\/wp-content\/uploads\/2021\/11\/Banner2.jpg\"><img decoding=\"async\" class=\"wp-image-54150 aligncenter\" src=\"https:\/\/www.turistamagazine.com\/v2\/wp-content\/uploads\/2021\/11\/Banner2.jpg\" sizes=\"(max-width: 630px) 100vw, 630px\" srcset=\"https:\/\/www.turistamagazine.com\/v2\/wp-content\/uploads\/2021\/11\/Banner2.jpg 960w, https:\/\/www.turistamagazine.com\/v2\/wp-content\/uploads\/2021\/11\/Banner2-300x63.jpg 300w, https:\/\/www.turistamagazine.com\/v2\/wp-content\/uploads\/2021\/11\/Banner2-768x160.jpg 768w, https:\/\/www.turistamagazine.com\/v2\/wp-content\/uploads\/2021\/11\/Banner2-610x127.jpg 610w\" alt=\"\" width=\"630\" height=\"131\" \/><\/a><\/p>\n<p>&nbsp;<\/p>\n","protected":false},"excerpt":{"rendered":"<p>La mod\u00e9lica actividad de los viajes del IMSERSO, activado precisamente este mes en Espa\u00f1a, bien podr\u00eda ser una actividad a copiar por todos los pa\u00edses del mundo, bien gestionado con expertos en su conocimiento y en la gobernanza del sistema, es\u00a0 un signo evidente del aumento de la calidad de vida\u2026 \u201cCon el apoyo de las autoridades p\u00fablicas se desarrollar\u00e1 el turismo social, en particular el turismo asociativo que permite al acceso de la mayor\u00eda de los ciudadanos al ocio, a los viajes y a las vacaciones.\u201d (C\u00f3digo \u00c9tico Mundial para el Turismo) SIN TURISMO, NO HAY PARAISO Por. Antonio-Pedro&#8230;<\/p>\n","protected":false},"author":1,"featured_media":54341,"comment_status":"open","ping_status":"open","sticky":false,"template":"","format":"standard","meta":{"footnotes":""},"categories":[85],"tags":[10210,10219,10556,11660],"class_list":["post-54340","post","type-post","status-publish","format-standard","has-post-thumbnail","hentry","category-colum-invitados","tag-antonio-pedrotejerareyes","tag-semanarioturistamagazine","tag-turismagazine","tag-turismosocial"],"_links":{"self":[{"href":"https:\/\/www.turistamagazine.com\/v2\/index.php?rest_route=\/wp\/v2\/posts\/54340","targetHints":{"allow":["GET"]}}],"collection":[{"href":"https:\/\/www.turistamagazine.com\/v2\/index.php?rest_route=\/wp\/v2\/posts"}],"about":[{"href":"https:\/\/www.turistamagazine.com\/v2\/index.php?rest_route=\/wp\/v2\/types\/post"}],"author":[{"embeddable":true,"href":"https:\/\/www.turistamagazine.com\/v2\/index.php?rest_route=\/wp\/v2\/users\/1"}],"replies":[{"embeddable":true,"href":"https:\/\/www.turistamagazine.com\/v2\/index.php?rest_route=%2Fwp%2Fv2%2Fcomments&post=54340"}],"version-history":[{"count":4,"href":"https:\/\/www.turistamagazine.com\/v2\/index.php?rest_route=\/wp\/v2\/posts\/54340\/revisions"}],"predecessor-version":[{"id":54353,"href":"https:\/\/www.turistamagazine.com\/v2\/index.php?rest_route=\/wp\/v2\/posts\/54340\/revisions\/54353"}],"wp:featuredmedia":[{"embeddable":true,"href":"https:\/\/www.turistamagazine.com\/v2\/index.php?rest_route=\/wp\/v2\/media\/54341"}],"wp:attachment":[{"href":"https:\/\/www.turistamagazine.com\/v2\/index.php?rest_route=%2Fwp%2Fv2%2Fmedia&parent=54340"}],"wp:term":[{"taxonomy":"category","embeddable":true,"href":"https:\/\/www.turistamagazine.com\/v2\/index.php?rest_route=%2Fwp%2Fv2%2Fcategories&post=54340"},{"taxonomy":"post_tag","embeddable":true,"href":"https:\/\/www.turistamagazine.com\/v2\/index.php?rest_route=%2Fwp%2Fv2%2Ftags&post=54340"}],"curies":[{"name":"wp","href":"https:\/\/api.w.org\/{rel}","templated":true}]}}