{"id":54334,"date":"2021-12-08T10:45:30","date_gmt":"2021-12-08T15:45:30","guid":{"rendered":"https:\/\/www.turistamagazine.com\/v2\/?p=54334"},"modified":"2021-12-09T13:04:43","modified_gmt":"2021-12-09T18:04:43","slug":"miss-puerto-rico-michelle-marie-colon-recuerda-a-su-bisabuelo-judio-en-emotiva-visita-al-memorial-yad-vashem","status":"publish","type":"post","link":"https:\/\/www.turistamagazine.com\/v2\/?p=54334","title":{"rendered":"MISS PUERTO RICO, MICHELLE MARIE COL\u00d3N, RECUERDA A SU BISABUELO JUD\u00cdO EN EMOTIVA VISITA AL MEMORIAL YAD VASHEM"},"content":{"rendered":"<p style=\"text-align: center;\">\u00a0<span style=\"color: #333399;\"><em><strong>Esta semana, en Israel, donde se celebra el concurso, ha hecho gala de su orgullo por otro aspecto de su herencia: su bisabuelo jud\u00edo, que escap\u00f3 del Holocausto.<\/strong><\/em><\/span><\/p>\n<p style=\"text-align: justify;\"><span style=\"color: #333399;\"><em><strong>La semana pasada, Colon public\u00f3 una foto en la que aparec\u00eda cogida de la mano de Noa Cochva, la participante israel\u00ed en el concurso, bajo una pared cubierta de retratos de v\u00edctimas del Holocausto.<\/strong><\/em><\/span><\/p>\n<p style=\"text-align: justify;\"><span style=\"color: #800080;\"><em><strong>\u201cMi bisabuelo, Rodolfo Cohn, fue un superviviente del Holocausto\u201d, escribi\u00f3 Colon. \u201cSe traslad\u00f3 al Caribe y conoci\u00f3 a Dorila Thomas, mi bisabuela; una mujer afrocaribe\u00f1a empoderada -descendiente de esclavos- que era la administradora de una granja en aquella \u00e9poca. Juntos, formaron una s\u00f3lida familia llena de amor, construida sobre la empat\u00eda y la resiliencia\u201d.<\/strong><\/em><\/span><\/p>\n<p style=\"text-align: justify;\"><span style=\"color: #333399;\"><em><strong>La mujer hab\u00eda contado la historia en una charla improvisada mientras los concursantes visitaban Yad Vashem, el memorial nacional del Holocausto en Jerusal\u00e9n. Dani Dayan, presidente del memorial, public\u00f3 un v\u00eddeo en Twitter el s\u00e1bado y pronto se hizo viral.<\/strong><\/em><\/span><\/p>\n<div id=\"attachment_54335\" style=\"width: 640px\" class=\"wp-caption aligncenter\"><a href=\"https:\/\/www.turistamagazine.com\/v2\/wp-content\/uploads\/2021\/12\/D7OIBEPCBFHN3BOH2LNTLNMK5Y.jpg\"><img decoding=\"async\" aria-describedby=\"caption-attachment-54335\" class=\"wp-image-54335\" src=\"https:\/\/www.turistamagazine.com\/v2\/wp-content\/uploads\/2021\/12\/D7OIBEPCBFHN3BOH2LNTLNMK5Y.jpg\" alt=\"Miss Universo\" width=\"630\" height=\"603\" srcset=\"https:\/\/www.turistamagazine.com\/v2\/wp-content\/uploads\/2021\/12\/D7OIBEPCBFHN3BOH2LNTLNMK5Y.jpg 829w, https:\/\/www.turistamagazine.com\/v2\/wp-content\/uploads\/2021\/12\/D7OIBEPCBFHN3BOH2LNTLNMK5Y-300x287.jpg 300w, https:\/\/www.turistamagazine.com\/v2\/wp-content\/uploads\/2021\/12\/D7OIBEPCBFHN3BOH2LNTLNMK5Y-768x735.jpg 768w, https:\/\/www.turistamagazine.com\/v2\/wp-content\/uploads\/2021\/12\/D7OIBEPCBFHN3BOH2LNTLNMK5Y-439x420.jpg 439w\" sizes=\"(max-width: 630px) 100vw, 630px\" \/><\/a><p id=\"caption-attachment-54335\" class=\"wp-caption-text\"><em><strong><span style=\"color: #333399;\">Cuando gan\u00f3 el privilegio de representar a Puerto Rico en el concurso de Miss Universo, Michelle Marie Colon habl\u00f3 de su orgullo por hacer historia como la primera mujer negra del territorio en hacerse con el honor.<\/span><\/strong><\/em><\/p><\/div>\n<p style=\"text-align: left;\"><span style=\"color: #800080;\"><em><strong>\u201cVine a Israel sabiendo que estar\u00eda m\u00e1s conectado con mi familia porque mi bisabuelo realmente escap\u00f3 del Holocausto y todos los dem\u00e1s miembros de su familia, sus hermanas, sus hermanos, incluso sus hijas -cuatro hijas- fueron asesinados en los campos de concentraci\u00f3n, especialmente en Auschwitz\u201d, dijo Colon.<\/strong><\/em><\/span><\/p>\n<p style=\"text-align: justify;\"><span style=\"color: #333399;\"><em><strong>Dayan dijo que Colon, una estudiante de medicina de 21 a\u00f1os, \u201csorprendi\u00f3 a sus compa\u00f1eras del concurso de Miss Universo (y tambi\u00e9n al personal de Yad Vashem)\u201d.<\/strong><\/em><\/span><\/p>\n<p style=\"text-align: justify;\"><span style=\"color: #800080;\"><em><strong>Los comentarios de Colon se producen en un momento en que los defensores del concurso, previsto para el 12 de diciembre en Eilat, tratan de convertirlo en un refer\u00e9ndum pol\u00edtico sobre Israel.<\/strong><\/em><\/span><\/p>\n<p style=\"text-align: justify;\"><span style=\"color: #333399;\"><em><strong>Los defensores de los \u00e1rabes palestinos han pedido a las concursantes que boicoteen el concurso, pero hasta ahora s\u00f3lo Malasia e Indonesia se han comprometido a hacerlo.<\/strong><\/em><\/span><\/p>\n<p style=\"text-align: justify;\"><span style=\"color: #800080;\"><em><strong>Mientras tanto, la concursante de Sud\u00e1frica participar\u00e1 a pesar de las presiones del gobierno sudafricano para que boicotee a Israel. Adem\u00e1s, el concurso de este a\u00f1o contar\u00e1 con un concursante de los Emiratos \u00c1rabes Unidos por primera vez, y con un concursante de Marruecos por primera vez en d\u00e9cadas. Ambos pa\u00edses firmaron acuerdos de normalizaci\u00f3n diplom\u00e1tica con Israel en 2020.<\/strong><\/em><\/span><\/p>\n<p><em><strong>Via: JTA \u2013 The Times of Israel<\/strong><\/em><\/p>\n<p>&nbsp;<\/p>\n<p>&nbsp;<\/p>\n","protected":false},"excerpt":{"rendered":"<p>\u00a0Esta semana, en Israel, donde se celebra el concurso, ha hecho gala de su orgullo por otro aspecto de su herencia: su bisabuelo jud\u00edo, que escap\u00f3 del Holocausto. La semana pasada, Colon public\u00f3 una foto en la que aparec\u00eda cogida de la mano de Noa Cochva, la participante israel\u00ed en el concurso, bajo una pared cubierta de retratos de v\u00edctimas del Holocausto. \u201cMi bisabuelo, Rodolfo Cohn, fue un superviviente del Holocausto\u201d, escribi\u00f3 Colon. \u201cSe traslad\u00f3 al Caribe y conoci\u00f3 a Dorila Thomas, mi bisabuela; una mujer afrocaribe\u00f1a empoderada -descendiente de esclavos- que era la administradora de una granja en aquella&#8230;<\/p>\n","protected":false},"author":1,"featured_media":54337,"comment_status":"open","ping_status":"open","sticky":false,"template":"","format":"standard","meta":{"footnotes":""},"categories":[4,84],"tags":[10219,10556,11659],"class_list":["post-54334","post","type-post","status-publish","format-standard","has-post-thumbnail","hentry","category-breaking-news","category-internacionales","tag-semanarioturistamagazine","tag-turismagazine","tag-israel-mujeressobreviviente-del-holocausto"],"_links":{"self":[{"href":"https:\/\/www.turistamagazine.com\/v2\/index.php?rest_route=\/wp\/v2\/posts\/54334","targetHints":{"allow":["GET"]}}],"collection":[{"href":"https:\/\/www.turistamagazine.com\/v2\/index.php?rest_route=\/wp\/v2\/posts"}],"about":[{"href":"https:\/\/www.turistamagazine.com\/v2\/index.php?rest_route=\/wp\/v2\/types\/post"}],"author":[{"embeddable":true,"href":"https:\/\/www.turistamagazine.com\/v2\/index.php?rest_route=\/wp\/v2\/users\/1"}],"replies":[{"embeddable":true,"href":"https:\/\/www.turistamagazine.com\/v2\/index.php?rest_route=%2Fwp%2Fv2%2Fcomments&post=54334"}],"version-history":[{"count":5,"href":"https:\/\/www.turistamagazine.com\/v2\/index.php?rest_route=\/wp\/v2\/posts\/54334\/revisions"}],"predecessor-version":[{"id":54367,"href":"https:\/\/www.turistamagazine.com\/v2\/index.php?rest_route=\/wp\/v2\/posts\/54334\/revisions\/54367"}],"wp:featuredmedia":[{"embeddable":true,"href":"https:\/\/www.turistamagazine.com\/v2\/index.php?rest_route=\/wp\/v2\/media\/54337"}],"wp:attachment":[{"href":"https:\/\/www.turistamagazine.com\/v2\/index.php?rest_route=%2Fwp%2Fv2%2Fmedia&parent=54334"}],"wp:term":[{"taxonomy":"category","embeddable":true,"href":"https:\/\/www.turistamagazine.com\/v2\/index.php?rest_route=%2Fwp%2Fv2%2Fcategories&post=54334"},{"taxonomy":"post_tag","embeddable":true,"href":"https:\/\/www.turistamagazine.com\/v2\/index.php?rest_route=%2Fwp%2Fv2%2Ftags&post=54334"}],"curies":[{"name":"wp","href":"https:\/\/api.w.org\/{rel}","templated":true}]}}