{"id":54119,"date":"2021-11-23T16:20:38","date_gmt":"2021-11-23T21:20:38","guid":{"rendered":"https:\/\/www.turistamagazine.com\/v2\/?p=54119"},"modified":"2021-11-23T16:20:38","modified_gmt":"2021-11-23T21:20:38","slug":"tumbes-turismo-y-comercio-sin-fronteras-muy-pronto","status":"publish","type":"post","link":"https:\/\/www.turistamagazine.com\/v2\/?p=54119","title":{"rendered":"TUMBES :\u201cTURISMO Y COMERCIO SIN FRONTERAS\u201d MUY PRONTO"},"content":{"rendered":"<p style=\"text-align: center;\"><span style=\"color: #333399;\"><em><strong>Caracter\u00edstico malec\u00f3n en Tumbes<\/strong><\/em><\/span><\/p>\n<p style=\"text-align: justify;\"><span style=\"color: #333399;\"><em><strong>23\/11\/ 2021\/Tumbes.- Como se conoce, el Mincetur viene realizando una serie de visitas de coordinaci\u00f3n para impulsar la iniciativa \u201cTurismo y Comercio sin fronteras\u201d, en los departamentos fronterizos. A trav\u00e9s de ella se viene promoviendo la vacunaci\u00f3n y el cumplimento estricto de protocolos de bioseguridad.<\/strong><\/em><\/span><\/p>\n<p style=\"text-align: justify;\"><span style=\"color: #800080;\"><em><strong>El director de Facilitaci\u00f3n y Cultura Tur\u00edstica de Mincetur, Jonathan Coronado, destac\u00f3 el compromiso del sector p\u00fablico y privado tumbesino, adem\u00e1s de la sociedad civil, y resalt\u00f3 el valor de impulsar el proceso de vacunaci\u00f3n y el cumplimento estricto de protocolos de bioseguridad.<\/strong><\/em><\/span><\/p>\n<p style=\"text-align: justify;\"><span style=\"color: #333399;\"><em><strong>\u201cEsto ser\u00e1 vital porque permitir\u00e1 reactivar la econom\u00eda regional cuando el gobierno anuncie la reapertura de la frontera. Es importante que todos nos unamos en lograr este objetivo en el m\u00e1s breve plazo. Raz\u00f3n por la cual, gracias a las reuniones sostenidas se acord\u00f3 conformar un equipo t\u00e9cnico que permita dar seguimiento a esta iniciativa del Ministerio de Comercio Exterior y Turismo\u201d, se\u00f1al\u00f3 el funcionario.<\/strong><\/em><\/span><\/p>\n<p style=\"text-align: justify;\"><span style=\"color: #800080;\"><em><strong>REUNIONES DE TRABAJO<\/strong><\/em><\/span><\/p>\n<p style=\"text-align: justify;\"><span style=\"color: #333399;\"><em><strong>Desde su arribo a la regi\u00f3n, el equipo t\u00e9cnico de Mincetur realiz\u00f3 diversas reuniones de trabajo. Entre ellas se puede mencionar la sostenida con los empresarios gastron\u00f3micos y hoteleros del distrito de Zorritos. Tambi\u00e9n se reunieron con la Asociaci\u00f3n de Comerciantes y Estibadores de Aguas Verdes, as\u00ed como empresarios adscritos a la C\u00e1mara de Comercio de Tumbes.<\/strong><\/em><\/span><\/p>\n<p style=\"text-align: justify;\"><span style=\"color: #800080;\"><em><strong>Adicionalmente, hubo conversaciones con las asociaciones de gu\u00edas tur\u00edsticos de la regi\u00f3n y con representantes del Centro Binacional de Atenci\u00f3n en Frontera CEBAF Per\u00fa \u2013 Ecuador. Asimismo, se reunieron con el director de la Oficina Desconcentrada del Ministerio de Relaciones Exteriores en la ciudad de Tumbes.<\/strong><\/em><\/span><\/p>\n<p style=\"text-align: justify;\"><span style=\"color: #333399;\"><em><strong>Finalmente, durante la presencia de los funcionarios de Mincetur se llevaron a cabo reuniones con medios de comunicaci\u00f3n para sensibilizarlos en participar en la iniciativa \u201cTurismo y Comercio sin fronteras\u201d. Tambi\u00e9n, se efectuaron diversas visitas t\u00e9cnicas. Entre ellas, se pueden indicar al Puente Internacional Aguas Verdes y las oficinas de IPer\u00fa en la regi\u00f3n.<\/strong><\/em><\/span><\/p>\n<p style=\"text-align: justify;\">\n","protected":false},"excerpt":{"rendered":"<p>Caracter\u00edstico malec\u00f3n en Tumbes 23\/11\/ 2021\/Tumbes.- Como se conoce, el Mincetur viene realizando una serie de visitas de coordinaci\u00f3n para impulsar la iniciativa \u201cTurismo y Comercio sin fronteras\u201d, en los departamentos fronterizos. A trav\u00e9s de ella se viene promoviendo la vacunaci\u00f3n y el cumplimento estricto de protocolos de bioseguridad. El director de Facilitaci\u00f3n y Cultura Tur\u00edstica de Mincetur, Jonathan Coronado, destac\u00f3 el compromiso del sector p\u00fablico y privado tumbesino, adem\u00e1s de la sociedad civil, y resalt\u00f3 el valor de impulsar el proceso de vacunaci\u00f3n y el cumplimento estricto de protocolos de bioseguridad. \u201cEsto ser\u00e1 vital porque permitir\u00e1 reactivar la econom\u00eda&#8230;<\/p>\n","protected":false},"author":1,"featured_media":0,"comment_status":"open","ping_status":"open","sticky":false,"template":"","format":"standard","meta":{"footnotes":""},"categories":[4,82],"tags":[11615,10219,10556,636],"class_list":["post-54119","post","type-post","status-publish","format-standard","hentry","category-breaking-news","category-nacionales","tag-turismoycomerciosinfronteras","tag-semanarioturistamagazine","tag-turismagazine","tag-tumbes"],"_links":{"self":[{"href":"https:\/\/www.turistamagazine.com\/v2\/index.php?rest_route=\/wp\/v2\/posts\/54119","targetHints":{"allow":["GET"]}}],"collection":[{"href":"https:\/\/www.turistamagazine.com\/v2\/index.php?rest_route=\/wp\/v2\/posts"}],"about":[{"href":"https:\/\/www.turistamagazine.com\/v2\/index.php?rest_route=\/wp\/v2\/types\/post"}],"author":[{"embeddable":true,"href":"https:\/\/www.turistamagazine.com\/v2\/index.php?rest_route=\/wp\/v2\/users\/1"}],"replies":[{"embeddable":true,"href":"https:\/\/www.turistamagazine.com\/v2\/index.php?rest_route=%2Fwp%2Fv2%2Fcomments&post=54119"}],"version-history":[{"count":1,"href":"https:\/\/www.turistamagazine.com\/v2\/index.php?rest_route=\/wp\/v2\/posts\/54119\/revisions"}],"predecessor-version":[{"id":54120,"href":"https:\/\/www.turistamagazine.com\/v2\/index.php?rest_route=\/wp\/v2\/posts\/54119\/revisions\/54120"}],"wp:attachment":[{"href":"https:\/\/www.turistamagazine.com\/v2\/index.php?rest_route=%2Fwp%2Fv2%2Fmedia&parent=54119"}],"wp:term":[{"taxonomy":"category","embeddable":true,"href":"https:\/\/www.turistamagazine.com\/v2\/index.php?rest_route=%2Fwp%2Fv2%2Fcategories&post=54119"},{"taxonomy":"post_tag","embeddable":true,"href":"https:\/\/www.turistamagazine.com\/v2\/index.php?rest_route=%2Fwp%2Fv2%2Ftags&post=54119"}],"curies":[{"name":"wp","href":"https:\/\/api.w.org\/{rel}","templated":true}]}}