{"id":54034,"date":"2021-11-18T09:36:56","date_gmt":"2021-11-18T14:36:56","guid":{"rendered":"https:\/\/www.turistamagazine.com\/v2\/?p=54034"},"modified":"2021-11-18T09:36:56","modified_gmt":"2021-11-18T14:36:56","slug":"air-europa-la-quiebra-de-podria-ser-una-opcion-para-la-comision-europea","status":"publish","type":"post","link":"https:\/\/www.turistamagazine.com\/v2\/?p=54034","title":{"rendered":"AIR EUROPA\u00a0 LA QUIEBRA DE PODR\u00cdA SER\u00a0 UNA OPCI\u00d3N PARA LA COMISI\u00d3N EUROPEA"},"content":{"rendered":"<p style=\"text-align: justify;\"><span style=\"color: #333399;\"><em><strong>18\/11\/2021\/Espa\u00f1a.- La Comisi\u00f3n Europea reconoce la dif\u00edcil situaci\u00f3n financiera por la que pasa Air Europa, por lo que ha incluido en la documentaci\u00f3n que prepara la opci\u00f3n de quiebra de la aerol\u00ednea en el caso de no finiquitarse la compra por parte de Iberia.<\/strong><\/em><\/span><\/p>\n<p style=\"text-align: justify;\"><span style=\"color: #800080;\"><em><strong>Pero adem\u00e1s, la Comisi\u00f3n estar\u00eda visualizando que Air Europa tendr\u00eda que presentar concurso de acreedores, por lo que quiere saber qu\u00e9 pasar\u00eda con los activos de la aerol\u00ednea, seg\u00fan lo revela Expansi\u00f3n. As\u00ed mismo, Bruselas tendr\u00e1 que presentar su dictamen el 4 de enero donde definir\u00e1 si aprueba o no la venta de Air Europa al grupo IAG por 500 millones de euros sumado a las deudas de la compa\u00f1\u00eda.<\/strong><\/em><\/span><\/p>\n<p style=\"text-align: justify;\"><span style=\"color: #333399;\"><em><strong>Sin embargo, el panorama apunta a que Air Europa este en medio de dos alternativas, una ser\u00eda la quiebra porque cada vez es m\u00e1s lejana su venta o que el Estado entre a intervenirla para no perder los 475 millones de euros de rescate.<\/strong><\/em><\/span><\/p>\n<p style=\"text-align: justify;\"><span style=\"color: #800080;\"><em><strong>La aerol\u00ednea ya tiene deudas cercanas a los 800 millones de euros y necesitar\u00eda m\u00e1s para poder pasar el a\u00f1o. Al parecer, Hidalgo est\u00e1 en conversaciones con Zapatero para conseguir que el Gobierno le eche una mano si fracasa la compra por parte de Iberia.<\/strong><\/em><\/span><\/p>\n<p style=\"text-align: justify;\"><span style=\"color: #333399;\"><em><strong>Air Europa, que hace dos a\u00f1os operaba una flota de 50 aeronaves, la mayor\u00eda con menos de cuatro a\u00f1os de antig\u00fcedad, pero luego de la fuerte crisis ha perdido casi un tercio hasta quedar en 35 aviones, mientras espera que Iberia la salve o que el Gobierno espa\u00f1ol pueda nacionalizarla para evitar su quiebra.<\/strong><\/em><\/span><\/p>\n<p style=\"text-align: justify;\"><span style=\"color: #333399;\"><em><strong>F\/ REPORTUR.com<\/strong><\/em><\/span><\/p>\n","protected":false},"excerpt":{"rendered":"<p>18\/11\/2021\/Espa\u00f1a.- La Comisi\u00f3n Europea reconoce la dif\u00edcil situaci\u00f3n financiera por la que pasa Air Europa, por lo que ha incluido en la documentaci\u00f3n que prepara la opci\u00f3n de quiebra de la aerol\u00ednea en el caso de no finiquitarse la compra por parte de Iberia. Pero adem\u00e1s, la Comisi\u00f3n estar\u00eda visualizando que Air Europa tendr\u00eda que presentar concurso de acreedores, por lo que quiere saber qu\u00e9 pasar\u00eda con los activos de la aerol\u00ednea, seg\u00fan lo revela Expansi\u00f3n. As\u00ed mismo, Bruselas tendr\u00e1 que presentar su dictamen el 4 de enero donde definir\u00e1 si aprueba o no la venta de Air Europa al&#8230;<\/p>\n","protected":false},"author":1,"featured_media":41402,"comment_status":"open","ping_status":"open","sticky":false,"template":"","format":"standard","meta":{"footnotes":""},"categories":[4,84],"tags":[10219,153,399,11591,11592,828],"class_list":["post-54034","post","type-post","status-publish","format-standard","has-post-thumbnail","hentry","category-breaking-news","category-internacionales","tag-semanarioturistamagazine","tag-air-europa","tag-comision-europea","tag-familia-hidalgo","tag-grupo-iag","tag-iberia"],"_links":{"self":[{"href":"https:\/\/www.turistamagazine.com\/v2\/index.php?rest_route=\/wp\/v2\/posts\/54034","targetHints":{"allow":["GET"]}}],"collection":[{"href":"https:\/\/www.turistamagazine.com\/v2\/index.php?rest_route=\/wp\/v2\/posts"}],"about":[{"href":"https:\/\/www.turistamagazine.com\/v2\/index.php?rest_route=\/wp\/v2\/types\/post"}],"author":[{"embeddable":true,"href":"https:\/\/www.turistamagazine.com\/v2\/index.php?rest_route=\/wp\/v2\/users\/1"}],"replies":[{"embeddable":true,"href":"https:\/\/www.turistamagazine.com\/v2\/index.php?rest_route=%2Fwp%2Fv2%2Fcomments&post=54034"}],"version-history":[{"count":1,"href":"https:\/\/www.turistamagazine.com\/v2\/index.php?rest_route=\/wp\/v2\/posts\/54034\/revisions"}],"predecessor-version":[{"id":54035,"href":"https:\/\/www.turistamagazine.com\/v2\/index.php?rest_route=\/wp\/v2\/posts\/54034\/revisions\/54035"}],"wp:featuredmedia":[{"embeddable":true,"href":"https:\/\/www.turistamagazine.com\/v2\/index.php?rest_route=\/wp\/v2\/media\/41402"}],"wp:attachment":[{"href":"https:\/\/www.turistamagazine.com\/v2\/index.php?rest_route=%2Fwp%2Fv2%2Fmedia&parent=54034"}],"wp:term":[{"taxonomy":"category","embeddable":true,"href":"https:\/\/www.turistamagazine.com\/v2\/index.php?rest_route=%2Fwp%2Fv2%2Fcategories&post=54034"},{"taxonomy":"post_tag","embeddable":true,"href":"https:\/\/www.turistamagazine.com\/v2\/index.php?rest_route=%2Fwp%2Fv2%2Ftags&post=54034"}],"curies":[{"name":"wp","href":"https:\/\/api.w.org\/{rel}","templated":true}]}}