{"id":53680,"date":"2021-10-26T18:09:01","date_gmt":"2021-10-26T23:09:01","guid":{"rendered":"https:\/\/www.turistamagazine.com\/v2\/?p=53680"},"modified":"2021-10-26T18:09:28","modified_gmt":"2021-10-26T23:09:28","slug":"caral-visita-esta-joya-arqueologica-patrimonio-mundial-y-otros-atractivos-de-barranca","status":"publish","type":"post","link":"https:\/\/www.turistamagazine.com\/v2\/?p=53680","title":{"rendered":"CARAL: VISITA ESTA JOYA ARQUEOL\u00d3GICA PATRIMONIO MUNDIAL Y OTROS ATRACTIVOS DE BARRANCA"},"content":{"rendered":"<p style=\"text-align: center;\"><span style=\"color: #333399;\"><strong><em>La Ciudad Sagrada de Caral, ubicada en la provincia lime\u00f1a de Barranca, recibi\u00f3 en junio de este a\u00f1o el sello internacional Safe Travels que lo reconoce como destino tur\u00edstico seguro ante la covid-19.Foto: ANDINA\/Difusi\u00f3n.<\/em><\/strong><\/span><\/p>\n<p style=\"text-align: center;\"><span style=\"color: #800080;\"><em><strong>Zona arqueol\u00f3gica celebra 27 aniversario y \u00a0el feriado largo invita a visitarla junto a otros destinos del norte chico<\/strong><\/em><\/span><\/p>\n<p style=\"text-align: justify;\"><em><strong><span style=\"color: #333399;\">La Ciudad Sagrada de Caral es uno de los destinos de obligatoria visita por lo menos una vez en la vida. Su cercan\u00eda a Lima, a solo 184 kil\u00f3metros al norte, permiten acceder a esta joya arqueol\u00f3gica declarada Patrimonio Cultural de la Humanidad y uno de los principales atractivos de Barranca, una provincia de alberga una variada y cautivante oferta tur\u00edstica.<\/span><\/strong><\/em><\/p>\n<div id=\"attachment_49713\" style=\"width: 640px\" class=\"wp-caption aligncenter\"><a href=\"https:\/\/www.turistamagazine.com\/v2\/wp-content\/uploads\/2021\/03\/caral-denoche.jpg\"><img decoding=\"async\" aria-describedby=\"caption-attachment-49713\" class=\"wp-image-49713\" src=\"https:\/\/www.turistamagazine.com\/v2\/wp-content\/uploads\/2021\/03\/caral-denoche.jpg\" alt=\"\" width=\"630\" height=\"421\" srcset=\"https:\/\/www.turistamagazine.com\/v2\/wp-content\/uploads\/2021\/03\/caral-denoche.jpg 500w, https:\/\/www.turistamagazine.com\/v2\/wp-content\/uploads\/2021\/03\/caral-denoche-300x200.jpg 300w\" sizes=\"(max-width: 630px) 100vw, 630px\" \/><\/a><p id=\"caption-attachment-49713\" class=\"wp-caption-text\"><span style=\"color: #333399;\"><em><strong>Caral de noche, nos transporta a tiempos inmemoriales<\/strong><\/em><\/span><\/p><\/div>\n<p>&nbsp;<\/p>\n<p style=\"text-align: justify;\"><em><strong><span style=\"color: #333399;\">Este sitio arqueol\u00f3gico de 5,000 a\u00f1os de antig\u00fcedad y sede de la civilizaci\u00f3n m\u00e1s antigua de Am\u00e9rica se ubica exactamente en el distrito de Supe, emplazado en una terraza des\u00e9rtica en medio de un ub\u00e9rrimo valle que fue el sustento alimentario de sus habitantes. Su aparici\u00f3n se remonta al per\u00edodo Arcaico Tard\u00edo de los Andes Centrales.<\/span><\/strong><\/em><\/p>\n<p style=\"text-align: justify;\"><em><strong><span style=\"color: #333399;\">La Ciudad Sagrada de Caral destaca por sus impresionantes edificios p\u00fablicos piramidales con plazas circulares hundidas, escaleras centrales y salones ceremoniales en la cima.<\/span><\/strong><\/em><\/p>\n<p style=\"text-align: justify;\"><em><strong><span style=\"color: #333399;\">Caral ingres\u00f3 a la Lista del Patrimonio Mundial de la Unesco el 28 de junio de 2009 como Patrimonio Cultural.<\/span><\/strong><\/em><\/p>\n<div id=\"attachment_49710\" style=\"width: 640px\" class=\"wp-caption aligncenter\"><a href=\"https:\/\/www.turistamagazine.com\/v2\/wp-content\/uploads\/2021\/03\/Caral.jpg\"><img decoding=\"async\" aria-describedby=\"caption-attachment-49710\" class=\"wp-image-49710\" src=\"https:\/\/www.turistamagazine.com\/v2\/wp-content\/uploads\/2021\/03\/Caral.jpg\" alt=\"El 29 de junio de 2021 la Ciudad Sagrada de Caral recibi\u00f3 el sello Safe Travels que la acredita como destino tur\u00edstico bioseguro. Adem\u00e1s, de Caral pueden conocerse los sitios arqueol\u00f3gicos \u00c1spero y Vichama, que componen el conjunto de centros urbanos vinculados a la Civilizaci\u00f3n Caral.\" width=\"630\" height=\"421\" srcset=\"https:\/\/www.turistamagazine.com\/v2\/wp-content\/uploads\/2021\/03\/Caral.jpg 500w, https:\/\/www.turistamagazine.com\/v2\/wp-content\/uploads\/2021\/03\/Caral-300x200.jpg 300w\" sizes=\"(max-width: 630px) 100vw, 630px\" \/><\/a><p id=\"caption-attachment-49710\" class=\"wp-caption-text\"><strong><em><span style=\"color: #333399;\">El 29 de junio de 2021 la Ciudad Sagrada de Caral recibi\u00f3 el sello Safe Travels que la acredita como destino tur\u00edstico bioseguro. Adem\u00e1s, de Caral pueden conocerse los sitios arqueol\u00f3gicos \u00c1spero y Vichama, que componen el conjunto de centros urbanos vinculados a la Civilizaci\u00f3n Caral.<\/span><\/em><\/strong><\/p><\/div>\n<p style=\"text-align: justify;\"><em><strong><span style=\"color: #333399;\">27 ANIVERSARIO<\/span><\/strong><\/em><\/p>\n<p style=\"text-align: justify;\"><em><strong><span style=\"color: #333399;\">Este feriado largo ofrece una gran ocasi\u00f3n para visitar la Ciudad Sagrada de Caral que celebra el 27\u00b0 aniversario del inicio de las investigaciones sobre la civilizaci\u00f3n Caral y la puesta en valor de este patrimonio nacional y mundial.<\/span><\/strong><\/em><\/p>\n<p style=\"text-align: justify;\"><em><strong><span style=\"color: #333399;\">La Zona Arqueol\u00f3gica Caral (ZAC), Unidad Ejecutora 003 del Ministerio de Cultura, investiga desde hace 27 a\u00f1os en doce centros urbanos de la Civilizaci\u00f3n Caral. Entre algunos objetos que se han recuperado est\u00e1n un quipu; la tecnolog\u00eda sismorresistente; el conjunto de instrumentos musicales: 32 flautas traversas, algunas con dise\u00f1os de monos y aves, cornetas, quenas y antaras.<\/span><\/strong><\/em><\/p>\n<p><a href=\"https:\/\/www.turistamagazine.com\/v2\/wp-content\/uploads\/2021\/10\/Caral-27-anos.jpg\"><img decoding=\"async\" class=\"wp-image-53682 aligncenter\" src=\"https:\/\/www.turistamagazine.com\/v2\/wp-content\/uploads\/2021\/10\/Caral-27-anos.jpg\" alt=\"\" width=\"630\" height=\"398\" srcset=\"https:\/\/www.turistamagazine.com\/v2\/wp-content\/uploads\/2021\/10\/Caral-27-anos.jpg 640w, https:\/\/www.turistamagazine.com\/v2\/wp-content\/uploads\/2021\/10\/Caral-27-anos-300x189.jpg 300w, https:\/\/www.turistamagazine.com\/v2\/wp-content\/uploads\/2021\/10\/Caral-27-anos-610x385.jpg 610w, https:\/\/www.turistamagazine.com\/v2\/wp-content\/uploads\/2021\/10\/Caral-27-anos-158x100.jpg 158w\" sizes=\"(max-width: 630px) 100vw, 630px\" \/><\/a><\/p>\n<p style=\"text-align: justify;\"><em><strong><span style=\"color: #333399;\">Asimismo, esculturas de barro no cocido; y los denominados Ojos de Dios. Tambi\u00e9n las conchas Spondylus (provenientes del Ecuador), cuentas de sodalita (del sur peruano y Bolivia) y el entierro de un ni\u00f1o al estilo de la cultura Chinchorro de Chile.<\/span><\/strong><\/em><\/p>\n<p style=\"text-align: justify;\"><em><strong><span style=\"color: #333399;\">Caral Raymi 2021<\/span><\/strong><\/em><\/p>\n<p style=\"text-align: justify;\"><em><strong><span style=\"color: #333399;\">La Zona Arqueol\u00f3gica Caral realizar\u00e1 una serie de actividades culturales gratuitas, denominadas \u201cCaral Raymi 2021\u201d, este jueves 28, viernes 29 y s\u00e1bado 30 de octubre para conmemorar el 27\u00b0 aniversario.<\/span><\/strong><\/em><\/p>\n<div id=\"attachment_17777\" style=\"width: 640px\" class=\"wp-caption aligncenter\"><a href=\"https:\/\/www.turistamagazine.com\/v2\/wp-content\/uploads\/2015\/11\/base_image.jpg\"><img decoding=\"async\" aria-describedby=\"caption-attachment-17777\" class=\"wp-image-17777\" src=\"https:\/\/www.turistamagazine.com\/v2\/wp-content\/uploads\/2015\/11\/base_image.jpg\" alt=\"Entre las actividades programadas figuran ponencias virtuales que encabezar\u00e1 la principal investigadora de Caral y directora de la ZAC, doctora Ruth Shady Sol\u00eds, junto a su equipo multidisciplinario.\" width=\"630\" height=\"353\" \/><\/a><p id=\"caption-attachment-17777\" class=\"wp-caption-text\"><span style=\"color: #333399;\"><em><strong>Entre las actividades programadas figuran ponencias virtuales que encabezar\u00e1 la principal investigadora de Caral y directora de la ZAC, doctora Ruth Shady Sol\u00eds, junto a su equipo multidisciplinario. (Fotos: Luis Choy\/Archivo El Comercio)<\/strong><\/em><\/span><\/p><\/div>\n<p style=\"text-align: justify;\"><em><strong><span style=\"color: #333399;\"><span style=\"color: #800080;\">Asimismo, despu\u00e9s de dos a\u00f1os se realizar\u00e1 este s\u00e1bado 30 de octubre desde las 17:00 horas, y se transmitir\u00e1 en Facebook Live, la alegor\u00eda o representaci\u00f3n art\u00edstica sobre la organizaci\u00f3n social y la importancia de la interacci\u00f3n con respeto a la diversidad \u00e9tnica, cultural e ideol\u00f3gica en la civilizaci\u00f3n Caral. Esta actividad comprende la ceremonia de \u201cPago a la Pachamama y Cochamama en el altar del fuego\u201d<\/span> de la Ciudad Sagrada de Caral, ubicado en las faldas del cerro Gozne, apu tutelar de este patrimonio mundial.<\/span><\/strong><\/em><\/p>\n<p style=\"text-align: justify;\"><em><strong><span style=\"color: #333399;\">Al lugar arribar\u00e1n <span style=\"color: #800080;\">\u201cperegrinos\u201d<\/span> procedentes del litoral de Supe y Huaura (\u00c1spero y Vichama), de la costa norte (pescadores de La Libertad) presentado por la Municipalidad Metropolitana de Trujillo, de la sierra norcentral (Chav\u00edn) por la Direcci\u00f3n Desconcentrada de Culturade Ancash, y de la selva andina (Ku\u00e9lap) a cargo de la Dircetur Amazonas, quienes entregar\u00e1n presentes, de modo virtual, a las autoridades pol\u00edticas y sociales que resid\u00edan en la antigua ciudad capital de la Civilizaci\u00f3n Caral.<\/span><\/strong><\/em><\/p>\n<p><a href=\"https:\/\/www.turistamagazine.com\/v2\/wp-content\/uploads\/2021\/10\/Caral.jpg\"><img decoding=\"async\" class=\"wp-image-53683 aligncenter\" src=\"https:\/\/www.turistamagazine.com\/v2\/wp-content\/uploads\/2021\/10\/Caral.jpg\" alt=\"\" width=\"630\" height=\"319\" srcset=\"https:\/\/www.turistamagazine.com\/v2\/wp-content\/uploads\/2021\/10\/Caral.jpg 500w, https:\/\/www.turistamagazine.com\/v2\/wp-content\/uploads\/2021\/10\/Caral-300x152.jpg 300w\" sizes=\"(max-width: 630px) 100vw, 630px\" \/><\/a><\/p>\n<p style=\"text-align: justify;\"><span style=\"color: #800080;\"><em><strong>Durante la ceremonia se proyectar\u00e1n, en los cerros circundantes, im\u00e1genes de los geoglifos identificados en los sitios de la zona capital, como Chupacigarro y Miraya. Y se concluir\u00e1 con la iluminaci\u00f3n de los principales edificios piramidales de la Ciudad Sagrada de Caral.<\/strong><\/em><\/span><\/p>\n<p style=\"text-align: justify;\"><em><strong><span style=\"color: #333399;\">F\/ANDINA\/ Foto: ANDINA\/Difusi\u00f3n.<\/span><\/strong><\/em><\/p>\n<p><a href=\"https:\/\/www.turistamagazine.com\/v2\/wp-content\/uploads\/2021\/09\/Logo-nuevo.jpg\"><img decoding=\"async\" class=\"wp-image-53117 aligncenter\" src=\"https:\/\/www.turistamagazine.com\/v2\/wp-content\/uploads\/2021\/09\/Logo-nuevo.jpg\" alt=\"\" width=\"500\" height=\"475\" srcset=\"https:\/\/www.turistamagazine.com\/v2\/wp-content\/uploads\/2021\/09\/Logo-nuevo.jpg 766w, https:\/\/www.turistamagazine.com\/v2\/wp-content\/uploads\/2021\/09\/Logo-nuevo-300x285.jpg 300w, https:\/\/www.turistamagazine.com\/v2\/wp-content\/uploads\/2021\/09\/Logo-nuevo-442x420.jpg 442w\" sizes=\"(max-width: 500px) 100vw, 500px\" \/><\/a><\/p>\n","protected":false},"excerpt":{"rendered":"<p>La Ciudad Sagrada de Caral, ubicada en la provincia lime\u00f1a de Barranca, recibi\u00f3 en junio de este a\u00f1o el sello internacional Safe Travels que lo reconoce como destino tur\u00edstico seguro ante la covid-19.Foto: ANDINA\/Difusi\u00f3n. Zona arqueol\u00f3gica celebra 27 aniversario y \u00a0el feriado largo invita a visitarla junto a otros destinos del norte chico La Ciudad Sagrada de Caral es uno de los destinos de obligatoria visita por lo menos una vez en la vida. Su cercan\u00eda a Lima, a solo 184 kil\u00f3metros al norte, permiten acceder a esta joya arqueol\u00f3gica declarada Patrimonio Cultural de la Humanidad y uno de los&#8230;<\/p>\n","protected":false},"author":1,"featured_media":53681,"comment_status":"open","ping_status":"open","sticky":false,"template":"","format":"standard","meta":{"footnotes":""},"categories":[86],"tags":[11269,10674,10219,10556],"class_list":["post-53680","post","type-post","status-publish","format-standard","has-post-thumbnail","hentry","category-destinos","tag-carallaciudadsagrada","tag-ruthshady","tag-semanarioturistamagazine","tag-turismagazine"],"_links":{"self":[{"href":"https:\/\/www.turistamagazine.com\/v2\/index.php?rest_route=\/wp\/v2\/posts\/53680","targetHints":{"allow":["GET"]}}],"collection":[{"href":"https:\/\/www.turistamagazine.com\/v2\/index.php?rest_route=\/wp\/v2\/posts"}],"about":[{"href":"https:\/\/www.turistamagazine.com\/v2\/index.php?rest_route=\/wp\/v2\/types\/post"}],"author":[{"embeddable":true,"href":"https:\/\/www.turistamagazine.com\/v2\/index.php?rest_route=\/wp\/v2\/users\/1"}],"replies":[{"embeddable":true,"href":"https:\/\/www.turistamagazine.com\/v2\/index.php?rest_route=%2Fwp%2Fv2%2Fcomments&post=53680"}],"version-history":[{"count":1,"href":"https:\/\/www.turistamagazine.com\/v2\/index.php?rest_route=\/wp\/v2\/posts\/53680\/revisions"}],"predecessor-version":[{"id":53684,"href":"https:\/\/www.turistamagazine.com\/v2\/index.php?rest_route=\/wp\/v2\/posts\/53680\/revisions\/53684"}],"wp:featuredmedia":[{"embeddable":true,"href":"https:\/\/www.turistamagazine.com\/v2\/index.php?rest_route=\/wp\/v2\/media\/53681"}],"wp:attachment":[{"href":"https:\/\/www.turistamagazine.com\/v2\/index.php?rest_route=%2Fwp%2Fv2%2Fmedia&parent=53680"}],"wp:term":[{"taxonomy":"category","embeddable":true,"href":"https:\/\/www.turistamagazine.com\/v2\/index.php?rest_route=%2Fwp%2Fv2%2Fcategories&post=53680"},{"taxonomy":"post_tag","embeddable":true,"href":"https:\/\/www.turistamagazine.com\/v2\/index.php?rest_route=%2Fwp%2Fv2%2Ftags&post=53680"}],"curies":[{"name":"wp","href":"https:\/\/api.w.org\/{rel}","templated":true}]}}