{"id":53519,"date":"2021-10-15T17:30:00","date_gmt":"2021-10-15T22:30:00","guid":{"rendered":"https:\/\/www.turistamagazine.com\/v2\/?p=53519"},"modified":"2021-10-15T17:30:00","modified_gmt":"2021-10-15T22:30:00","slug":"ascav-aboga-por-integrar-el-alquiler-vacacional-a-la-estrategia-turistica-de-canarias","status":"publish","type":"post","link":"https:\/\/www.turistamagazine.com\/v2\/?p=53519","title":{"rendered":"ASCAV ABOGA POR INTEGRAR EL ALQUILER VACACIONAL A LA ESTRATEGIA TUR\u00cdSTICA DE CANARIAS"},"content":{"rendered":"<p style=\"text-align: center;\"><span style=\"color: #800080;\"><em><strong>El I Congreso Internacional de Alquiler Vacacional en Canarias reuni\u00f3 en Adeje a varios expertos y representantes de las diferentes asociaciones de alquiler vacacional en su primera jornada.<\/strong><\/em><\/span><\/p>\n<p style=\"text-align: justify;\"><span style=\"color: #333399;\"><em><strong>15\/10\/2021\/ Tenerife.-La Asociaci\u00f3n Canaria del Alquiler Vacacional (ASCAV) celebr\u00f3 este jueves la primera jornada del I Congreso Internacional de Alquiler Vacacional en Canarias, un acto celebrado en el municipio de Adeje, que cont\u00f3 con la participaci\u00f3n de expertos a nivel nacional e internacional para analizar los principales retos del sector, especialmente tras el paso de la COVID-19, para integrar el alquiler vacacional a la estrategia tur\u00edstica del destino.<\/strong><\/em><\/span><\/p>\n<p style=\"text-align: justify;\"><span style=\"color: #333399;\"><em><strong><span style=\"color: #800080;\">La presidenta de la Asociaci\u00f3n Canaria del Alquiler Vacacional (ASCAV), Doris Borrego, agradeci\u00f3 la alta participaci\u00f3n y el apoyo de las administraciones p\u00fablicas. \u201cContar con el respaldo del gobierno regional e insular, as\u00ed como con el apoyo de los gobiernos locales se trata de un momento hist\u00f3rico para el sector en Canarias, que ha vivido en los \u00faltimos a\u00f1os diversas dificultades para encaminarse hacia la profesionalizaci\u00f3n\u201d<\/span>, asegur\u00f3.<\/strong><\/em><\/span><\/p>\n<div id=\"attachment_53461\" style=\"width: 487px\" class=\"wp-caption aligncenter\"><a href=\"https:\/\/www.turistamagazine.com\/v2\/wp-content\/uploads\/2021\/10\/Doris-Borrego.jpg\"><img decoding=\"async\" aria-describedby=\"caption-attachment-53461\" class=\"wp-image-53461 size-full\" src=\"https:\/\/www.turistamagazine.com\/v2\/wp-content\/uploads\/2021\/10\/Doris-Borrego.jpg\" alt=\"Durante el evento, la presidenta de ASCAV, Doris Borrego, destac\u00f3 el apoyo institucional recibido como clave para la profesionalizaci\u00f3n de esta modalidad en el Archipi\u00e9lago\" width=\"477\" height=\"640\" srcset=\"https:\/\/www.turistamagazine.com\/v2\/wp-content\/uploads\/2021\/10\/Doris-Borrego.jpg 477w, https:\/\/www.turistamagazine.com\/v2\/wp-content\/uploads\/2021\/10\/Doris-Borrego-224x300.jpg 224w, https:\/\/www.turistamagazine.com\/v2\/wp-content\/uploads\/2021\/10\/Doris-Borrego-313x420.jpg 313w\" sizes=\"(max-width: 477px) 100vw, 477px\" \/><\/a><p id=\"caption-attachment-53461\" class=\"wp-caption-text\"><em><strong><span style=\"color: #333399;\">Durante el evento, la presidenta de ASCAV, Doris Borrego, destac\u00f3 el apoyo institucional recibido como clave para la profesionalizaci\u00f3n de esta modalidad en el Archipi\u00e9lago<\/span><\/strong><\/em><\/p><\/div>\n<p style=\"text-align: justify;\"><span style=\"color: #333399;\"><em><strong>Asimismo, indic\u00f3 que \u201cla tecnolog\u00eda, la sostenibilidad, la redistribuci\u00f3n de la riqueza y el concepto de alquiler vacacional como alojamientos burbuja, seguros y alejados de la masificaci\u00f3n, son algunos de los ejes principales en los que trabaja el alquiler vacacional para consolidarse como una modalidad tur\u00edstica con todas las garant\u00edas, evitando la dependencia de las grandes plataformas\u201d.<\/strong><\/em><\/span><\/p>\n<p style=\"text-align: justify;\"><span style=\"color: #800080;\"><em><strong>Durante el acto inaugural, la consejera de Turismo del Gobierno de Canarias, Yaiza Castilla, destac\u00f3 el apoyo del Gobierno regional a la regularizaci\u00f3n de esta modalidad tur\u00edstica y la necesidad de encontrar soluciones desde los \u00e1mbitos p\u00fablico y privado relacionadas con la recuperaci\u00f3n econ\u00f3mica tras la COVID-19. \u201cNos encaminamos m\u00e1s firmes hacia la recuperaci\u00f3n tras la pandemia, actualmente, contamos con una previsi\u00f3n de entre siete y ocho millones de plazas a\u00e9reas para la temporada de invierno, un 9,2% m\u00e1s que en 2019\u201d,adelant\u00f3.<\/strong><\/em><\/span><\/p>\n<p style=\"text-align: justify;\"><span style=\"color: #333399;\"><em><strong>Por su parte, el presidente del Cabildo de Tenerife, Pedro Mart\u00edn, aprovech\u00f3 su intervenci\u00f3n para agradecer la labor de ASCAV y la disposici\u00f3n de su presidenta, Doris Borrego, para ayudar en nombre de la asociaci\u00f3n en situaciones como el realojo de personas afectadas por la erupci\u00f3n en la isla de La Palma o la acogida de afectados.<\/strong><\/em><\/span><\/p>\n<p style=\"text-align: justify;\"><span style=\"color: #800080;\"><em><strong>El alcalde de Adeje, Jos\u00e9 Miguel Rodr\u00edguez Fraga, tambi\u00e9n particip\u00f3 en este acto inaugural, que transcurri\u00f3 en el Centro de Desarrollo Tur\u00edstico del mismo municipio. \u201cTenemos que impulsar iniciativas para reorientar el turismo e incorporar este fen\u00f3meno para trabajar de forma coordinada en un destino tur\u00edstico de calidad\u201d, se\u00f1al\u00f3.<\/strong><\/em><\/span><\/p>\n<div id=\"attachment_53521\" style=\"width: 640px\" class=\"wp-caption aligncenter\"><a href=\"https:\/\/www.turistamagazine.com\/v2\/wp-content\/uploads\/2021\/10\/Ascav-3.jpg\"><img decoding=\"async\" aria-describedby=\"caption-attachment-53521\" class=\"wp-image-53521\" src=\"https:\/\/www.turistamagazine.com\/v2\/wp-content\/uploads\/2021\/10\/Ascav-3.jpg\" alt=\"El alcalde de Adeje, Jos\u00e9 Miguel Rodr\u00edguez Fraga, tambi\u00e9n particip\u00f3 en este acto inaugural, que transcurri\u00f3 en el Centro de Desarrollo Tur\u00edstico del mismo municipio. \u201cTenemos que impulsar iniciativas para reorientar el turismo e incorporar este fen\u00f3meno para trabajar de forma coordinada en un destino tur\u00edstico de calidad\u201d, \" width=\"630\" height=\"342\" srcset=\"https:\/\/www.turistamagazine.com\/v2\/wp-content\/uploads\/2021\/10\/Ascav-3.jpg 705w, https:\/\/www.turistamagazine.com\/v2\/wp-content\/uploads\/2021\/10\/Ascav-3-300x163.jpg 300w, https:\/\/www.turistamagazine.com\/v2\/wp-content\/uploads\/2021\/10\/Ascav-3-610x331.jpg 610w\" sizes=\"(max-width: 630px) 100vw, 630px\" \/><\/a><p id=\"caption-attachment-53521\" class=\"wp-caption-text\"><span style=\"color: #333399;\"><em><strong>El alcalde de Adeje, Jos\u00e9 Miguel Rodr\u00edguez Fraga, tambi\u00e9n particip\u00f3 en este acto inaugural, que transcurri\u00f3 en el Centro de Desarrollo Tur\u00edstico del mismo municipio. \u201cTenemos que impulsar iniciativas para reorientar el turismo e incorporar este fen\u00f3meno para trabajar de forma coordinada en un destino tur\u00edstico de calidad\u201d, <\/strong><\/em><\/span><\/p><\/div>\n<p style=\"text-align: justify;\"><span style=\"color: #800080;\"><em><strong>El presidente del Gobierno de Canarias, \u00c1ngel V\u00edctor Torres, se dirigi\u00f3 a la audiencia a trav\u00e9s de un v\u00eddeo en el que destac\u00f3 el intercambio de sinergias y experiencias entre expertos de diferentes regiones como base para reforzar la oferta de alquiler vacacional.<\/strong><\/em><\/span><\/p>\n<p style=\"text-align: justify;\"><span style=\"color: #800080;\"><em><strong>Asimismo, Torres record\u00f3 la situaci\u00f3n que atraviesan los vecinos y vecinas afectados por la erupci\u00f3n volc\u00e1nica en la isla de La Palma y la afecci\u00f3n que ha generado en muchos propietarios de vivienda vacacional en la zona.<\/strong><\/em><\/span><\/p>\n<p style=\"text-align: justify;\"><span style=\"color: #333399;\"><em><strong>El evento cont\u00f3, adem\u00e1s, con la asistencia del Diputado del Com\u00fan, Rafael Yanes, la presidenta de la FECAM, Mari Brito, y los alcaldes de Gu\u00eda de Isora, T\u00edas y Har\u00eda, entre otras autoridades p\u00fablicas. Asimismo, el evento cont\u00f3 con la moderaci\u00f3n de la periodista Marta Cantero y la participaci\u00f3n telem\u00e1tica del periodista experto en turismo y autor del programa \u201cEl Turista\u201d, C\u00e9sar Sar.<\/strong><\/em><\/span><\/p>\n<p style=\"text-align: justify;\"><span style=\"color: #800080;\"><em><strong>Futuro del modelo de vivienda vacacional<\/strong><\/em><\/span><\/p>\n<p style=\"text-align: justify;\"><span style=\"color: #333399;\"><em><strong>La conferencia que emprendi\u00f3 el programa, \u201c\u00bfHa cambiado la demanda tur\u00edstica en la nueva normalidad post covid? \u00bfQu\u00e9 papel juega la VV a futuro?\u201d, estuvo al cargo de distintas voces internacionales como el profesor de la carrera de Licencia en Turismo de la Universidad Nacional de Misiones de Argentina, Fernando Guti\u00e9rrez; el miembro del Grupo de Expertos de la Organizaci\u00f3n Mundial del Turismo, Antonio-Pedro Tejera; el diputado de Costa Rica, Pablo Heriberto Abarca y la directora ejecutiva de la C\u00e1mara de Turismo de Guatemala, Nancy Mej\u00edas.<\/strong><\/em><\/span><\/p>\n<p style=\"text-align: justify;\"><span style=\"color: #800080;\"><em><strong>Los ponentes explicaron la importancia de profesionalizar el sector con la ayuda de las administraciones p\u00fablicas, un camino en ocasiones largo pero fundamental para ofrecer la mejor calidad y condiciones que los clientes merecen. Los moderadores resaltaron el proceso de digitalizaci\u00f3n acelerado que han vivido los alquileres vacacionales debido a la Covid-19. Este acercamiento a los medios digitales ha mostrado un progreso en cuanto a posicionamiento en Internet para que el turista conozca las posibilidades alojativas del destino.<\/strong><\/em><\/span><\/p>\n<p style=\"text-align: justify;\"><span style=\"color: #333399;\"><em><strong>Representantes de asociaciones de viviendas vacacionales nacionales se dieron encuentro en el debate sobre \u201cEl futuro del tradicional modelo de VV de particulares y su importancia frente a los grandes inversores\u201d.<\/strong><\/em><\/span><\/p>\n<p style=\"text-align: justify;\"><span style=\"color: #333399;\"><em><strong>En esta l\u00ednea, la presidenta de la Asociaci\u00f3n Viviendas Tur\u00edsticas de Galicia (AVITURGA), Dulcinea Agu\u00edn; la presidenta de la Asociaci\u00f3n Viviendas de Alquiler para Estancias Cortas de Valencia (AVAEC), Pilar Giner; el presidente de la Asociaci\u00f3n de Viviendas Tur\u00edsticas Vacacionales de Ibiza (AVAT), Roberto San Esteban y la presidenta de ASCAV, Doris Borrego, incidieron en la necesidad de que las asociaciones y propietarios de viviendas vacacionales trabajen alineados para acelerar la legalizaci\u00f3n y, as\u00ed, conseguir alejar al sector de productos de baja calidad, estableciendo garant\u00edas de calidad.<\/strong><\/em><\/span><\/p>\n<p style=\"text-align: justify;\"><span style=\"color: #800080;\"><em><strong>Retos normativos del futuro<\/strong><\/em><\/span><\/p>\n<p style=\"text-align: justify;\"><span style=\"color: #333399;\"><em><strong>Por su parte expertos en el \u00e1mbito jur\u00eddico destacaron los importantes avances en los \u00faltimos a\u00f1os en la regularizaci\u00f3n en igualdad de condiciones del sector frente a otras modalidades de alojamiento, dado que es un activo importante en la dinamizaci\u00f3n de los destinos tur\u00edsticos.<\/strong><\/em><\/span><\/p>\n<p style=\"text-align: justify;\"><span style=\"color: #800080;\"><em><strong>La consejera de la Comisi\u00f3n Nacional de los Mercados y de la Competencia (CNMC), Mar\u00eda Pilar Canedo, particip\u00f3 en la tercera mesa del d\u00eda junto al doctor europeo en Derecho por la Universidad de las Islas Baleares (UIB), Juan Franch Flux\u00e1, la catedr\u00e1tica de Derecho civil, Departamento de Disciplinas Jur\u00eddicas B\u00e1sicas de la Universidad de La Laguna (ULL), Elena S\u00e1nchez Jord\u00e1n y el abogado de la Asociaci\u00f3n Canaria del Alquiler Vacacional (ASCAV), Javier Valent\u00edn.<\/strong><\/em><\/span><\/p>\n<p><span style=\"color: #333399;\"><em><strong>Envio : Ascav<\/strong><\/em><\/span><\/p>\n<p><a href=\"https:\/\/www.turistamagazine.com\/v2\/wp-content\/uploads\/2021\/09\/Logo-nuevo.jpg\"><img decoding=\"async\" class=\"wp-image-53117 aligncenter\" src=\"https:\/\/www.turistamagazine.com\/v2\/wp-content\/uploads\/2021\/09\/Logo-nuevo.jpg\" alt=\"\" width=\"500\" height=\"475\" srcset=\"https:\/\/www.turistamagazine.com\/v2\/wp-content\/uploads\/2021\/09\/Logo-nuevo.jpg 766w, https:\/\/www.turistamagazine.com\/v2\/wp-content\/uploads\/2021\/09\/Logo-nuevo-300x285.jpg 300w, https:\/\/www.turistamagazine.com\/v2\/wp-content\/uploads\/2021\/09\/Logo-nuevo-442x420.jpg 442w\" sizes=\"(max-width: 500px) 100vw, 500px\" \/><\/a><\/p>\n","protected":false},"excerpt":{"rendered":"<p>El I Congreso Internacional de Alquiler Vacacional en Canarias reuni\u00f3 en Adeje a varios expertos y representantes de las diferentes asociaciones de alquiler vacacional en su primera jornada. 15\/10\/2021\/ Tenerife.-La Asociaci\u00f3n Canaria del Alquiler Vacacional (ASCAV) celebr\u00f3 este jueves la primera jornada del I Congreso Internacional de Alquiler Vacacional en Canarias, un acto celebrado en el municipio de Adeje, que cont\u00f3 con la participaci\u00f3n de expertos a nivel nacional e internacional para analizar los principales retos del sector, especialmente tras el paso de la COVID-19, para integrar el alquiler vacacional a la estrategia tur\u00edstica del destino. La presidenta de la&#8230;<\/p>\n","protected":false},"author":1,"featured_media":53520,"comment_status":"open","ping_status":"open","sticky":false,"template":"","format":"standard","meta":{"footnotes":""},"categories":[7364],"tags":[11487,11468,10175,10219,10556],"class_list":["post-53519","post","type-post","status-publish","format-standard","has-post-thumbnail","hentry","category-de-interes","tag-ascav","tag-dorisborrego","tag-islascanarias","tag-semanarioturistamagazine","tag-turismagazine"],"_links":{"self":[{"href":"https:\/\/www.turistamagazine.com\/v2\/index.php?rest_route=\/wp\/v2\/posts\/53519","targetHints":{"allow":["GET"]}}],"collection":[{"href":"https:\/\/www.turistamagazine.com\/v2\/index.php?rest_route=\/wp\/v2\/posts"}],"about":[{"href":"https:\/\/www.turistamagazine.com\/v2\/index.php?rest_route=\/wp\/v2\/types\/post"}],"author":[{"embeddable":true,"href":"https:\/\/www.turistamagazine.com\/v2\/index.php?rest_route=\/wp\/v2\/users\/1"}],"replies":[{"embeddable":true,"href":"https:\/\/www.turistamagazine.com\/v2\/index.php?rest_route=%2Fwp%2Fv2%2Fcomments&post=53519"}],"version-history":[{"count":2,"href":"https:\/\/www.turistamagazine.com\/v2\/index.php?rest_route=\/wp\/v2\/posts\/53519\/revisions"}],"predecessor-version":[{"id":53523,"href":"https:\/\/www.turistamagazine.com\/v2\/index.php?rest_route=\/wp\/v2\/posts\/53519\/revisions\/53523"}],"wp:featuredmedia":[{"embeddable":true,"href":"https:\/\/www.turistamagazine.com\/v2\/index.php?rest_route=\/wp\/v2\/media\/53520"}],"wp:attachment":[{"href":"https:\/\/www.turistamagazine.com\/v2\/index.php?rest_route=%2Fwp%2Fv2%2Fmedia&parent=53519"}],"wp:term":[{"taxonomy":"category","embeddable":true,"href":"https:\/\/www.turistamagazine.com\/v2\/index.php?rest_route=%2Fwp%2Fv2%2Fcategories&post=53519"},{"taxonomy":"post_tag","embeddable":true,"href":"https:\/\/www.turistamagazine.com\/v2\/index.php?rest_route=%2Fwp%2Fv2%2Ftags&post=53519"}],"curies":[{"name":"wp","href":"https:\/\/api.w.org\/{rel}","templated":true}]}}