{"id":53258,"date":"2021-09-30T17:25:20","date_gmt":"2021-09-30T22:25:20","guid":{"rendered":"https:\/\/www.turistamagazine.com\/v2\/?p=53258"},"modified":"2021-10-01T16:46:54","modified_gmt":"2021-10-01T21:46:54","slug":"se-inauguro-la-expo-dubai-evento-en-el-que-se-expondra-lo-mejor-del-mundo","status":"publish","type":"post","link":"https:\/\/www.turistamagazine.com\/v2\/?p=53258","title":{"rendered":"SE INAUGUR\u00d3 LA EXPO DUB\u00c1I, EVENTO EN EL QUE SE EXPONDR\u00c1 LO MEJOR DEL MUNDO"},"content":{"rendered":"<p style=\"text-align: center;\"><span style=\"color: #800080;\"><em><strong>El Per\u00fa tiene uno de los m\u00e1s hermosos pabellones<\/strong><\/em><\/span><\/p>\n<p style=\"text-align: justify;\"><span style=\"color: #333399;\"><em><strong>30\/01\/2021\/Dub\u00e1i.- En una impresionante ceremonia de bienvenida con extraordinarias vistas a\u00e9reas de la ciudad y sede de la Expo Dub\u00e1i,\u00a0 se inaugur\u00f3 este magno evento que re\u00fane lo mejor de la oferta exportable del mundo.<\/strong><\/em><\/span><\/p>\n<p style=\"text-align: justify;\"><span style=\"color: #800080;\"><em><strong>El ingreso de los invitados revela la diversidad de los pa\u00edses que tendr\u00e1n la oportunidad de exhibir parte de su producci\u00f3n y de ganar nuevos mercados.\u00a0<\/strong><\/em><\/span><\/p>\n<p style=\"text-align: justify;\"><span style=\"color: #333399;\"><em><strong>Los seguidores de esta transmisi\u00f3n ser\u00e1n gratamente sorprendidos por las melod\u00edas de sus principales exponentes musicales y la calidez de la bienvenida a los invitados.\u00a0<\/strong><\/em><\/span><\/p>\n<p><a href=\"https:\/\/www.turistamagazine.com\/v2\/wp-content\/uploads\/2021\/09\/000812259W.jpg\"><img decoding=\"async\" class=\"wp-image-53260 aligncenter\" src=\"https:\/\/www.turistamagazine.com\/v2\/wp-content\/uploads\/2021\/09\/000812259W.jpg\" alt=\"\" width=\"630\" height=\"420\" srcset=\"https:\/\/www.turistamagazine.com\/v2\/wp-content\/uploads\/2021\/09\/000812259W.jpg 800w, https:\/\/www.turistamagazine.com\/v2\/wp-content\/uploads\/2021\/09\/000812259W-300x200.jpg 300w, https:\/\/www.turistamagazine.com\/v2\/wp-content\/uploads\/2021\/09\/000812259W-768x512.jpg 768w, https:\/\/www.turistamagazine.com\/v2\/wp-content\/uploads\/2021\/09\/000812259W-630x420.jpg 630w, https:\/\/www.turistamagazine.com\/v2\/wp-content\/uploads\/2021\/09\/000812259W-610x406.jpg 610w\" sizes=\"(max-width: 630px) 100vw, 630px\" \/><\/a><\/p>\n<p style=\"text-align: justify;\"><span style=\"color: #800080;\"><em><strong>Pabell\u00f3n Per\u00fa<\/strong><\/em><\/span><\/p>\n<p style=\"text-align: justify;\"><span style=\"color: #333399;\"><em><strong>El pabell\u00f3n de Per\u00fa, bajo el concepto de Per\u00fa Atemporal, presentar\u00e1 a sus visitantes un recorrido virtual por muchos paisajes y atractivos tur\u00edsticos de nuestras distintas regiones.<\/strong><\/em><\/span><\/p>\n<p style=\"text-align: justify;\"><span style=\"color: #333399;\"><em><strong><span style=\"color: #800080;\">\u00abNuestro pa\u00eds mostrar\u00e1 al mundo en pantallas gigantes los diversos aspectos de nuestra vida art\u00edstica y cultural, as\u00ed como la variada oferta de productos agr\u00edcolas, mar\u00edtimos, riqueza mineral, fauna y flora\u00bb<\/span>, detall\u00f3 recientemente Promper\u00fa.<\/strong><\/em><\/span><\/p>\n<p style=\"text-align: justify;\"><span style=\"color: #333399;\"><em><strong>El pabell\u00f3n del Per\u00fa tiene 2,500 metros de \u00e1rea construida, acoger\u00e1 lo mejor del turismo y la gastronom\u00eda, as\u00ed como las mejores muestras culturales y de productos de las 25 regiones de nuestro pa\u00eds.<\/strong><\/em><\/span><\/p>\n<p><a href=\"https:\/\/www.turistamagazine.com\/v2\/wp-content\/uploads\/2021\/09\/000812276M.jpg\"><img decoding=\"async\" class=\"wp-image-53261 aligncenter\" src=\"https:\/\/www.turistamagazine.com\/v2\/wp-content\/uploads\/2021\/09\/000812276M.jpg\" alt=\"\" width=\"630\" height=\"357\" srcset=\"https:\/\/www.turistamagazine.com\/v2\/wp-content\/uploads\/2021\/09\/000812276M.jpg 500w, https:\/\/www.turistamagazine.com\/v2\/wp-content\/uploads\/2021\/09\/000812276M-300x170.jpg 300w\" sizes=\"(max-width: 630px) 100vw, 630px\" \/><\/a><\/p>\n<p style=\"text-align: justify;\"><span style=\"color: #800080;\"><em><strong>Participantes<\/strong><\/em><\/span><\/p>\n<p style=\"text-align: justify;\"><span style=\"color: #333399;\"><em><strong>En esta ocasi\u00f3n, los 192 pa\u00edses participantes cuentan con su propio pabell\u00f3n y ofrecen experiencias singulares a los asistentes a la Expo. <\/strong><\/em><\/span><span style=\"color: #333399;\"><em><strong>Sin embargo, s\u00f3lo 10 fueron elegidos por el medio emirat\u00ed como los mejores en t\u00e9rminos de innovaci\u00f3n y belleza.<\/strong><\/em><\/span><\/p>\n<p style=\"text-align: justify;\"><span style=\"color: #800080;\"><em><strong>Emirates Woman, importante revista de Dub\u00e1i enfocada en estilo de vida y tendencias actuales, elabor\u00f3 una lista de los pabellones m\u00e1s bellos que se presentan en la Expo Dub\u00e1i 2020.<\/strong><\/em><\/span><\/p>\n<p style=\"text-align: justify;\"><span style=\"color: #333399;\"><em><strong>En esta lista figura el Per\u00fa como el \u00fanico pa\u00eds de Am\u00e9rica, junto a Emiratos \u00c1rabes Unidos, Arabia Saudita, Kuwait, Om\u00e1n, Rep\u00fablica Checa, Alemania, Holanda, Nueva Zelanda, Australia y Singapur.\u00a0<\/strong><\/em><\/span><\/p>\n<p style=\"text-align: justify;\"><span style=\"color: #333399;\"><em><strong>La Expo Dub\u00e1i ser\u00e1 inaugurada por diversas autoridades del mundo. A partir del 1 de octubre y hasta finales de marzo, se podr\u00e1 visitar esta magn\u00edfica Exposici\u00f3n Universal.<\/strong><\/em><\/span><\/p>\n","protected":false},"excerpt":{"rendered":"<p>El Per\u00fa tiene uno de los m\u00e1s hermosos pabellones 30\/01\/2021\/Dub\u00e1i.- En una impresionante ceremonia de bienvenida con extraordinarias vistas a\u00e9reas de la ciudad y sede de la Expo Dub\u00e1i,\u00a0 se inaugur\u00f3 este magno evento que re\u00fane lo mejor de la oferta exportable del mundo. El ingreso de los invitados revela la diversidad de los pa\u00edses que tendr\u00e1n la oportunidad de exhibir parte de su producci\u00f3n y de ganar nuevos mercados.\u00a0 Los seguidores de esta transmisi\u00f3n ser\u00e1n gratamente sorprendidos por las melod\u00edas de sus principales exponentes musicales y la calidez de la bienvenida a los invitados.\u00a0 Pabell\u00f3n Per\u00fa El pabell\u00f3n de&#8230;<\/p>\n","protected":false},"author":1,"featured_media":53259,"comment_status":"open","ping_status":"open","sticky":false,"template":"","format":"standard","meta":{"footnotes":""},"categories":[4,84],"tags":[10635,11331,11431,10219,10556],"class_list":["post-53258","post","type-post","status-publish","format-standard","has-post-thumbnail","hentry","category-breaking-news","category-internacionales","tag-elenahonoresdirectora","tag-expodubai2020","tag-peruenexpodubai","tag-semanarioturistamagazine","tag-turismagazine"],"_links":{"self":[{"href":"https:\/\/www.turistamagazine.com\/v2\/index.php?rest_route=\/wp\/v2\/posts\/53258","targetHints":{"allow":["GET"]}}],"collection":[{"href":"https:\/\/www.turistamagazine.com\/v2\/index.php?rest_route=\/wp\/v2\/posts"}],"about":[{"href":"https:\/\/www.turistamagazine.com\/v2\/index.php?rest_route=\/wp\/v2\/types\/post"}],"author":[{"embeddable":true,"href":"https:\/\/www.turistamagazine.com\/v2\/index.php?rest_route=\/wp\/v2\/users\/1"}],"replies":[{"embeddable":true,"href":"https:\/\/www.turistamagazine.com\/v2\/index.php?rest_route=%2Fwp%2Fv2%2Fcomments&post=53258"}],"version-history":[{"count":3,"href":"https:\/\/www.turistamagazine.com\/v2\/index.php?rest_route=\/wp\/v2\/posts\/53258\/revisions"}],"predecessor-version":[{"id":53272,"href":"https:\/\/www.turistamagazine.com\/v2\/index.php?rest_route=\/wp\/v2\/posts\/53258\/revisions\/53272"}],"wp:featuredmedia":[{"embeddable":true,"href":"https:\/\/www.turistamagazine.com\/v2\/index.php?rest_route=\/wp\/v2\/media\/53259"}],"wp:attachment":[{"href":"https:\/\/www.turistamagazine.com\/v2\/index.php?rest_route=%2Fwp%2Fv2%2Fmedia&parent=53258"}],"wp:term":[{"taxonomy":"category","embeddable":true,"href":"https:\/\/www.turistamagazine.com\/v2\/index.php?rest_route=%2Fwp%2Fv2%2Fcategories&post=53258"},{"taxonomy":"post_tag","embeddable":true,"href":"https:\/\/www.turistamagazine.com\/v2\/index.php?rest_route=%2Fwp%2Fv2%2Ftags&post=53258"}],"curies":[{"name":"wp","href":"https:\/\/api.w.org\/{rel}","templated":true}]}}