{"id":5324,"date":"2014-06-16T07:51:24","date_gmt":"2014-06-16T12:51:24","guid":{"rendered":"http:\/\/www.turistamagazine.com\/v2\/?p=5324"},"modified":"2014-06-16T07:51:24","modified_gmt":"2014-06-16T12:51:24","slug":"francia-michael-schumacher-sale-del-estado-de-coma-y-abandona-hospital","status":"publish","type":"post","link":"https:\/\/www.turistamagazine.com\/v2\/?p=5324","title":{"rendered":"FRANCIA: MICHAEL SCHUMACHER SALE DEL ESTADO DE COMA Y ABANDONA HOSPITAL"},"content":{"rendered":"<p style=\"text-align: justify;\">Lyon.- \u00a0El ex piloto alem\u00e1n de F\u00f3rmula 1 Michael Schumacher \u00abya no est\u00e1 en estado de coma\u00bb y dej\u00f3 el hospital de la ciudad de Grenoble, este de Francia, donde estaba hospitalizado desde el 29 de diciembre pasado tras un grave accidente de esqu\u00ed, anunci\u00f3 en un comunicado la portavoz de la familia.<\/p>\n<p style=\"text-align: justify;\">El lugar donde el siete veces campe\u00f3n mundial de F\u00f3rmula 1 proseguir\u00e1 \u00absu largo proceso de readaptaci\u00f3n\u00bb no fue divulgado en el comunicado difundido por Sabine Kehm, que tampoco da detalles sobre el estado de salud de Schumacher.<\/p>\n<p style=\"text-align: justify;\">\u00abSu familia desea agradecer expresamente a los m\u00e9dicos, a los enfermeros y a la administraci\u00f3n del hospital de Grenoble\u00bb, dice el comunicado que tambi\u00e9n expresa su reconocimiento a los socorristas que intervinieron en el lugar del accidente.<\/p>\n<p style=\"text-align: justify;\">\u00abTodos cumplieron un trabajo formidable durante los primeros meses\u00bb, agreg\u00f3 el comunicado. La familia y el hospital de Grenoble no dar\u00e1n conferencia de prensa.<\/p>\n<p style=\"text-align: justify;\">\u00abPedimos a todos, por favor, que en el futuro respeten el hecho de que esta larga fase de readaptaci\u00f3n se llevar\u00e1 a cabo en el marco privado\u00bb, concluye el comunicado.<\/p>\n<p style=\"text-align: justify;\">Schumacher, de 45 a\u00f1os, choc\u00f3 violentamente contra una roca cuando practicaba esqu\u00ed con su hijo y un grupo de amigos en la estaci\u00f3n alpina de Meribel, en Francia.<\/p>\n<p style=\"text-align: justify;\">Al llegar al hospital, Schumacher sufr\u00eda de lesiones craneales \u00abdifusas y graves\u00bb, por lo cual los m\u00e9dicos decidieron inducirlo en un estado de coma artificial.<\/p>\n<p style=\"text-align: justify;\">El 30 de enero pasado se anunci\u00f3 que se iniciaba un proceso de salida del estado de coma a trav\u00e9s de la disminuci\u00f3n progresiva de los sedantes que se le suministraban.<\/p>\n<p>\u00a0F\/ Andina<\/p>\n","protected":false},"excerpt":{"rendered":"<p>Lyon.- \u00a0El ex piloto alem\u00e1n de F\u00f3rmula 1 Michael Schumacher \u00abya no est\u00e1 en estado de coma\u00bb y dej\u00f3 el hospital de la ciudad de Grenoble, este de Francia, donde estaba hospitalizado desde el 29 de diciembre pasado tras un grave accidente de esqu\u00ed, anunci\u00f3 en un comunicado la portavoz de la familia. El lugar donde el siete veces campe\u00f3n mundial de F\u00f3rmula 1 proseguir\u00e1 \u00absu largo proceso de readaptaci\u00f3n\u00bb no fue divulgado en el comunicado difundido por Sabine Kehm, que tampoco da detalles sobre el estado de salud de Schumacher. \u00abSu familia desea agradecer expresamente a los m\u00e9dicos, a&#8230;<\/p>\n","protected":false},"author":1,"featured_media":0,"comment_status":"open","ping_status":"open","sticky":false,"template":"","format":"standard","meta":{"footnotes":""},"categories":[4,84],"tags":[1965,471,1966,1365],"class_list":["post-5324","post","type-post","status-publish","format-standard","hentry","category-breaking-news","category-internacionales","tag-formula-1","tag-francia","tag-michael-schumache","tag-schumacher"],"_links":{"self":[{"href":"https:\/\/www.turistamagazine.com\/v2\/index.php?rest_route=\/wp\/v2\/posts\/5324","targetHints":{"allow":["GET"]}}],"collection":[{"href":"https:\/\/www.turistamagazine.com\/v2\/index.php?rest_route=\/wp\/v2\/posts"}],"about":[{"href":"https:\/\/www.turistamagazine.com\/v2\/index.php?rest_route=\/wp\/v2\/types\/post"}],"author":[{"embeddable":true,"href":"https:\/\/www.turistamagazine.com\/v2\/index.php?rest_route=\/wp\/v2\/users\/1"}],"replies":[{"embeddable":true,"href":"https:\/\/www.turistamagazine.com\/v2\/index.php?rest_route=%2Fwp%2Fv2%2Fcomments&post=5324"}],"version-history":[{"count":2,"href":"https:\/\/www.turistamagazine.com\/v2\/index.php?rest_route=\/wp\/v2\/posts\/5324\/revisions"}],"predecessor-version":[{"id":5326,"href":"https:\/\/www.turistamagazine.com\/v2\/index.php?rest_route=\/wp\/v2\/posts\/5324\/revisions\/5326"}],"wp:attachment":[{"href":"https:\/\/www.turistamagazine.com\/v2\/index.php?rest_route=%2Fwp%2Fv2%2Fmedia&parent=5324"}],"wp:term":[{"taxonomy":"category","embeddable":true,"href":"https:\/\/www.turistamagazine.com\/v2\/index.php?rest_route=%2Fwp%2Fv2%2Fcategories&post=5324"},{"taxonomy":"post_tag","embeddable":true,"href":"https:\/\/www.turistamagazine.com\/v2\/index.php?rest_route=%2Fwp%2Fv2%2Ftags&post=5324"}],"curies":[{"name":"wp","href":"https:\/\/api.w.org\/{rel}","templated":true}]}}