{"id":53220,"date":"2021-09-27T20:41:03","date_gmt":"2021-09-28T01:41:03","guid":{"rendered":"https:\/\/www.turistamagazine.com\/v2\/?p=53220"},"modified":"2021-09-27T20:41:03","modified_gmt":"2021-09-28T01:41:03","slug":"dia-mundial-del-turismo-con-ofertas-y-nueva-campana-promocional-se-incentivara-el-turismo-interno","status":"publish","type":"post","link":"https:\/\/www.turistamagazine.com\/v2\/?p=53220","title":{"rendered":"D\u00cdA MUNDIAL DEL TURISMO: CON OFERTAS Y NUEVA CAMPA\u00d1A PROMOCIONAL SE INCENTIVAR\u00c1 EL TURISMO INTERNO"},"content":{"rendered":"<p style=\"text-align: center;\"><span style=\"color: #800080;\"><em><strong>Ser\u00e1 a trav\u00e9s de iniciativa \u2018Voces del Per\u00fa\u2019, que busca promover el turismo intrarregional.<\/strong><\/em><\/span><\/p>\n<p style=\"text-align: center;\"><span style=\"color: #800080;\"><em><strong>Anuncio se realiz\u00f3 en Cajamarca, donde tambi\u00e9n se realiz\u00f3 la entrega del sello \u201cSafe Travels\u201d al destino tur\u00edstico Ja\u00e9n- San Ignacio.<\/strong><\/em><\/span><\/p>\n<p style=\"text-align: justify;\"><span style=\"color: #333399;\"><em><strong>27\/09\/ 2021\/Lima.- \u00a0En el marco de las celebraciones por el D\u00eda Mundial del Turismo, el ministro de Comercio Exterior y Turismo, Roberto S\u00e1nchez, present\u00f3 en la ciudad de Ja\u00e9n (Cajamarca) la nueva campa\u00f1a promocional de PROMPER\u00da denominada \u201cVoces del Per\u00fa\u201d, un esfuerzo que incentiva el turismo en las propias regiones, a trav\u00e9s de las \u201crutas cortas\u201d.<\/strong><\/em><\/span><\/p>\n<p style=\"text-align: justify;\"><span style=\"color: #333399;\"><em><strong>Bajo el lema \u201c<span style=\"color: #800080;\">El Per\u00fa te est\u00e1 esperando. Prep\u00e1rate para volver a viajar por tu regi\u00f3n\u201d<\/span>, la iniciativa busca sensibilizar a la poblaci\u00f3n sobre la trascendencia del turismo en la reactivaci\u00f3n econ\u00f3mica del pa\u00eds. Adem\u00e1s, la importancia de respetar, de manera estricta, los protocolos de bioseguridad.<\/strong><\/em><\/span><\/p>\n<p style=\"text-align: justify;\"><span style=\"color: #333399;\"><em><strong><span style=\"color: #800080;\">\u201cA trav\u00e9s de una serie de spots -que incluyen lenguaje de se\u00f1as y subt\u00edtulos en quechua, adem\u00e1s de audios-, queremos proponer se comiencen a visitar los destinos de nuestras propias regiones. Adem\u00e1s, impulsar contratar servicios formales y buscar informaci\u00f3n acerca de los protocolos de bioseguridad para que puedan disfrutar de un viaje seguro\u201d<\/span>, indic\u00f3 el titular del Mincetur.<\/strong><\/em><\/span><\/p>\n<p style=\"text-align: justify;\"><span style=\"color: #333399;\"><em><strong>Cabe iniciar que, para esta nueva iniciativa, el concepto creativo propuesto por PROMPER\u00da plantea que cada una de las regiones del Per\u00fa hable directamente a los viajeros. Estas voces contar\u00e1n acerca de sus atractivos y sobre cu\u00e1nto han extra\u00f1ado a los visitantes.<\/strong><\/em><\/span><\/p>\n<p style=\"text-align: justify;\"><span style=\"color: #333399;\"><em><strong><span style=\"color: #800080;\">El ministro S\u00e1nchez explic\u00f3 que como parte del inicio de la campa\u00f1a \u2018Voces del Per\u00fa\u2019, PROMPER\u00da, en un trabajo conjunto con el sector privado, pone a disposici\u00f3n del p\u00fablico m\u00e1s de 80 ofertas de rutas cortas, con hasta 70 % de descuento para viajes de un d\u00eda, principalmente en las regiones de \u00c1ncash, Arequipa, Ayacucho, Cajamarca, Callao, Cusco, Huancavelica, Ica, Jun\u00edn, La Libertad, Lamba<\/span>yeque, Lima, Loreto, Moquegua, Piura, Puno, Tacna y Tumbes. Estas ofertas se podr\u00e1n encontrar en la plataforma de viajes www.ytuqueplanes.com.\u00a0<\/strong><\/em><\/span><\/p>\n<p style=\"text-align: justify;\"><span style=\"color: #333399;\"><em><strong>Cabe recordar que, con el objeto de impulsar la reactivaci\u00f3n gradual y responsable del turismo interno, PROMPER\u00da cuenta con el aplicativo m\u00f3vil gratuito \u201c\u00bfY t\u00fa qu\u00e9 planes? &#8211; Rutas Cortas\u201d, que proporciona informaci\u00f3n \u00fatil para organizar viajes cercanos, dependiendo del lugar de residencia. Esta herramienta, a la fecha, pone a disposici\u00f3n informaci\u00f3n detallada de 145 rutas cortas y 869 atractivos tur\u00edsticos habilitados.<\/strong><\/em><\/span><\/p>\n<p style=\"text-align: justify;\"><span style=\"color: #800080;\"><em><strong>ENTREGA DEL SELLO SAFE TRAVELS<\/strong><\/em><\/span><\/p>\n<p style=\"text-align: justify;\"><span style=\"color: #333399;\"><em><strong>En el marco de esta actividad el ministro Roberto S\u00e1nchez y el gobernador Mes\u00edas Guevara entregaron el sello \u201cSafe Travels\u201d al destino tur\u00edstico Ja\u00e9n- San Ignacio. Como se recuerda, este distintivo es el primero en seguridad e higiene del mundo, en turismo, ante el COVID-19.<\/strong><\/em><\/span><\/p>\n<p style=\"text-align: justify;\"><span style=\"color: #333399;\"><em><strong>De esta manera, dicho destino queda conformado por las dos rutas cafetaleras: 1) Ruta del Caf\u00e9 Ja\u00e9n (incluye a los atractivos Finca Agro ap\u00edcola La Arboleda y la Finca Agro ecotur\u00edstica Santa Fe) y la Ruta del Caf\u00e9 San Ignacio (contiene a los atractivos Finca Parcela Quinta San Antonio, Finca Parcela Los Pinos y la Finca Tur\u00edstica Agroindustrial Reyna Del Bosque).<\/strong><\/em><\/span><\/p>\n<p style=\"text-align: justify;\"><span style=\"color: #333399;\"><em><strong>Es importante recordar que la entrega del sello es el resultado de un trabajo articulado entre el sector p\u00fablico y privado.<\/strong><\/em><\/span><\/p>\n<p style=\"text-align: justify;\"><span style=\"color: #800080;\"><em><strong>IMPORTANTE<\/strong><\/em><\/span><\/p>\n<p style=\"text-align: justify;\"><span style=\"color: #333399;\"><em><strong>La presentaci\u00f3n de la campa\u00f1a coincidi\u00f3 con las actividades protocolares y activaciones por el D\u00eda Mundial del Turismo realizadas a nivel nacional por los gobiernos regionales, municipalidades, oficinas de turismo IPER\u00da y gremios del sector, en coordinaci\u00f3n con Mincetur y PROMPER\u00da.<\/strong><\/em><\/span><\/p>\n<p style=\"text-align: justify;\"><span style=\"color: #333399;\"><em><strong>La ceremonia central se llev\u00f3 a cabo en la ciudad de Ja\u00e9n (Cajamarca) en donde, adem\u00e1s, se realiz\u00f3 el prelanzamiento de la Expo Caf\u00e9 Cajamarca (1 al 16 de octubre) y se otorg\u00f3 la licencia de uso de la Marca Pa\u00eds Per\u00fa a cuatro empresas tur\u00edsticas de la regi\u00f3n cajamarquina: TM Travel, Time To Travel Tourism Agency, Hostal Kristal y Pedal Tour.\u00a0<\/strong><\/em><\/span><\/p>\n","protected":false},"excerpt":{"rendered":"<p>Ser\u00e1 a trav\u00e9s de iniciativa \u2018Voces del Per\u00fa\u2019, que busca promover el turismo intrarregional. Anuncio se realiz\u00f3 en Cajamarca, donde tambi\u00e9n se realiz\u00f3 la entrega del sello \u201cSafe Travels\u201d al destino tur\u00edstico Ja\u00e9n- San Ignacio. 27\/09\/ 2021\/Lima.- \u00a0En el marco de las celebraciones por el D\u00eda Mundial del Turismo, el ministro de Comercio Exterior y Turismo, Roberto S\u00e1nchez, present\u00f3 en la ciudad de Ja\u00e9n (Cajamarca) la nueva campa\u00f1a promocional de PROMPER\u00da denominada \u201cVoces del Per\u00fa\u201d, un esfuerzo que incentiva el turismo en las propias regiones, a trav\u00e9s de las \u201crutas cortas\u201d. Bajo el lema \u201cEl Per\u00fa te est\u00e1 esperando. Prep\u00e1rate&#8230;<\/p>\n","protected":false},"author":1,"featured_media":46217,"comment_status":"open","ping_status":"open","sticky":false,"template":"","format":"standard","meta":{"footnotes":""},"categories":[4,82],"tags":[],"class_list":["post-53220","post","type-post","status-publish","format-standard","has-post-thumbnail","hentry","category-breaking-news","category-nacionales"],"_links":{"self":[{"href":"https:\/\/www.turistamagazine.com\/v2\/index.php?rest_route=\/wp\/v2\/posts\/53220","targetHints":{"allow":["GET"]}}],"collection":[{"href":"https:\/\/www.turistamagazine.com\/v2\/index.php?rest_route=\/wp\/v2\/posts"}],"about":[{"href":"https:\/\/www.turistamagazine.com\/v2\/index.php?rest_route=\/wp\/v2\/types\/post"}],"author":[{"embeddable":true,"href":"https:\/\/www.turistamagazine.com\/v2\/index.php?rest_route=\/wp\/v2\/users\/1"}],"replies":[{"embeddable":true,"href":"https:\/\/www.turistamagazine.com\/v2\/index.php?rest_route=%2Fwp%2Fv2%2Fcomments&post=53220"}],"version-history":[{"count":1,"href":"https:\/\/www.turistamagazine.com\/v2\/index.php?rest_route=\/wp\/v2\/posts\/53220\/revisions"}],"predecessor-version":[{"id":53221,"href":"https:\/\/www.turistamagazine.com\/v2\/index.php?rest_route=\/wp\/v2\/posts\/53220\/revisions\/53221"}],"wp:featuredmedia":[{"embeddable":true,"href":"https:\/\/www.turistamagazine.com\/v2\/index.php?rest_route=\/wp\/v2\/media\/46217"}],"wp:attachment":[{"href":"https:\/\/www.turistamagazine.com\/v2\/index.php?rest_route=%2Fwp%2Fv2%2Fmedia&parent=53220"}],"wp:term":[{"taxonomy":"category","embeddable":true,"href":"https:\/\/www.turistamagazine.com\/v2\/index.php?rest_route=%2Fwp%2Fv2%2Fcategories&post=53220"},{"taxonomy":"post_tag","embeddable":true,"href":"https:\/\/www.turistamagazine.com\/v2\/index.php?rest_route=%2Fwp%2Fv2%2Ftags&post=53220"}],"curies":[{"name":"wp","href":"https:\/\/api.w.org\/{rel}","templated":true}]}}