{"id":53109,"date":"2021-09-21T12:40:29","date_gmt":"2021-09-21T17:40:29","guid":{"rendered":"https:\/\/www.turistamagazine.com\/v2\/?p=53109"},"modified":"2021-09-21T12:44:01","modified_gmt":"2021-09-21T17:44:01","slug":"21-de-setiembre-dia-internacional-de-la-paz","status":"publish","type":"post","link":"https:\/\/www.turistamagazine.com\/v2\/?p=53109","title":{"rendered":"21 DE SETIEMBRE D\u00cdA INTERNACIONAL DE LA PAZ"},"content":{"rendered":"<p style=\"text-align: center;\"><span style=\"color: #800080;\"><em><strong>El Derecho a la Paz: 70 a\u00f1os despu\u00e9s de la Declaraci\u00f3n Universal de Derechos Humanos<\/strong><\/em><\/span><\/p>\n<p style=\"text-align: justify;\"><span style=\"color: #333399;\"><em><strong>Cada a\u00f1o, el 21 de septiembre se celebra el D\u00eda Internacional de la Paz en todas las partes del mundo. La Asamblea General lo ha declarado como un d\u00eda dedicado al fomento de los ideales de paz en todas las naciones y pueblos y entre estos.<\/strong><\/em><\/span><\/p>\n<p style=\"text-align: justify;\"><span style=\"color: #800080;\"><em><strong>Los Estados miembros de las Naciones Unidas adoptaron los 17 Objetivos de Desarrollo Sostenible en 2015 porque consideraron que no es posible hacer de este un mundo pac\u00edfico si no se toman las medidas pertinentes para lograr el desarrollo social y econ\u00f3mico de todas las personas del mundo y garantizar la protecci\u00f3n de sus derechos. Los Objetivos Sostenibles abarcan una amplia variedad de materias, entre las que se incluyen: pobreza, hambre, salud, educaci\u00f3n, cambio clim\u00e1tico, igualdad de g\u00e9nero, agua, saneamiento, electricidad, medioambiente y justicia social.<\/strong><\/em><\/span><\/p>\n<p style=\"text-align: center;\"><span style=\"color: #800080;\"><em><strong>Objetivo de Desarrollo Sostenible 16<\/strong><\/em><\/span><\/p>\n<p style=\"text-align: justify;\"><span style=\"color: #333399;\"><em><strong>El Objetivo de Desarrollo Sostenible 16, bajo el t\u00edtulo \u00abPaz, justicia e instituciones s\u00f3lidas\u00bb, realiza un llamamiento a las sociedades pac\u00edficas e inclusivas para que fomenten un desarrollo sostenible a la vez que facilitan el acceso de todas las personas a la justicia y crean instituciones efectivas, responsables e inclusivas a todos los niveles.<\/strong><\/em><\/span><\/p>\n<p style=\"text-align: justify;\"><span style=\"color: #800080;\"><em><strong>Una sociedad pac\u00edfica es aquella en la que la justicia y la igualdad est\u00e1n al alcance de todos. Un medioambiente sostenible podr\u00e1 tomar forma gracias a la paz y este, a su vez, ayudar\u00e1 a que esta se potencie.<\/strong><\/em><\/span><\/p>\n<p style=\"text-align: justify;\"><span style=\"color: #800080;\"><em><strong>El tema de este a\u00f1o es la conmemoraci\u00f3n del 70 aniversario de la Declaraci\u00f3n Universal de Derechos Humanos.<\/strong><\/em><\/span><\/p>\n<p style=\"text-align: justify;\"><span style=\"color: #333399;\"><em><strong>La Declaraci\u00f3n Universal de Derechos Humanos es un documento que marca un hito en la historia de los derechos humanos. Elaborada por representantes de todas las regiones del mundo con diferentes antecedentes jur\u00eddicos y culturales, la Declaraci\u00f3n fue proclamada por la Asamblea General de las Naciones Unidas en Par\u00eds, el 10 de diciembre de 1948 como un ideal com\u00fan para todos los pueblos y naciones.<\/strong><\/em><\/span><\/p>\n<p style=\"text-align: justify;\"><span style=\"color: #333399;\"><em><strong>La Declaraci\u00f3n Universal (el documento m\u00e1s traducido del mundo, disponible en m\u00e1s de 500 idiomas) tiene tanta relevancia hoy en d\u00eda como la tuvo el d\u00eda en que se proclam\u00f3.<\/strong><\/em><\/span><\/p>\n<p style=\"text-align: justify;\"><span style=\"color: #800080;\"><em><strong>\u00abEs hora de que todos los pueblos y naciones act\u00faen en consonancia con lo dispuesto en la Declaraci\u00f3n Universal de Derechos Humanos, en la que se reconocen la dignidad inherente y los derechos igualitarios e inalienables de todas las personas. Este a\u00f1o se celebra el 70 aniversario de este hist\u00f3rico documento\u00bb. \u2014 Ant\u00f3nio Guterres, Secretario General<\/strong><\/em><\/span><\/p>\n<p style=\"text-align: justify;\"><span style=\"color: #333399;\"><em><strong>Art\u00edculo 3 de la Declaraci\u00f3n Universal. <span style=\"color: #800080;\">\u00abTodo individuo tiene derecho a la vida, a la libertad y a la seguridad de su persona\u00bb.<\/span> Estas palabras sentaron las bases para la libertad, la justicia y la paz en el mundo.<\/strong><\/em><\/span><\/p>\n<p style=\"text-align: justify;\"><span style=\"color: #333399;\"><em><strong>Sin embargo, la Declaraci\u00f3n Universal no incluye un art\u00edculo independiente sobre el \u00abDerecho a la paz\u00bb. Por eso, este a\u00f1o queremos hacerle la siguiente pregunta:<\/strong><\/em><\/span><\/p>\n<p style=\"text-align: justify;\"><span style=\"color: #800080;\"><em><strong>Le pedimos que act\u00fae ahora que se acerca el D\u00eda Internacional de la Paz del 21 de septiembre.<\/strong><\/em><\/span><\/p>\n<p style=\"text-align: justify;\"><span style=\"color: #333399;\"><em><strong>Puede respaldar el ODS 16 Paz, justicia e instituciones s\u00f3lidas fomentando la resoluci\u00f3n de conflictos de forma pac\u00edfica cuando surjan desacuerdos en su entorno. Adopte peque\u00f1as medidas y forme parte de la soluci\u00f3n. Puede evitar que sucedan injusticias en la escuela o en su comunidad mediante la adopci\u00f3n de un enfoque no violento para la resoluci\u00f3n del problema y la denuncia de posibles delitos, como el acoso escolar en l\u00ednea.<\/strong><\/em><\/span><\/p>\n<p style=\"text-align: justify;\"><span style=\"color: #800080;\"><em><strong>Puede fomentar los derechos humanos mediante la recopilaci\u00f3n y la promoci\u00f3n de v\u00eddeos de todos los art\u00edculos que pueda en todos los idiomas posibles. Gr\u00e1bese mientras lee uno de los 30 art\u00edculos de la Declaraci\u00f3n en cualquiera de los 135 idiomas en los que est\u00e1 disponible y comparta su v\u00eddeo con sus amigos.<\/strong><\/em><\/span><\/p>\n<p style=\"text-align: justify;\"><span style=\"color: #333399;\"><em><strong>Puede mostrar su compromiso defendiendo a los que est\u00e9n en peligro y reivindicando los derechos humanos de otras personas en el trabajo, la escuela y la mesa del comedor.<\/strong><\/em><\/span><\/p>\n<p style=\"text-align: justify;\"><span style=\"color: #333399;\"><em><strong>Puede reflexionar sobre el modo en que cada uno de nosotros puede defender nuestros derechos a diario.<\/strong><\/em><\/span><\/p>\n<p style=\"text-align: justify;\"><span style=\"color: #800080;\"><em><strong>Los derechos humanos son los derechos de todo el mundo.<\/strong><\/em><\/span><\/p>\n<p>ONU<\/p>\n","protected":false},"excerpt":{"rendered":"<p>El Derecho a la Paz: 70 a\u00f1os despu\u00e9s de la Declaraci\u00f3n Universal de Derechos Humanos Cada a\u00f1o, el 21 de septiembre se celebra el D\u00eda Internacional de la Paz en todas las partes del mundo. La Asamblea General lo ha declarado como un d\u00eda dedicado al fomento de los ideales de paz en todas las naciones y pueblos y entre estos. Los Estados miembros de las Naciones Unidas adoptaron los 17 Objetivos de Desarrollo Sostenible en 2015 porque consideraron que no es posible hacer de este un mundo pac\u00edfico si no se toman las medidas pertinentes para lograr el desarrollo&#8230;<\/p>\n","protected":false},"author":1,"featured_media":53110,"comment_status":"open","ping_status":"open","sticky":false,"template":"","format":"standard","meta":{"footnotes":""},"categories":[87,4,82],"tags":[10635,11411,10219],"class_list":["post-53109","post","type-post","status-publish","format-standard","has-post-thumbnail","hentry","category-actualidad","category-breaking-news","category-nacionales","tag-elenahonoresdirectora","tag-peaceday","tag-semanarioturistamagazine"],"_links":{"self":[{"href":"https:\/\/www.turistamagazine.com\/v2\/index.php?rest_route=\/wp\/v2\/posts\/53109","targetHints":{"allow":["GET"]}}],"collection":[{"href":"https:\/\/www.turistamagazine.com\/v2\/index.php?rest_route=\/wp\/v2\/posts"}],"about":[{"href":"https:\/\/www.turistamagazine.com\/v2\/index.php?rest_route=\/wp\/v2\/types\/post"}],"author":[{"embeddable":true,"href":"https:\/\/www.turistamagazine.com\/v2\/index.php?rest_route=\/wp\/v2\/users\/1"}],"replies":[{"embeddable":true,"href":"https:\/\/www.turistamagazine.com\/v2\/index.php?rest_route=%2Fwp%2Fv2%2Fcomments&post=53109"}],"version-history":[{"count":2,"href":"https:\/\/www.turistamagazine.com\/v2\/index.php?rest_route=\/wp\/v2\/posts\/53109\/revisions"}],"predecessor-version":[{"id":53112,"href":"https:\/\/www.turistamagazine.com\/v2\/index.php?rest_route=\/wp\/v2\/posts\/53109\/revisions\/53112"}],"wp:featuredmedia":[{"embeddable":true,"href":"https:\/\/www.turistamagazine.com\/v2\/index.php?rest_route=\/wp\/v2\/media\/53110"}],"wp:attachment":[{"href":"https:\/\/www.turistamagazine.com\/v2\/index.php?rest_route=%2Fwp%2Fv2%2Fmedia&parent=53109"}],"wp:term":[{"taxonomy":"category","embeddable":true,"href":"https:\/\/www.turistamagazine.com\/v2\/index.php?rest_route=%2Fwp%2Fv2%2Fcategories&post=53109"},{"taxonomy":"post_tag","embeddable":true,"href":"https:\/\/www.turistamagazine.com\/v2\/index.php?rest_route=%2Fwp%2Fv2%2Ftags&post=53109"}],"curies":[{"name":"wp","href":"https:\/\/api.w.org\/{rel}","templated":true}]}}