{"id":53078,"date":"2021-09-19T10:08:03","date_gmt":"2021-09-19T15:08:03","guid":{"rendered":"https:\/\/www.turistamagazine.com\/v2\/?p=53078"},"modified":"2021-09-19T10:25:19","modified_gmt":"2021-09-19T15:25:19","slug":"tap-regresa-a-caracas-en-diciembre-tras-el-veto-de-maduro-desde-varias-ciudades-espanolas","status":"publish","type":"post","link":"https:\/\/www.turistamagazine.com\/v2\/?p=53078","title":{"rendered":"TAP REGRESA A CARACAS EN DICIEMBRE TRAS EL VETO DE MADURO DESDE VARIAS CIUDADES ESPA\u00d1OLAS"},"content":{"rendered":"<p style=\"text-align: justify;\"><span style=\"color: #333399;\"><em><strong>19\/09\/2021\/Portugal.- TAP retoma los vuelos a Caracas el pr\u00f3ximo mes de diciembre, despu\u00e9s de que Nicol\u00e1s Maduro prohibiera a la aerol\u00ednea portuguesa operar al pa\u00eds por haber transportado al presidente interino de Venezuela Juan Guaid\u00f3 y a un familiar a comienzos de este a\u00f1o, como public\u00f3 La compa\u00f1\u00eda ha informado a la agencias, a trav\u00e9s de un comunicado, que reprograma los vuelos a Caracas para el periodo de invierno con todas las medidas sanitarias certificadas.<\/strong><\/em><\/span><\/p>\n<p><a href=\"https:\/\/www.turistamagazine.com\/v2\/wp-content\/uploads\/2021\/09\/Tap.jpg\"><img decoding=\"async\" class=\"wp-image-53079 aligncenter\" src=\"https:\/\/www.turistamagazine.com\/v2\/wp-content\/uploads\/2021\/09\/Tap.jpg\" alt=\"\" width=\"630\" height=\"289\" srcset=\"https:\/\/www.turistamagazine.com\/v2\/wp-content\/uploads\/2021\/09\/Tap.jpg 640w, https:\/\/www.turistamagazine.com\/v2\/wp-content\/uploads\/2021\/09\/Tap-300x138.jpg 300w, https:\/\/www.turistamagazine.com\/v2\/wp-content\/uploads\/2021\/09\/Tap-610x280.jpg 610w\" sizes=\"(max-width: 630px) 100vw, 630px\" \/><\/a><\/p>\n<p style=\"text-align: justify;\"><span style=\"color: #800080;\"><em><strong>TAP ofrece vuelos con salida de Madrid, Barcelona, Bilbao, Valencia, M\u00e1laga, Sevilla, Gran Canaria, Tenerife y Fuerteventura permitiendo Stopover en todas sus tarifas, para los clientes que deseen aprovechar su escala en Lisboa, reza el comunicado.<\/strong><\/em><\/span><\/p>\n<p style=\"text-align: justify;\"><span style=\"color: #333399;\"><em><strong>Asimismo, ofrece flexibilidad a la hora de hacer cambios, pues se pueden llevar a cabo de forma gratuita hasta tres d\u00edas antes de la salida del vuelo, en cualquier tarifa excepto Discount.<\/strong><\/em><\/span><\/p>\n","protected":false},"excerpt":{"rendered":"<p>19\/09\/2021\/Portugal.- TAP retoma los vuelos a Caracas el pr\u00f3ximo mes de diciembre, despu\u00e9s de que Nicol\u00e1s Maduro prohibiera a la aerol\u00ednea portuguesa operar al pa\u00eds por haber transportado al presidente interino de Venezuela Juan Guaid\u00f3 y a un familiar a comienzos de este a\u00f1o, como public\u00f3 La compa\u00f1\u00eda ha informado a la agencias, a trav\u00e9s de un comunicado, que reprograma los vuelos a Caracas para el periodo de invierno con todas las medidas sanitarias certificadas. TAP ofrece vuelos con salida de Madrid, Barcelona, Bilbao, Valencia, M\u00e1laga, Sevilla, Gran Canaria, Tenerife y Fuerteventura permitiendo Stopover en todas sus tarifas, para los&#8230;<\/p>\n","protected":false},"author":1,"featured_media":53080,"comment_status":"open","ping_status":"open","sticky":false,"template":"","format":"standard","meta":{"footnotes":""},"categories":[4,84],"tags":[10219,10556,11105,283,208,2938,11405],"class_list":["post-53078","post","type-post","status-publish","format-standard","has-post-thumbnail","hentry","category-breaking-news","category-internacionales","tag-semanarioturistamagazine","tag-turismagazine","tag-venezuelaturistica","tag-caracas","tag-europa","tag-portugal","tag-tap"],"_links":{"self":[{"href":"https:\/\/www.turistamagazine.com\/v2\/index.php?rest_route=\/wp\/v2\/posts\/53078","targetHints":{"allow":["GET"]}}],"collection":[{"href":"https:\/\/www.turistamagazine.com\/v2\/index.php?rest_route=\/wp\/v2\/posts"}],"about":[{"href":"https:\/\/www.turistamagazine.com\/v2\/index.php?rest_route=\/wp\/v2\/types\/post"}],"author":[{"embeddable":true,"href":"https:\/\/www.turistamagazine.com\/v2\/index.php?rest_route=\/wp\/v2\/users\/1"}],"replies":[{"embeddable":true,"href":"https:\/\/www.turistamagazine.com\/v2\/index.php?rest_route=%2Fwp%2Fv2%2Fcomments&post=53078"}],"version-history":[{"count":1,"href":"https:\/\/www.turistamagazine.com\/v2\/index.php?rest_route=\/wp\/v2\/posts\/53078\/revisions"}],"predecessor-version":[{"id":53081,"href":"https:\/\/www.turistamagazine.com\/v2\/index.php?rest_route=\/wp\/v2\/posts\/53078\/revisions\/53081"}],"wp:featuredmedia":[{"embeddable":true,"href":"https:\/\/www.turistamagazine.com\/v2\/index.php?rest_route=\/wp\/v2\/media\/53080"}],"wp:attachment":[{"href":"https:\/\/www.turistamagazine.com\/v2\/index.php?rest_route=%2Fwp%2Fv2%2Fmedia&parent=53078"}],"wp:term":[{"taxonomy":"category","embeddable":true,"href":"https:\/\/www.turistamagazine.com\/v2\/index.php?rest_route=%2Fwp%2Fv2%2Fcategories&post=53078"},{"taxonomy":"post_tag","embeddable":true,"href":"https:\/\/www.turistamagazine.com\/v2\/index.php?rest_route=%2Fwp%2Fv2%2Ftags&post=53078"}],"curies":[{"name":"wp","href":"https:\/\/api.w.org\/{rel}","templated":true}]}}