{"id":53069,"date":"2021-09-19T10:25:52","date_gmt":"2021-09-19T15:25:52","guid":{"rendered":"https:\/\/www.turistamagazine.com\/v2\/?p=53069"},"modified":"2021-09-19T10:26:39","modified_gmt":"2021-09-19T15:26:39","slug":"27-de-setiembre-el-dia-mundial-del-turismo","status":"publish","type":"post","link":"https:\/\/www.turistamagazine.com\/v2\/?p=53069","title":{"rendered":"27 DE SETIEMBRE EL DIA MUNDIAL DEL TURISMO"},"content":{"rendered":"<p style=\"text-align: center;\"><span style=\"color: #800080;\"><em><strong>El D\u00eda Mundial del Turismo, subraya el impacto del sector en el crecimiento econ\u00f3mico, la creaci\u00f3n de empleo y el desarrollo de los pueblos del mundo.<\/strong><\/em><\/span><\/p>\n<div id=\"attachment_42802\" style=\"width: 160px\" class=\"wp-caption alignleft\"><a href=\"https:\/\/www.turistamagazine.com\/v2\/wp-content\/uploads\/2019\/11\/Nono-300x225.jpg\"><img decoding=\"async\" aria-describedby=\"caption-attachment-42802\" class=\"wp-image-42802 size-thumbnail\" src=\"https:\/\/www.turistamagazine.com\/v2\/wp-content\/uploads\/2019\/11\/Nono-300x225-150x150.jpg\" alt=\"\" width=\"150\" height=\"150\" \/><\/a><p id=\"caption-attachment-42802\" class=\"wp-caption-text\"><strong><em><span style=\"color: #333399;\">Dr. Antonio-Pedro Tejera Reyes*<\/span><\/em><\/strong><\/p><\/div>\n<p style=\"text-align: justify;\"><span style=\"color: #333399;\"><em><strong>\u00a0Se celebra el 27 de septiembre desde 1980. Esta fecha coincide con el aniversario de la adopci\u00f3n de los Estatutos de la Organizaci\u00f3n Mundial del Turismo, el 27 de septiembre de 1970.\u00a0<\/strong><\/em><\/span><\/p>\n<p style=\"text-align: justify;\"><span style=\"color: #333399;\"><em><strong>Dec\u00eda el ex secretario general de las Naciones Unidas, Ban Ki Moon, en un mensaje con ocasi\u00f3n del D\u00eda Mundial del Turismo: <span style=\"color: #800080;\">\u00abtrabajemos todos juntos para aprovechar al m\u00e1ximo el inmenso potencial que ofrece el Turismo para impulsar el crecimiento socio-econ\u00f3mico inclusivo, para proteger el medio ambiente y para promover el desarrollo sostenible y una vida digna para todos\u00bb<\/span>.\u00a0<\/strong><\/em><\/span><\/p>\n<p style=\"text-align: justify;\"><span style=\"color: #333399;\"><em><strong>Nada mas relevante, ni importante, en estos tr\u00e1gicos momentos en que se hace necesaria mas que nunca la colaboraci\u00f3n, no solo la econ\u00f3mica \u2013 de vital importancia &#8211; sino toda la que se pueda aportar para enderezar un mundo que se he quedado profundamente afectado por unas <span style=\"color: #800080;\">\u201cmedidas preventivas\u201d<\/span> tomadas para evitar la propagaci\u00f3n de un virus que sigue provocando la desolaci\u00f3n en diversos pa\u00edses, sin que se act\u00fae debidamente por parte de los gobernantes de turno, con el debido conocimiento que la situaci\u00f3n presenta, donde las evidencias est\u00e1n demostrando la incapacidad de muchos, y el desprecio que se les presta. A las pruebas nos remitimos.<\/strong><\/em><\/span><\/p>\n<p style=\"text-align: justify;\"><span style=\"color: #333399;\"><em><strong>Celebramos este D\u00eda Mundial de Turismo con inusitados recuerdos que volcaremos en un amplio reportaje por la trascendencia que el mismo tuvo, all\u00e1 en el a\u00f1o 1999.<\/strong><\/em><\/span><\/p>\n<p style=\"text-align: justify;\"><span style=\"color: #333399;\"><em><strong>Dentro de esta memorable celebraci\u00f3n, traemos a escena el relevante importante mensaje que en su d\u00eda hiciera el ex Secretario General de la Organizaci\u00f3n Mundial del Turismo, <span style=\"color: #800080;\">Mr. Taleb Rifai:<\/span><\/strong><\/em><\/span><\/p>\n<p style=\"text-align: justify;\"><span style=\"color: #333399;\"><em><strong><span style=\"color: #800080;\">\u00abCada vez que viajamos, somos parte de un movimiento global que tiene la fuerza de impulsar el desarrollo inclusivo, de crear puestos de trabajo y de fomentar las sociedades sostenibles que queremos para nuestro futuro\u00bb<\/span>. Este movimiento contribuye tambi\u00e9n a favorecer el entendimiento mutuo y a salvaguardar nuestro patrimonio natural y cultural com\u00fan\u2019.\u00a0<\/strong><\/em><\/span><\/p>\n<p style=\"text-align: justify;\"><span style=\"color: #333399;\"><em><strong>Reflexi\u00f3n y entendimiento de esta autoridad mundial\u00a0 en el conocimiento de los valores del turismo, que muy bien debieron, y\u00a0 deber\u00edan, tener muy en cuenta quienes han tomado esas medidas que ahora ya se discuten en los tribunales de justicia por el terrible efecto que han causado al m\u00e1ximo nivel mundial, en todos los sectores de la humanidad, con da\u00f1os irreparables especialmente en el estado f\u00edsico de las personas, sin que queramos entrar en el econ\u00f3mico donde las p\u00e9rdidas son sencillamente asombrosas.<\/strong><\/em><\/span><\/p>\n<p style=\"text-align: justify;\"><span style=\"color: #800080;\"><em><strong>Pol\u00edticos ignorantes, eg\u00f3latras y solo pendientes de su bienestar personal, son los causantes de esta descomunal tragedia que nos afecta, ya que no supieron en su momento emplear los recursos de que dispon\u00edan para crear la plataforma sanitaria que necesit\u00e1bamos<\/strong><\/em><\/span><\/p>\n<p style=\"text-align: justify;\"><span style=\"color: #333399;\"><em><strong>El turismo \u2013 movimiento de personas que distribuye\u00a0 en el mundo la riqueza y el conocimiento &#8211; \u00a0es una fuerza transformadora que abre oportunidades de encontrar nuevos medios de vida y ayuda a acabar con la pobreza, cambiando la vida de millones de personas. <\/strong><\/em><\/span><\/p>\n<p style=\"text-align: justify;\"><span style=\"color: #333399;\"><em><strong>El turismo desempe\u00f1a, adem\u00e1s, un papel protagonista en la promoci\u00f3n del di\u00e1logo intercultural, la conservaci\u00f3n del patrimonio\u00a0 natural y las se\u00f1as de identidad de los pueblos del mundo.\u00a0<\/strong><\/em><\/span><\/p>\n<p style=\"text-align: justify;\"><span style=\"color: #800080;\"><em><strong>Hoy, el nacimiento de la World Tourism Network (red mundial del turismo) es una esperanza de vida donde es sus objetivos est\u00e1 presente precisamente, ese esp\u00edritu de colaboraci\u00f3n, tan importante para el desarrollo de la sociedad mundial, unido a la incuestionable cultura de paz, la bandera que seguiremos ondeando permanentemente en todas nuestras actuaciones.<\/strong><\/em><\/span><\/p>\n<p style=\"text-align: justify;\"><span style=\"color: #333399;\"><em><strong>Servir es mi ocupaci\u00f3n. Rotary Internacional.<\/strong><\/em><\/span><\/p>\n<p style=\"text-align: justify;\"><span style=\"color: #333333;\"><em><strong>*Miembro activo del Grupo de Expertos de la Organizaci\u00f3n Mundial del Turismo. OMT. De las Naciones Unidas. ONU.<\/strong><\/em><\/span><\/p>\n<p style=\"text-align: justify;\"><span style=\"color: #333333;\"><em><strong>*Fundador de los Estudios de Turismo en las Islas Canarias.<\/strong><\/em><\/span><\/p>\n<p style=\"text-align: justify;\"><span style=\"color: #333333;\"><em><strong>*Conseiller International, Associazione Intenazionale Stampa Tur\u00edstica AIST. (Italia)<\/strong><\/em><\/span><\/p>\n<p style=\"text-align: justify;\"><span style=\"color: #333333;\"><em><strong>*Diplome D\u00b4Honneur. Uni\u00f3n des Escrivans et Journalistes Hellenes du Tourisme. FIJET. Federaci\u00f3n Mundial de Periodistas y Escritores de Turismo.<\/strong><\/em><\/span><\/p>\n<p style=\"text-align: justify;\"><span style=\"color: #333333;\"><em><strong>*Inscrito en el Consejo Nacional de Ciencia, Tecnolog\u00eda e Innovaci\u00f3n. Per\u00fa.<\/strong><\/em><\/span><\/p>\n<p style=\"text-align: justify;\"><span style=\"color: #333333;\"><em><strong>*Miembro del International Hall\u00a0 of\u00a0 Tourism\u00a0 Heroes. WTN.<\/strong><\/em><\/span><\/p>\n<p style=\"text-align: justify;\"><span style=\"color: #333333;\"><em><strong>*Pluma de Oro de Rotary Internacional. Puerto de la Cruz. Tenerife. Islas Canarias.<\/strong><\/em><\/span><\/p>\n","protected":false},"excerpt":{"rendered":"<p>El D\u00eda Mundial del Turismo, subraya el impacto del sector en el crecimiento econ\u00f3mico, la creaci\u00f3n de empleo y el desarrollo de los pueblos del mundo. \u00a0Se celebra el 27 de septiembre desde 1980. Esta fecha coincide con el aniversario de la adopci\u00f3n de los Estatutos de la Organizaci\u00f3n Mundial del Turismo, el 27 de septiembre de 1970.\u00a0 Dec\u00eda el ex secretario general de las Naciones Unidas, Ban Ki Moon, en un mensaje con ocasi\u00f3n del D\u00eda Mundial del Turismo: \u00abtrabajemos todos juntos para aprovechar al m\u00e1ximo el inmenso potencial que ofrece el Turismo para impulsar el crecimiento socio-econ\u00f3mico inclusivo,&#8230;<\/p>\n","protected":false},"author":1,"featured_media":53070,"comment_status":"open","ping_status":"open","sticky":true,"template":"","format":"standard","meta":{"footnotes":""},"categories":[4,84,90],"tags":[10217,10635,10219,10556,11403],"class_list":["post-53069","post","type-post","status-publish","format-standard","has-post-thumbnail","hentry","category-breaking-news","category-internacionales","category-pensando-en-voz-alta","tag-antoniopedrotejerareyes","tag-elenahonoresdirectora","tag-semanarioturistamagazine","tag-turismagazine","tag-worldtourismday2021"],"_links":{"self":[{"href":"https:\/\/www.turistamagazine.com\/v2\/index.php?rest_route=\/wp\/v2\/posts\/53069","targetHints":{"allow":["GET"]}}],"collection":[{"href":"https:\/\/www.turistamagazine.com\/v2\/index.php?rest_route=\/wp\/v2\/posts"}],"about":[{"href":"https:\/\/www.turistamagazine.com\/v2\/index.php?rest_route=\/wp\/v2\/types\/post"}],"author":[{"embeddable":true,"href":"https:\/\/www.turistamagazine.com\/v2\/index.php?rest_route=\/wp\/v2\/users\/1"}],"replies":[{"embeddable":true,"href":"https:\/\/www.turistamagazine.com\/v2\/index.php?rest_route=%2Fwp%2Fv2%2Fcomments&post=53069"}],"version-history":[{"count":2,"href":"https:\/\/www.turistamagazine.com\/v2\/index.php?rest_route=\/wp\/v2\/posts\/53069\/revisions"}],"predecessor-version":[{"id":53072,"href":"https:\/\/www.turistamagazine.com\/v2\/index.php?rest_route=\/wp\/v2\/posts\/53069\/revisions\/53072"}],"wp:featuredmedia":[{"embeddable":true,"href":"https:\/\/www.turistamagazine.com\/v2\/index.php?rest_route=\/wp\/v2\/media\/53070"}],"wp:attachment":[{"href":"https:\/\/www.turistamagazine.com\/v2\/index.php?rest_route=%2Fwp%2Fv2%2Fmedia&parent=53069"}],"wp:term":[{"taxonomy":"category","embeddable":true,"href":"https:\/\/www.turistamagazine.com\/v2\/index.php?rest_route=%2Fwp%2Fv2%2Fcategories&post=53069"},{"taxonomy":"post_tag","embeddable":true,"href":"https:\/\/www.turistamagazine.com\/v2\/index.php?rest_route=%2Fwp%2Fv2%2Ftags&post=53069"}],"curies":[{"name":"wp","href":"https:\/\/api.w.org\/{rel}","templated":true}]}}