{"id":53026,"date":"2021-09-16T18:09:22","date_gmt":"2021-09-16T23:09:22","guid":{"rendered":"https:\/\/www.turistamagazine.com\/v2\/?p=53026"},"modified":"2021-09-16T18:10:42","modified_gmt":"2021-09-16T23:10:42","slug":"201-programa-de-noches-de-luna-por-willax-t-v","status":"publish","type":"post","link":"https:\/\/www.turistamagazine.com\/v2\/?p=53026","title":{"rendered":"201 PROGRAMA DE NOCHES DE LUNA POR WILLAX T.V."},"content":{"rendered":"<p style=\"text-align: center;\">\u00a0<span style=\"color: #333399;\"><em><strong>Javier Luna en el emotivo programa recordando los 100 a\u00f1os del nacimiento de nuestra admirada y querida Chabuca Granda<\/strong><\/em><\/span><\/p>\n<p>Por. Elena Honores*<\/p>\n<p style=\"text-align: justify;\"><span style=\"color: #333399;\"><em><strong>1<\/strong><strong>6\/09\/2021\/ Lima.- <span style=\"color: #800080;\">Se lee f\u00e1cil, pero s\u00f3lo con gran amor por lo que se hace y con disciplina f\u00e9rrea, se llega producir y conducir, 201 programas domingo a domingo con invitados especiales y de gran trascendencia cultural de nuestra patria, con un contenido de gran calidad\u00a0 y variado como sus invitados,\u00a0\u00a0 sobre todo en estos pr\u00e1cticamente dos a\u00f1os de \u201cCuareeterna\u201d como le decimos nosotros a este encierro involuntario que todos hemos tenido que soportar\u2026<\/span><\/strong><\/em><\/span><\/p>\n<p style=\"text-align: justify;\"><span style=\"color: #333399;\"><em><strong>Producir un programa con estas caracter\u00edsticas es algo excepcional, por lo que todo el Staff\u00a0 de Turistamagazine le hace llegar un saludo especial a\u00a0 Javier Luna El\u00edas reconocido Arquitecto,\u00a0 uno de los m\u00e1s connotados investigadores de la\u00a0 cultura de nuestro pa\u00eds y experto en arte popular<\/strong><\/em><\/span><\/p>\n<p><a href=\"https:\/\/www.turistamagazine.com\/v2\/wp-content\/uploads\/2020\/08\/descarga-18-460x358.jpg\"><img decoding=\"async\" class=\"wp-image-46739 size-full aligncenter\" src=\"https:\/\/www.turistamagazine.com\/v2\/wp-content\/uploads\/2020\/08\/descarga-18-460x358.jpg\" alt=\"\" width=\"617\" height=\"375\" srcset=\"https:\/\/www.turistamagazine.com\/v2\/wp-content\/uploads\/2020\/08\/descarga-18-460x358.jpg 617w, https:\/\/www.turistamagazine.com\/v2\/wp-content\/uploads\/2020\/08\/descarga-18-460x358-300x182.jpg 300w, https:\/\/www.turistamagazine.com\/v2\/wp-content\/uploads\/2020\/08\/descarga-18-460x358-610x371.jpg 610w\" sizes=\"(max-width: 617px) 100vw, 617px\" \/><\/a><\/p>\n<p style=\"text-align: justify;\"><span style=\"color: #800080;\"><em><strong>\u00abNoche de Luna\u00bb es un programa cultural de lujo ,\u00a0 que se emite los domingos\u00a0 a las 11 de la noche por Willax TV, hemos recibido muchos\u00a0 comentarios muy halagadores e incentivadores de algunos de nuestros lectores y televidentes seguidores de este magn\u00edfico programa.<\/strong><\/em><\/span><\/p>\n<p style=\"text-align: justify;\"><span style=\"color: #333399;\"><em><b style=\"color: #333399;\">En este programa que el que no sabe aprende y el que sabe lo disfruta al ver la forma\u00a0 amena, sencilla y emotiva como Javier gran amigo de esta casa editora, nos va llevando paso a paso por caminos desconocidos para algunos y sin darnos cuenta estamos sumergidos en un retazo de la historia de nuestro Per\u00fa, ya sea\u00a0\u00a0 criollo musical, hist\u00f3rico patri\u00f3tico, artesanal, o arqueol\u00f3gico, no importa el tema que trate siempre nos sorprender\u00e1 con su estilo tan peculiar con informaci\u00f3n\u00a0 <\/b><span style=\"color: #333399;\"><b>ver\u00e1s<\/b><\/span><b style=\"color: #333399;\"> que no conoc\u00edamos o muchos no recordaban.<\/b><\/em><\/span><\/p>\n<p style=\"text-align: justify;\"><span style=\"color: #800080;\"><em><strong>El programa ya cumpli\u00f3 2 a\u00f1os largos\u00a0 y lo puede Ud. ver\u00a0 adem\u00e1s en YouTube\u00a0\u00a0\u00a0 solo con poner Noches de Luna\u00a0 Willax y le aparecen todos los programas emitidos\u2026 se lo recomendamos vale la pena verlos.<\/strong><\/em><\/span><\/p>\n<p style=\"text-align: justify;\"><span style=\"color: #333399;\"><em><strong>Javier Luna\u00a0 naci\u00f3 en las soleadas tierras de la regi\u00f3n Ica, ha ocupado importantes cargos en la administraci\u00f3n p\u00fablica y privado como\u00a0 el ser Viceministro de Cultura, Director de Desarrollo Cultural en el INC y Director del Museo de la Naci\u00f3n,\u00a0 asimismo en la UNESCO, siempre ha estado ligado al arte popular peruano,\u00a0 reconocido promotor cultural a la\u00a0 que se a\u00f1ade su colecci\u00f3n privada de Belenes, la cual cuida con fervorosa dedicaci\u00f3n junto a su bella familia, Yvonne su esposa y sus hijos\u00a0 Carolina y Javier Ignacio<\/strong><\/em><\/span><\/p>\n<p style=\"text-align: justify;\"><span style=\"color: #800080;\"><em><strong>Felicitaciones por ese trabajo tan esmerado Javier y esperamos muchos, pero muchos programas\u00a0 m\u00e1s\u00a0 m\u00e1s\u2026 NOCHE DE LUNA UN MOTIVO M\u00c1S PARA SENTIR ORGULLO DE SER PERUANOS\u2026<\/strong><\/em><\/span><\/p>\n<p>&nbsp;<\/p>\n<p><em><strong>*Magister en Turismo y Comunicaci\u00f3n<\/strong><\/em><\/p>\n<p><a href=\"https:\/\/www.turistamagazine.com\/v2\/wp-content\/uploads\/2021\/06\/logo-TM-2.jpg\"><img decoding=\"async\" class=\"wp-image-51359 aligncenter\" src=\"https:\/\/www.turistamagazine.com\/v2\/wp-content\/uploads\/2021\/06\/logo-TM-2.jpg\" alt=\"\" width=\"500\" height=\"475\" \/><\/a><\/p>\n<p style=\"text-align: justify;\">\n","protected":false},"excerpt":{"rendered":"<p>\u00a0Javier Luna en el emotivo programa recordando los 100 a\u00f1os del nacimiento de nuestra admirada y querida Chabuca Granda Por. Elena Honores* 16\/09\/2021\/ Lima.- Se lee f\u00e1cil, pero s\u00f3lo con gran amor por lo que se hace y con disciplina f\u00e9rrea, se llega producir y conducir, 201 programas domingo a domingo con invitados especiales y de gran trascendencia cultural de nuestra patria, con un contenido de gran calidad\u00a0 y variado como sus invitados,\u00a0\u00a0 sobre todo en estos pr\u00e1cticamente dos a\u00f1os de \u201cCuareeterna\u201d como le decimos nosotros a este encierro involuntario que todos hemos tenido que soportar\u2026 Producir un programa con&#8230;<\/p>\n","protected":false},"author":1,"featured_media":53027,"comment_status":"open","ping_status":"open","sticky":false,"template":"","format":"standard","meta":{"footnotes":""},"categories":[90],"tags":[10635,10203,11394,10219,10556],"class_list":["post-53026","post","type-post","status-publish","format-standard","has-post-thumbnail","hentry","category-pensando-en-voz-alta","tag-elenahonoresdirectora","tag-javierluna","tag-nochedeluna","tag-semanarioturistamagazine","tag-turismagazine"],"_links":{"self":[{"href":"https:\/\/www.turistamagazine.com\/v2\/index.php?rest_route=\/wp\/v2\/posts\/53026","targetHints":{"allow":["GET"]}}],"collection":[{"href":"https:\/\/www.turistamagazine.com\/v2\/index.php?rest_route=\/wp\/v2\/posts"}],"about":[{"href":"https:\/\/www.turistamagazine.com\/v2\/index.php?rest_route=\/wp\/v2\/types\/post"}],"author":[{"embeddable":true,"href":"https:\/\/www.turistamagazine.com\/v2\/index.php?rest_route=\/wp\/v2\/users\/1"}],"replies":[{"embeddable":true,"href":"https:\/\/www.turistamagazine.com\/v2\/index.php?rest_route=%2Fwp%2Fv2%2Fcomments&post=53026"}],"version-history":[{"count":4,"href":"https:\/\/www.turistamagazine.com\/v2\/index.php?rest_route=\/wp\/v2\/posts\/53026\/revisions"}],"predecessor-version":[{"id":53031,"href":"https:\/\/www.turistamagazine.com\/v2\/index.php?rest_route=\/wp\/v2\/posts\/53026\/revisions\/53031"}],"wp:featuredmedia":[{"embeddable":true,"href":"https:\/\/www.turistamagazine.com\/v2\/index.php?rest_route=\/wp\/v2\/media\/53027"}],"wp:attachment":[{"href":"https:\/\/www.turistamagazine.com\/v2\/index.php?rest_route=%2Fwp%2Fv2%2Fmedia&parent=53026"}],"wp:term":[{"taxonomy":"category","embeddable":true,"href":"https:\/\/www.turistamagazine.com\/v2\/index.php?rest_route=%2Fwp%2Fv2%2Fcategories&post=53026"},{"taxonomy":"post_tag","embeddable":true,"href":"https:\/\/www.turistamagazine.com\/v2\/index.php?rest_route=%2Fwp%2Fv2%2Ftags&post=53026"}],"curies":[{"name":"wp","href":"https:\/\/api.w.org\/{rel}","templated":true}]}}