{"id":53020,"date":"2021-09-16T14:42:55","date_gmt":"2021-09-16T19:42:55","guid":{"rendered":"https:\/\/www.turistamagazine.com\/v2\/?p=53020"},"modified":"2021-09-16T14:42:55","modified_gmt":"2021-09-16T19:42:55","slug":"ceo-de-united-airlines-scott-kirby-opina-que-el-plan-de-ee-uu-para-reabrir-los-viajes-internacionales-seria-logisticamente-impracticable","status":"publish","type":"post","link":"https:\/\/www.turistamagazine.com\/v2\/?p=53020","title":{"rendered":"CEO DE UNITED AIRLINES, SCOTT KIRBY, OPINA QUE EL PLAN DE EE.UU. PARA REABRIR\u00a0 LOS VIAJES INTERNACIONALES\u00a0 SERIA \u201cLOG\u00cdSTICAMENTE IMPRACTICABLE\u201d"},"content":{"rendered":"<p style=\"text-align: justify;\"><span style=\"color: #333399;\"><em><strong>16 \/09\/ 2021\/ EE.UU.- <span style=\"color: #800080;\">Entre las medidas contemplan la exigencia de estar vacunados contra el covid-19- \u00a0y restricciones m\u00e1s seguras, fuertes y sostenibles. <\/span><\/strong><\/em><\/span><span style=\"color: #333399;\"><em><strong>Aunque no se conoce el plan, el coordinador de respuesta al coronavirus de la Casa Blanca, Jeff Zients, dijo que EE.UU. har\u00e1 rastreo de contactos de pasajeros que lleguen al pa\u00eds americano. Adem\u00e1s los Centros para el Control y la Prevenci\u00f3n de Enfermedades (CDC) se podr\u00edan en contacto con los viajeros que tengan alguna exposici\u00f3n al Covid-19.<\/strong><\/em><\/span><\/p>\n<p style=\"text-align: justify;\"><span style=\"color: #800080;\"><em><strong>Asimismo , la Asociaci\u00f3n de Agentes de Viajes (ASTA) de Estados Unidos, se manifest\u00f3 diciendo que, \u201cInstamos a la administraci\u00f3n de Biden a finalizar este plan lo m\u00e1s r\u00e1pido posible\u00a0 o de lo contrario, hacer que el reinicio seguro de los viajes internacionales se produzca mediante la apertura de fronteras como una prioridad inmediata\u201d, y agreg\u00f3 que, \u201cLa industria de viajes en su conjunto no se recuperar\u00e1 del covid hasta que los viajes internacionales se reinicien en serio\u201d, mediante una comunicado.<\/strong><\/em><\/span><\/p>\n<p><a href=\"https:\/\/www.turistamagazine.com\/v2\/wp-content\/uploads\/2021\/09\/aeropuerto-john-kennedy-760x500-1.jpg\"><img decoding=\"async\" class=\"wp-image-53021 aligncenter\" src=\"https:\/\/www.turistamagazine.com\/v2\/wp-content\/uploads\/2021\/09\/aeropuerto-john-kennedy-760x500-1.jpg\" alt=\"\" width=\"630\" height=\"414\" srcset=\"https:\/\/www.turistamagazine.com\/v2\/wp-content\/uploads\/2021\/09\/aeropuerto-john-kennedy-760x500-1.jpg 760w, https:\/\/www.turistamagazine.com\/v2\/wp-content\/uploads\/2021\/09\/aeropuerto-john-kennedy-760x500-1-300x197.jpg 300w, https:\/\/www.turistamagazine.com\/v2\/wp-content\/uploads\/2021\/09\/aeropuerto-john-kennedy-760x500-1-638x420.jpg 638w, https:\/\/www.turistamagazine.com\/v2\/wp-content\/uploads\/2021\/09\/aeropuerto-john-kennedy-760x500-1-610x401.jpg 610w\" sizes=\"(max-width: 630px) 100vw, 630px\" \/><\/a><\/p>\n<p style=\"text-align: justify;\"><span style=\"color: #333399;\"><em><strong>ASTA tambi\u00e9n pidi\u00f3 a la administraci\u00f3n Biden que se renueve la pol\u00edtica de entrada al pa\u00eds pero con \u201cmedidas de sentido com\u00fan\u201d, es decir que existan normas claras para la entrada de viajeros vacunados y pruebas, pero as\u00ed mismo la flexibilizaci\u00f3n de las restricciones de entrada para aquellos viajeros vacunados y una estandarizaci\u00f3n de pol\u00edticas de sus m\u00e1s importantes emisores como lo son Canad\u00e1, Europa y Reino Unido.<\/strong><\/em><\/span><\/p>\n<p style=\"text-align: justify;\"><span style=\"color: #800080;\"><em><strong>La \u00a0propuesta del gobierno Biden de volver obligatoria la vacunaci\u00f3n para pasajeros que viajen en avi\u00f3n en vuelos dom\u00e9sticos, las aerol\u00edneas United y Delta entran en conflicto, pues log\u00edsticamente no lo ven viable.<\/strong><\/em><\/span><\/p>\n<p style=\"text-align: justify;\"><span style=\"color: #333399;\"><em><strong>Las aerol\u00edneas han se\u00f1alado que la medida no es factible aplicarla sobre todos los pasajeros. El CEO de United Airlines, Scott Kirby, opina que la medida ser\u00eda, \u201clog\u00edsticamente impracticable\u201d, y el director general de Delta Air Lines, Ed Bastian, que cree que es un \u201cdilema log\u00edstico\u201d.<\/strong><\/em><\/span><\/p>\n<p>Con Informaci\u00f3n de Preferente.com<\/p>\n","protected":false},"excerpt":{"rendered":"<p>16 \/09\/ 2021\/ EE.UU.- Entre las medidas contemplan la exigencia de estar vacunados contra el covid-19- \u00a0y restricciones m\u00e1s seguras, fuertes y sostenibles. Aunque no se conoce el plan, el coordinador de respuesta al coronavirus de la Casa Blanca, Jeff Zients, dijo que EE.UU. har\u00e1 rastreo de contactos de pasajeros que lleguen al pa\u00eds americano. Adem\u00e1s los Centros para el Control y la Prevenci\u00f3n de Enfermedades (CDC) se podr\u00edan en contacto con los viajeros que tengan alguna exposici\u00f3n al Covid-19. Asimismo , la Asociaci\u00f3n de Agentes de Viajes (ASTA) de Estados Unidos, se manifest\u00f3 diciendo que, \u201cInstamos a la administraci\u00f3n&#8230;<\/p>\n","protected":false},"author":1,"featured_media":47521,"comment_status":"open","ping_status":"open","sticky":false,"template":"","format":"standard","meta":{"footnotes":""},"categories":[4,84],"tags":[10219,10556,11393,9667,1629],"class_list":["post-53020","post","type-post","status-publish","format-standard","has-post-thumbnail","hentry","category-breaking-news","category-internacionales","tag-semanarioturistamagazine","tag-turismagazine","tag-biden","tag-delta-air-lines","tag-estados-unidos"],"_links":{"self":[{"href":"https:\/\/www.turistamagazine.com\/v2\/index.php?rest_route=\/wp\/v2\/posts\/53020","targetHints":{"allow":["GET"]}}],"collection":[{"href":"https:\/\/www.turistamagazine.com\/v2\/index.php?rest_route=\/wp\/v2\/posts"}],"about":[{"href":"https:\/\/www.turistamagazine.com\/v2\/index.php?rest_route=\/wp\/v2\/types\/post"}],"author":[{"embeddable":true,"href":"https:\/\/www.turistamagazine.com\/v2\/index.php?rest_route=\/wp\/v2\/users\/1"}],"replies":[{"embeddable":true,"href":"https:\/\/www.turistamagazine.com\/v2\/index.php?rest_route=%2Fwp%2Fv2%2Fcomments&post=53020"}],"version-history":[{"count":1,"href":"https:\/\/www.turistamagazine.com\/v2\/index.php?rest_route=\/wp\/v2\/posts\/53020\/revisions"}],"predecessor-version":[{"id":53022,"href":"https:\/\/www.turistamagazine.com\/v2\/index.php?rest_route=\/wp\/v2\/posts\/53020\/revisions\/53022"}],"wp:featuredmedia":[{"embeddable":true,"href":"https:\/\/www.turistamagazine.com\/v2\/index.php?rest_route=\/wp\/v2\/media\/47521"}],"wp:attachment":[{"href":"https:\/\/www.turistamagazine.com\/v2\/index.php?rest_route=%2Fwp%2Fv2%2Fmedia&parent=53020"}],"wp:term":[{"taxonomy":"category","embeddable":true,"href":"https:\/\/www.turistamagazine.com\/v2\/index.php?rest_route=%2Fwp%2Fv2%2Fcategories&post=53020"},{"taxonomy":"post_tag","embeddable":true,"href":"https:\/\/www.turistamagazine.com\/v2\/index.php?rest_route=%2Fwp%2Fv2%2Ftags&post=53020"}],"curies":[{"name":"wp","href":"https:\/\/api.w.org\/{rel}","templated":true}]}}