{"id":5301,"date":"2014-06-16T07:31:19","date_gmt":"2014-06-16T12:31:19","guid":{"rendered":"http:\/\/www.turistamagazine.com\/v2\/?p=5301"},"modified":"2014-06-16T07:31:19","modified_gmt":"2014-06-16T12:31:19","slug":"acoso-y-violencia-contra-las-mujeres","status":"publish","type":"post","link":"https:\/\/www.turistamagazine.com\/v2\/?p=5301","title":{"rendered":"ACOSO Y VIOLENCIA CONTRA LAS MUJERES"},"content":{"rendered":"<p style=\"text-align: justify;\">\u00a0En d\u00edas pasados una actriz muy querida en el pa\u00eds fue acosada sexualmente al utilizar el metropolitano\u00a0 transporte p\u00fablico que puso en marcha la municipalidad en la anterior gesti\u00f3n del Dr. Casta\u00f1eda Lossio, es veh\u00edculo de transporte utilizado por millones de usuarios, ya que es muy r\u00e1pido, infelizmente los usuarios han sobrepasado la capacidad de las unidades, por lo que en las llamadas horas punta los usuarios viajan\u00a0 peor que sardinas dando oportunidad a una serie de maltratos.<\/p>\n<p style=\"text-align: justify;\">\u00a0Se le ha dado gran cobertura de difusi\u00f3n, al\u00a0 desagradable\u00a0 y desgraciado suceso\u00a0 ocurrido a Magaly Solier y todos han opinado acerca de ello, y pareciera que la valent\u00eda de Magaly de denunciar p\u00fablicamente su caso ha motivado a que otras mujeres hagan lo mismo, y a diario se escuchan declaraciones de acosos de esta clase\u00a0 a mujeres, tanto adultas como\u00a0 ni\u00f1as.<\/p>\n<p style=\"text-align: justify;\">Estamos de acuerdo en que no se debe tolerar ning\u00fan tipo de acoso ni violencia \u00a0femenino la ley debe ejecutarse\u00a0 con penas muy fuertes, con c\u00e1rcel efectiva y reparaciones muy altas, ya que este tipo de ataque deja secuelas sicol\u00f3gicas que son dif\u00edciles de superar sin tratamiento sicol\u00f3gico sobre todo en las ni\u00f1as, \u00a0si queremos evitar esta \u201cmoda\u201d de ofensa hacia la dignidad de la mujer. No existe en nuestra legislaci\u00f3n ni siquiera la palabra acoso sexual, \u00a0s\u00f3lo\u00a0 aparece nomenclatura \u00a0en el caso de feminicidio, ahora\u00a0 los legisladores tendr\u00e1n un problema porque el acoso sexual hacia las mujeres existe en diversas formas.<\/p>\n<p style=\"text-align: justify;\">\u00a0Pero\u00a0 esta \u00a0indignidad no se va a terminar poniendo unidades especiales para el transporte femenino, de ninguna manera, aqu\u00ed se debe incidir en una gran campa\u00f1a en el \u00e1mbito nacional\u00a0 para crear conciencia del respeto que se debe guardar hacia las mujeres, y sobre todo hacer que la mujer se valore as\u00ed misma, y crearle el convencimiento que tendr\u00e1 todo el respaldo no s\u00f3lo familiar sino de gobierno para defenderse de los ataques de tanto degenerado que existe.<\/p>\n<p style=\"text-align: justify;\"><strong><em><span style=\"color: #000080;\">\u00bfCu\u00e1nto tiempo se podr\u00eda sostener unidades especiales para las mujeres \u00bf El Per\u00fa\u00a0 tiene m\u00e1s de 30 millones de habitantes de los cuales casi el 50% son mujeres, es una idea que no se puede sostener en el tiempo.<\/span><\/em><\/strong><\/p>\n<p style=\"text-align: justify;\">La ministra Ana Jara ha aconsejado de utilizar\u00a0 clavos, alfileres imperdibles etc. para defenderse de los <span style=\"color: #000080;\"><strong><em>\u201cma\u00f1ucos\u201d<\/em><\/strong><\/span>. No Sra. ministra Jara, violencia , genera violencia, comprendemos su indignaci\u00f3n como mujer ante estos reprobables actos, pero Ud. debe mostrar serenidad y no incentivar a la violencia no es la manera de protegernos.<\/p>\n<p style=\"text-align: justify;\">Son programas infelizmente a largo plazo, pero hay que empezar\u00a0 YA desde los colegios ense\u00f1arles a los ni\u00f1os y\u00a0 hombres que todos somos nacidos de mujer, y es la raz\u00f3n por la que adoramos a nuestras madres\u00a0 y raz\u00f3n primigenia \u00a0respetar a la mujer en todos sus \u00e1mbitos y \u00a0\u00a0trascendencia.<\/p>\n<p><strong>EV.<\/strong><\/p>\n","protected":false},"excerpt":{"rendered":"<p>\u00a0En d\u00edas pasados una actriz muy querida en el pa\u00eds fue acosada sexualmente al utilizar el metropolitano\u00a0 transporte p\u00fablico que puso en marcha la municipalidad en la anterior gesti\u00f3n del Dr. Casta\u00f1eda Lossio, es veh\u00edculo de transporte utilizado por millones de usuarios, ya que es muy r\u00e1pido, infelizmente los usuarios han sobrepasado la capacidad de las unidades, por lo que en las llamadas horas punta los usuarios viajan\u00a0 peor que sardinas dando oportunidad a una serie de maltratos. \u00a0Se le ha dado gran cobertura de difusi\u00f3n, al\u00a0 desagradable\u00a0 y desgraciado suceso\u00a0 ocurrido a Magaly Solier y todos han opinado acerca&#8230;<\/p>\n","protected":false},"author":1,"featured_media":0,"comment_status":"open","ping_status":"open","sticky":false,"template":"","format":"standard","meta":{"footnotes":""},"categories":[90],"tags":[1959,1960,1294,340],"class_list":["post-5301","post","type-post","status-publish","format-standard","hentry","category-pensando-en-voz-alta","tag-acoso-sexual","tag-magaly-sulier","tag-pensando-en-voz-alta-2","tag-peru"],"_links":{"self":[{"href":"https:\/\/www.turistamagazine.com\/v2\/index.php?rest_route=\/wp\/v2\/posts\/5301","targetHints":{"allow":["GET"]}}],"collection":[{"href":"https:\/\/www.turistamagazine.com\/v2\/index.php?rest_route=\/wp\/v2\/posts"}],"about":[{"href":"https:\/\/www.turistamagazine.com\/v2\/index.php?rest_route=\/wp\/v2\/types\/post"}],"author":[{"embeddable":true,"href":"https:\/\/www.turistamagazine.com\/v2\/index.php?rest_route=\/wp\/v2\/users\/1"}],"replies":[{"embeddable":true,"href":"https:\/\/www.turistamagazine.com\/v2\/index.php?rest_route=%2Fwp%2Fv2%2Fcomments&post=5301"}],"version-history":[{"count":1,"href":"https:\/\/www.turistamagazine.com\/v2\/index.php?rest_route=\/wp\/v2\/posts\/5301\/revisions"}],"predecessor-version":[{"id":5311,"href":"https:\/\/www.turistamagazine.com\/v2\/index.php?rest_route=\/wp\/v2\/posts\/5301\/revisions\/5311"}],"wp:attachment":[{"href":"https:\/\/www.turistamagazine.com\/v2\/index.php?rest_route=%2Fwp%2Fv2%2Fmedia&parent=5301"}],"wp:term":[{"taxonomy":"category","embeddable":true,"href":"https:\/\/www.turistamagazine.com\/v2\/index.php?rest_route=%2Fwp%2Fv2%2Fcategories&post=5301"},{"taxonomy":"post_tag","embeddable":true,"href":"https:\/\/www.turistamagazine.com\/v2\/index.php?rest_route=%2Fwp%2Fv2%2Ftags&post=5301"}],"curies":[{"name":"wp","href":"https:\/\/api.w.org\/{rel}","templated":true}]}}