{"id":52828,"date":"2021-09-01T16:31:06","date_gmt":"2021-09-01T21:31:06","guid":{"rendered":"https:\/\/www.turistamagazine.com\/v2\/?p=52828"},"modified":"2021-09-01T16:31:06","modified_gmt":"2021-09-01T21:31:06","slug":"uruguay-y-sus-recursos-turisticos","status":"publish","type":"post","link":"https:\/\/www.turistamagazine.com\/v2\/?p=52828","title":{"rendered":"URUGUAY Y SUS RECURSOS TURISTICOS"},"content":{"rendered":"<p style=\"text-align: center;\"><strong><em><span style=\"color: #333399;\">Montevideo. En el centro de la fotograf\u00eda el monumental \u00a0World Trade Center con su torre de 44 pisos, es un complejo edilicio con destino empresarial, que se encuentra ubicado en una zona franca de servicios, con moderna infraestructura de oficinas preparadas para todo tipo de empresas, en el sector urbano de mayor crecimiento residencial y de servicios de la ciudad, junto al Montevideo Shopping Center en el barrio del Buceo<\/span><\/em><\/strong><\/p>\n<p style=\"text-align: left;\"><span style=\"color: #800080;\"><em><strong>\u201cEl turismo es una fuerza viva al servicio de la paz, y un factor de amistad y comprensi\u00f3n entre los pueblos, gracias al contacto directo, espont\u00e1neo e inmediato, que permite entre hombre y mujeres de culturas y forma de vida distintas\u201d Del C\u00f3digo \u00c9tico Mundial para el Turismo.<\/strong><\/em><\/span><\/p>\n<p style=\"text-align: center;\"><span style=\"color: #800080;\"><em><strong>\u201cLA SUIZA\u00a0 DE AMERICA\u201d SIGUE EXPECTANTE<\/strong><\/em><\/span><\/p>\n<p style=\"text-align: justify;\"><span style=\"color: #333399;\"><em><strong>Por. Antonio-Pedro Tejera Reyes<\/strong><\/em><\/span><\/p>\n<p style=\"text-align: justify;\"><span style=\"color: #333399;\"><em><strong>Movidos por nuestra constante inquietud nacida por la pr\u00e1ctica constante de los principios de Rotary Internacional, \u201c<span style=\"color: #800080;\">servir es mi ocupaci\u00f3n\u201d<\/span>, como resumen de todos ellos, vamos a ofrecer este segundo reportaje sobre este extraordinario pa\u00eds, fundado por los canarios de la emigraci\u00f3n obligada, cuyo reflejo podemos sintetizarlo en las palabras del ex presidente del pa\u00eds, Julio Mar\u00eda Saguinetti, que lo dijo as\u00ed: <span style=\"color: #800080;\">\u201cTodo aquel uruguayo que habita fuera de Montevideo recibe el nombre de canario, y lo que es expresi\u00f3n de jerga no oficial, lo es pr\u00e1cticamente en el caso del Departamento de Canelones que rodea Montevideo, zona de granjas y chacras un hermos\u00edsimo paraje que si asume su condici\u00f3n de canario en toda su dimensi\u00f3n\u2026 luego de un largo y lento doblamiento el principio de Uruguay fue Montevideo, cuya semilla es canaria, una semilla que sigue dando frutos hasta ahora mismo\u201d<\/span><\/strong><\/em><\/span><\/p>\n<p style=\"text-align: justify;\"><span style=\"color: #333399;\"><em><strong>Justo es que traigamos nuevamente aqu\u00ed la aclaraci\u00f3n que est\u00e1 publicada en el libro<\/strong><\/em><\/span><\/p>\n<p style=\"text-align: justify;\"><span style=\"color: #333399;\"><em><strong>\u201cEl Otro Archipi\u00e9lago\u201d \u2013 J. J. Armas Marcelo, Gobierno de Canarias 1987 \u2013 seg\u00fan el p\u00e1rrafo que copiamos literalmente:\u00a0 \u201cFrancisco Aznar Vallejo, catedr\u00e1tico de la <\/strong><\/em><\/span><span style=\"color: #333399;\"><em><strong>Universidad de La Laguna, explica una de las claves de estas primeras expatriaciones espa\u00f1olas de principios del XVIII: <span style=\"color: #800080;\">\u00abPara mercadear con Am\u00e9rica hab\u00eda que pasar antes por la Casa de Contrataci\u00f3n de Sevilla y pagar los correspondientes impuestos, pero las familias poderosas de Canarias lograron que la corona les permitiera comerciar en ese continente sin pasar por la Casa de Contrataci\u00f3n. A cambio, que por cada 100 toneladas de mercanc\u00eda que llevaran en los barcos, ten\u00edan que emigrar a Uruguay cinco familias de cinco miembros cada una. Eso se denomin\u00f3 \u201ctributo de sangre\u00bb.<\/span><\/strong><\/em><\/span><\/p>\n<p style=\"text-align: justify;\"><span style=\"color: #333399;\"><em><strong>La selecci\u00f3n de im\u00e1genes que ofrecemos, es solo un peque\u00f1o resumen de toda una larga y amplia estructura de esta peque\u00f1a gran naci\u00f3n americana conocida como <span style=\"color: #800080;\">\u201cla Suiza de Am\u00e9rica\u201d<\/span>, tanto por sus recursos naturales como por el trabajo y la bonhom\u00eda de sus gentes, lo cual no se ha perdido en la vor\u00e1gine que azota lamentablemente a otros pa\u00edses de nuestra Am\u00e9rica.<\/strong><\/em><\/span><\/p>\n<p style=\"text-align: justify;\"><span style=\"color: #333399;\"><em><strong>Uruguay tiene con qu\u00e9 y en este nuevo escenario que comenzamos a recuperar post covid-19, vamos a verlo avanzar poniendo en juego todos estos valores que son los que el movimiento de personas en el mundo anda buscando ansiosamente.<\/strong><\/em><\/span><\/p>\n<p style=\"text-align: justify;\"><span style=\"color: #333399;\"><em><strong>El turismo mundial tiene aqu\u00ed un punto de destino de muy alto valor. As\u00ed lo ha reconocido la Organizaci\u00f3n Mundial del Turismo, y as\u00ed lo reconocemos todos los que, de alguna forma, estamos involucrados en el desarrollo del turismo como la forma ideal, \u00fanica, para conseguir la paz y el bienestar social del mundo en que vivimos.<\/strong><\/em><\/span><\/p>\n<p style=\"text-align: center;\"><span style=\"color: #800080;\"><em><strong>MONTEVIDEO, PUNTO DE ENCUENTRO<\/strong><\/em><\/span><\/p>\n<div id=\"attachment_52831\" style=\"width: 640px\" class=\"wp-caption aligncenter\"><a href=\"https:\/\/www.turistamagazine.com\/v2\/wp-content\/uploads\/2021\/09\/Playa-Pocitos.jpg\"><img decoding=\"async\" aria-describedby=\"caption-attachment-52831\" class=\"wp-image-52831\" src=\"https:\/\/www.turistamagazine.com\/v2\/wp-content\/uploads\/2021\/09\/Playa-Pocitos.jpg\" alt=\"La Playa Pocitos es una playa urbana de Montevideo con dos kil\u00f3metros de longitud, est\u00e1 enteramente comprendida dentro del barrio Pocitos. Se encuentra a orillas del R\u00edo de la Plata y bordea la totalidad de la Rambla Rep\u00fablica del Per\u00fa, un transitado paseo mar\u00edtimo con excelentes vistas panor\u00e1micas, y dotada de buenos servicios complementarios para el disfrute de sus instalaciones. \" width=\"630\" height=\"420\" srcset=\"https:\/\/www.turistamagazine.com\/v2\/wp-content\/uploads\/2021\/09\/Playa-Pocitos.jpg 800w, https:\/\/www.turistamagazine.com\/v2\/wp-content\/uploads\/2021\/09\/Playa-Pocitos-300x200.jpg 300w, https:\/\/www.turistamagazine.com\/v2\/wp-content\/uploads\/2021\/09\/Playa-Pocitos-768x512.jpg 768w, https:\/\/www.turistamagazine.com\/v2\/wp-content\/uploads\/2021\/09\/Playa-Pocitos-630x420.jpg 630w, https:\/\/www.turistamagazine.com\/v2\/wp-content\/uploads\/2021\/09\/Playa-Pocitos-610x406.jpg 610w\" sizes=\"(max-width: 630px) 100vw, 630px\" \/><\/a><p id=\"caption-attachment-52831\" class=\"wp-caption-text\"><em><strong><span style=\"color: #333399;\">La Playa Pocitos es una playa urbana de Montevideo con dos kil\u00f3metros de longitud, est\u00e1 enteramente comprendida dentro del barrio Pocitos. Se encuentra a orillas del R\u00edo de la Plata y bordea la totalidad de la Rambla Rep\u00fablica del Per\u00fa, un transitado paseo mar\u00edtimo con excelentes vistas panor\u00e1micas, y<\/span> <span style=\"color: #333399;\">dotada de buenos servicios complementarios para el disfrute de sus instalaciones. <\/span><\/strong><\/em><\/p><\/div>\n<div id=\"attachment_52832\" style=\"width: 640px\" class=\"wp-caption aligncenter\"><a href=\"https:\/\/www.turistamagazine.com\/v2\/wp-content\/uploads\/2021\/09\/Plaxza-de-la-Independencia.jpg\"><img decoding=\"async\" aria-describedby=\"caption-attachment-52832\" class=\"wp-image-52832\" src=\"https:\/\/www.turistamagazine.com\/v2\/wp-content\/uploads\/2021\/09\/Plaxza-de-la-Independencia.jpg\" alt=\"Tras la emblem\u00e1tica demolici\u00f3n de las fortificaciones de la ciudad colonial, luego de afirmada la independencia, la ciudad amurallada dej\u00f3 paso a una ciudad abierta. La Plaza de la Independencia, en Montevideo, constituye el nexo que une la Ciudad Vieja con la Ciudad Nueva. Adem\u00e1s marca el inicio de la principal avenida del pa\u00eds, la 18 de Julio. A su alrededor se ubican algunas de las edificaciones m\u00e1s destacadas de la ciudad, como son el Teatro Sol\u00eds, el Palacio Salvo, la Puerta de la Ciudadela, el Palacio Est\u00e9vez y la Torre Ejecutiva del gobierno nacional Sobre el centro de la plaza se eleva el monumento al pr\u00f3cer Jos\u00e9 Gervasio Artigas. Debajo del mismo descienden unas escaleras que llevan al mausoleo donde descansan sus restos. Texto original Google.\" width=\"630\" height=\"418\" srcset=\"https:\/\/www.turistamagazine.com\/v2\/wp-content\/uploads\/2021\/09\/Plaxza-de-la-Independencia.jpg 800w, https:\/\/www.turistamagazine.com\/v2\/wp-content\/uploads\/2021\/09\/Plaxza-de-la-Independencia-300x199.jpg 300w, https:\/\/www.turistamagazine.com\/v2\/wp-content\/uploads\/2021\/09\/Plaxza-de-la-Independencia-768x510.jpg 768w, https:\/\/www.turistamagazine.com\/v2\/wp-content\/uploads\/2021\/09\/Plaxza-de-la-Independencia-633x420.jpg 633w, https:\/\/www.turistamagazine.com\/v2\/wp-content\/uploads\/2021\/09\/Plaxza-de-la-Independencia-610x405.jpg 610w\" sizes=\"(max-width: 630px) 100vw, 630px\" \/><\/a><p id=\"caption-attachment-52832\" class=\"wp-caption-text\"><span style=\"color: #333399;\"><strong><em>Tras la emblem\u00e1tica demolici\u00f3n de las fortificaciones de la ciudad colonial, luego de afirmada la independencia, la ciudad amurallada dej\u00f3 paso a una ciudad abierta. La Plaza de la Independencia, en Montevideo, constituye el nexo que une la Ciudad Vieja con la Ciudad Nueva. Adem\u00e1s marca el inicio de la principal avenida del pa\u00eds, la 18 de Julio. A su alrededor se ubican algunas de las edificaciones m\u00e1s destacadas de la ciudad, como son el Teatro Sol\u00eds, el Palacio Salvo, la Puerta de la Ciudadela, el Palacio Est\u00e9vez y la Torre Ejecutiva del gobierno nacional Sobre el centro de la plaza se eleva el monumento al pr\u00f3cer Jos\u00e9 Gervasio Artigas. Debajo del mismo descienden unas escaleras que llevan al mausoleo donde descansan sus restos. Texto original Google.<\/em><\/strong><\/span><\/p><\/div>\n<p style=\"text-align: center;\"><span style=\"color: #333399;\"><em><strong>\u00a0\u00a0\u00a0\u00a0\u00a0\u00a0\u00a0\u00a0\u00a0\u00a0\u00a0\u00a0\u00a0\u00a0\u00a0\u00a0\u00a0\u00a0\u00a0\u00a0\u00a0\u00a0\u00a0\u00a0\u00a0\u00a0\u00a0\u00a0\u00a0<span style=\"color: #800080;\"> CANELONES LA CUNA DE LOS CANARIO<\/span><\/strong><\/em><\/span><\/p>\n<p style=\"text-align: justify;\"><span style=\"color: #333399;\"><em><strong>La m\u00edstica canaria del Departamento de Canelones, la encontramos desde\u00a0 su arquitectura hasta en el trato amable de sus habitantes, la podemos contrastar con esta menci\u00f3n que hace Armas Marcelo en su libro: \u2026\u201dla realidad y la ficci\u00f3n de la leyenda se mezclan para dar paso a una historia \u00e9pica que el pintor Juan Manuel Blanes lleg\u00f3 a inmortalizar en una genial acuarela\u2026 titulada <span style=\"color: #800080;\">\u201cLa playa de Buceo, esperando la llegada de un barco de Espa\u00f1a, con emigrantes canarios\u201d<\/span> Esa playa desde la cual fueron esos emigrantes desperdig\u00e1ndose por el Departamento de Canelones, para arraigar de tal forma su estirpe que hoy a sus habitantes se les denomina \u201ccanarios\u201d.<\/strong><\/em><\/span><\/p>\n<p style=\"text-align: justify;\"><span style=\"color: #333399;\"><em><strong>Toda una gesta hist\u00f3rica que tiene sus r\u00e9plicas en muchos lugares de Am\u00e9rica, donde el habitante de las Islas Canarias lleg\u00f3 acompa\u00f1ando a Crist\u00f3bal Col\u00f3n en su descubrimiento del Nuevo Mundo, partiendo con sus naves precisamente desde la isla de La Gomera.<\/strong><\/em><\/span><\/p>\n<div id=\"attachment_52833\" style=\"width: 640px\" class=\"wp-caption aligncenter\"><a href=\"https:\/\/www.turistamagazine.com\/v2\/wp-content\/uploads\/2021\/09\/Canelones.jpg\"><img decoding=\"async\" aria-describedby=\"caption-attachment-52833\" class=\"wp-image-52833\" src=\"https:\/\/www.turistamagazine.com\/v2\/wp-content\/uploads\/2021\/09\/Canelones.jpg\" alt=\"Canelones es uno de los diecinueve departamentos que componen la Rep\u00fablica Oriental del Uruguay. Su capital es la hom\u00f3nima Canelones, su ciudad m\u00e1s poblada,  Est\u00e1 ubicado al sur del pa\u00eds,  con el R\u00edo de La Plata que lo separa de la Rep\u00fablica Argentina, al sureste limita con Montevideo.  Con 520.000 habitantes, es el segundo departamento m\u00e1s poblado  del pa\u00eds, por detr\u00e1s de Montevideo.\" width=\"630\" height=\"353\" srcset=\"https:\/\/www.turistamagazine.com\/v2\/wp-content\/uploads\/2021\/09\/Canelones.jpg 640w, https:\/\/www.turistamagazine.com\/v2\/wp-content\/uploads\/2021\/09\/Canelones-300x168.jpg 300w, https:\/\/www.turistamagazine.com\/v2\/wp-content\/uploads\/2021\/09\/Canelones-480x270.jpg 480w, https:\/\/www.turistamagazine.com\/v2\/wp-content\/uploads\/2021\/09\/Canelones-610x342.jpg 610w\" sizes=\"(max-width: 630px) 100vw, 630px\" \/><\/a><p id=\"caption-attachment-52833\" class=\"wp-caption-text\"><em><strong><span style=\"color: #333399;\">Canelones es uno de los diecinueve departamentos que componen la Rep\u00fablica Oriental del Uruguay. Su capital es la hom\u00f3nima Canelones, su ciudad m\u00e1s poblada, Est\u00e1 ubicado al sur del pa\u00eds, con el R\u00edo de La Plata que lo separa de la Rep\u00fablica Argentina, al sureste limita con Montevideo. Con 520.000 habitantes, es el segundo departamento m\u00e1s poblado del pa\u00eds, por detr\u00e1s de Montevideo.<\/span><\/strong><\/em><\/p><\/div>\n<div id=\"attachment_52834\" style=\"width: 640px\" class=\"wp-caption aligncenter\"><a href=\"https:\/\/www.turistamagazine.com\/v2\/wp-content\/uploads\/2021\/09\/Plaza-18-de-Julio.jpg\"><img decoding=\"async\" aria-describedby=\"caption-attachment-52834\" class=\"wp-image-52834\" src=\"https:\/\/www.turistamagazine.com\/v2\/wp-content\/uploads\/2021\/09\/Plaza-18-de-Julio.jpg\" alt=\"La Plaza 18 de Julio de Canelones, recuerda la fecha solemne en que  fue jurada La Constituci\u00f3n Uruguaya en 1830.  Est\u00e1 ubicada en el centro de la ciudad, es el punto de encuentro de los ciudadanos de Canelones, en ella se realizan innumerables eventos culturales, como el carnaval, ferias artesanales, fiesta de la alimentaci\u00f3n, eventos musicales etc. En el centro de la plaza  se encuentra el Monumento a la Bandera, Existe desde los inicios de la villa, cuando en 1776 el p\u00e1rroco Juan Miguel Laguna, llega a la zona y construye la primera capilla, quedando constituida, como era la costumbre hisp\u00e1nica, la que ser\u00eda la plaza principal de la localidad. \" width=\"630\" height=\"339\" srcset=\"https:\/\/www.turistamagazine.com\/v2\/wp-content\/uploads\/2021\/09\/Plaza-18-de-Julio.jpg 650w, https:\/\/www.turistamagazine.com\/v2\/wp-content\/uploads\/2021\/09\/Plaza-18-de-Julio-300x162.jpg 300w, https:\/\/www.turistamagazine.com\/v2\/wp-content\/uploads\/2021\/09\/Plaza-18-de-Julio-610x328.jpg 610w\" sizes=\"(max-width: 630px) 100vw, 630px\" \/><\/a><p id=\"caption-attachment-52834\" class=\"wp-caption-text\"><span style=\"color: #333399;\"><em><strong>La Plaza 18 de Julio de Canelones, recuerda la fecha solemne en que fue jurada La Constituci\u00f3n Uruguaya en 1830. Est\u00e1 ubicada en el centro de la ciudad, es el punto de encuentro de los ciudadanos de Canelones, en ella se realizan innumerables eventos culturales, como el carnaval, ferias artesanales, fiesta de la alimentaci\u00f3n, eventos musicales etc. En el centro de la plaza se encuentra el Monumento a la Bandera, Existe desde los inicios de la villa, cuando en 1776 el p\u00e1rroco Juan Miguel Laguna, llega a la zona y construye la primera capilla, quedando constituida, como era la costumbre hisp\u00e1nica, la que ser\u00eda la plaza principal de la localidad. <\/strong><\/em><\/span><\/p><\/div>\n<p style=\"text-align: center;\"><span style=\"color: #800080;\"><em><strong>URUGUAY Y EL DESARROLLO TURISTICO<\/strong><\/em><\/span><\/p>\n<p style=\"text-align: justify;\"><span style=\"color: #333399;\"><em><strong>Ofrecemos a continuaci\u00f3n una peque\u00f1a muestra \u00fanica del potencial tur\u00edstico que Uruguay posee, como punto de destino del turismo internacional, rodeado de pa\u00edses de alto potencial, como lo son Brasil. Argentina, Chile, etc. lo cual se conjuga con un turismo del norte, con l\u00edneas a\u00e9reas asentadas en el pa\u00eds que revalorizan todo este conjunto de recursos tur\u00edstico que hemos presentado como una verdadera s\u00edntesis de su aporte al desarrollo del turismo mundial.<\/strong><\/em><\/span><\/p>\n<p style=\"text-align: justify;\"><span style=\"color: #333399;\"><em><strong>Es pertinente entonces que Uruguay aproveche su renta de situaci\u00f3n que dir\u00eda el prestigioso economista de fama mundial, Funes Robert, preparando todo sus recursos con las bases propias del conocimiento y la experiencia, nunca tan necesarias como ahora con el escenario que nos ha dejado el azote mundial\u00a0 de una resiliencia que hay que combatir con todos los elementos posibles, lejos de las improvisaciones que nos siguen persiguiendo y que son indiscutiblemente las que la han provocado\u00a0<\/strong><\/em><\/span><\/p>\n<div id=\"attachment_52835\" style=\"width: 640px\" class=\"wp-caption aligncenter\"><a href=\"https:\/\/www.turistamagazine.com\/v2\/wp-content\/uploads\/2021\/09\/La-Torre.jpg\"><img decoding=\"async\" aria-describedby=\"caption-attachment-52835\" class=\"wp-image-52835\" src=\"https:\/\/www.turistamagazine.com\/v2\/wp-content\/uploads\/2021\/09\/La-Torre.jpg\" alt=\"La Torre de las Telecomunicaciones, generalmente conocida como Antel Tower, es un edificio de 157 metros de altura con 35 pisos ubicado en Montevideo, que alberga la sede de la empresa de telecomunicaciones estatal de Uruguay, ANTEL, y es el rascacielos m\u00e1s alto del pa\u00eds. Todo un emblema de la ciudad de Montevideo, en el piso 26 hay un mirador panor\u00e1mico desde el cual se puede divisar pr\u00e1cticamente toda la ciudad. \" width=\"630\" height=\"441\" srcset=\"https:\/\/www.turistamagazine.com\/v2\/wp-content\/uploads\/2021\/09\/La-Torre.jpg 640w, https:\/\/www.turistamagazine.com\/v2\/wp-content\/uploads\/2021\/09\/La-Torre-300x210.jpg 300w, https:\/\/www.turistamagazine.com\/v2\/wp-content\/uploads\/2021\/09\/La-Torre-600x420.jpg 600w\" sizes=\"(max-width: 630px) 100vw, 630px\" \/><\/a><p id=\"caption-attachment-52835\" class=\"wp-caption-text\"><em><strong><span style=\"color: #333399;\">La Torre de las Telecomunicaciones, generalmente conocida como Antel Tower, es un edificio de 157 metros de altura con 35 pisos ubicado en Montevideo, que alberga la sede de la empresa de telecomunicaciones estatal de Uruguay, ANTEL, y es el rascacielos m\u00e1s alto del pa\u00eds. Todo un emblema de la ciudad de Montevideo, en el piso 26 hay un mirador panor\u00e1mico desde el cual se puede divisar pr\u00e1cticamente toda la ciudad. <\/span><\/strong><\/em><\/p><\/div>\n<div id=\"attachment_52836\" style=\"width: 640px\" class=\"wp-caption aligncenter\"><a href=\"https:\/\/www.turistamagazine.com\/v2\/wp-content\/uploads\/2021\/09\/Piriapolis.jpg\"><img decoding=\"async\" aria-describedby=\"caption-attachment-52836\" class=\"wp-image-52836\" src=\"https:\/\/www.turistamagazine.com\/v2\/wp-content\/uploads\/2021\/09\/Piriapolis.jpg\" alt=\"Piri\u00e1polis es una ciudad que est\u00e1 sobre el R\u00edo de la Plata. al sureste de Uruguay, al este de Montevideo. Es uno de los primeros balnearios del pa\u00eds y se conoce por sus edificios de estilo belle \u00e9poque, como el Argentino Hotel, frente al mar. Cerca del puerto de Piri\u00e1polis, que se encuentra siempre repleto de yates, existe una aerosilla que sube hacia el Cerro San Antonio, que tiene una peque\u00f1a capilla encalada y un mirador. \" width=\"630\" height=\"403\" srcset=\"https:\/\/www.turistamagazine.com\/v2\/wp-content\/uploads\/2021\/09\/Piriapolis.jpg 750w, https:\/\/www.turistamagazine.com\/v2\/wp-content\/uploads\/2021\/09\/Piriapolis-300x192.jpg 300w, https:\/\/www.turistamagazine.com\/v2\/wp-content\/uploads\/2021\/09\/Piriapolis-656x420.jpg 656w, https:\/\/www.turistamagazine.com\/v2\/wp-content\/uploads\/2021\/09\/Piriapolis-610x390.jpg 610w, https:\/\/www.turistamagazine.com\/v2\/wp-content\/uploads\/2021\/09\/Piriapolis-158x100.jpg 158w\" sizes=\"(max-width: 630px) 100vw, 630px\" \/><\/a><p id=\"caption-attachment-52836\" class=\"wp-caption-text\"><span style=\"color: #333399;\"><strong><em>Piri\u00e1polis es una ciudad que est\u00e1 sobre el R\u00edo de la Plata. al sureste de Uruguay, al este de Montevideo. Es uno de los primeros balnearios del pa\u00eds y se conoce por sus edificios de estilo belle \u00e9poque, como el Argentino Hotel, frente al mar. Cerca del puerto de Piri\u00e1polis, que se encuentra siempre repleto de yates, existe una aerosilla que sube hacia el Cerro San Antonio, que tiene una peque\u00f1a capilla encalada y un mirador. <\/em><\/strong><\/span><\/p><\/div>\n<div id=\"attachment_52837\" style=\"width: 640px\" class=\"wp-caption aligncenter\"><a href=\"https:\/\/www.turistamagazine.com\/v2\/wp-content\/uploads\/2021\/09\/Punta-ballenas.jpg\"><img decoding=\"async\" aria-describedby=\"caption-attachment-52837\" class=\"wp-image-52837\" src=\"https:\/\/www.turistamagazine.com\/v2\/wp-content\/uploads\/2021\/09\/Punta-ballenas.jpg\" alt=\"Punta Ballena es uno de los lugares m\u00e1s particulares y hermosos de la costa uruguaya., con una incomparable vista de las bah\u00edas de Maldonado y de Portezuelo, y playas, arenas doradas, zonas boscosas, buenas construcciones tur\u00edsticas todas con vista al mar, y un excelente ambiente de sana recreaci\u00f3n de la naturaleza donde se contemplan  espectaculares  atardeceres\u2026 \" width=\"630\" height=\"283\" srcset=\"https:\/\/www.turistamagazine.com\/v2\/wp-content\/uploads\/2021\/09\/Punta-ballenas.jpg 640w, https:\/\/www.turistamagazine.com\/v2\/wp-content\/uploads\/2021\/09\/Punta-ballenas-300x135.jpg 300w, https:\/\/www.turistamagazine.com\/v2\/wp-content\/uploads\/2021\/09\/Punta-ballenas-610x274.jpg 610w\" sizes=\"(max-width: 630px) 100vw, 630px\" \/><\/a><p id=\"caption-attachment-52837\" class=\"wp-caption-text\"><span style=\"color: #333399;\"><em><strong>Punta Ballena es uno de los lugares m\u00e1s particulares y hermosos de la costa uruguaya., con una incomparable vista de las bah\u00edas de Maldonado y de Portezuelo, y playas, arenas doradas, zonas boscosas, buenas construcciones tur\u00edsticas todas con vista al mar, y un excelente ambiente de sana recreaci\u00f3n de la naturaleza donde se contemplan espectaculares atardeceres\u2026 <\/strong><\/em><\/span><\/p><\/div>\n<div id=\"attachment_52838\" style=\"width: 640px\" class=\"wp-caption aligncenter\"><a href=\"https:\/\/www.turistamagazine.com\/v2\/wp-content\/uploads\/2021\/09\/Colonia-de-Sacramento.jpg\"><img decoding=\"async\" aria-describedby=\"caption-attachment-52838\" class=\"wp-image-52838\" src=\"https:\/\/www.turistamagazine.com\/v2\/wp-content\/uploads\/2021\/09\/Colonia-de-Sacramento.jpg\" alt=\"Colonia del Sacramento  es una joya dentro de los recursos tur\u00edsticos de Uruguay, una ciudad del suroeste, al otro lado del R\u00edo de la Plata frente a  Buenos Aires. Es conocida por su Barrio Hist\u00f3rico con calles de adoquines rodeadas de edificios que datan de la \u00e9poca de su asentamiento. Sobre el distrito hist\u00f3rico est\u00e1 el Faro de Colonia del Sacramento del siglo XIX, con vistas panor\u00e1micas del r\u00edo. En las cercan\u00edas, se encuentra el Port\u00f3n de Campo, que corresponde a los restos de las antiguas murallas de la ciudad. F\/ Google\" width=\"630\" height=\"409\" srcset=\"https:\/\/www.turistamagazine.com\/v2\/wp-content\/uploads\/2021\/09\/Colonia-de-Sacramento.jpg 640w, https:\/\/www.turistamagazine.com\/v2\/wp-content\/uploads\/2021\/09\/Colonia-de-Sacramento-300x195.jpg 300w, https:\/\/www.turistamagazine.com\/v2\/wp-content\/uploads\/2021\/09\/Colonia-de-Sacramento-610x397.jpg 610w\" sizes=\"(max-width: 630px) 100vw, 630px\" \/><\/a><p id=\"caption-attachment-52838\" class=\"wp-caption-text\">C<span style=\"color: #333399;\"><em><strong>olonia del Sacramento es una joya dentro de los recursos tur\u00edsticos de Uruguay, una ciudad del suroeste, al otro lado del R\u00edo de la Plata frente a Buenos Aires. Es conocida por su Barrio Hist\u00f3rico con calles de adoquines rodeadas de edificios que datan de la \u00e9poca de su asentamiento. Sobre el distrito hist\u00f3rico est\u00e1 el Faro de Colonia del Sacramento del siglo XIX, con vistas panor\u00e1micas del r\u00edo. En las cercan\u00edas, se encuentra el Port\u00f3n de Campo, que corresponde a los restos de las antiguas murallas de la ciudad. F\/ Google<\/strong><\/em><\/span><\/p><\/div>\n<div id=\"attachment_52839\" style=\"width: 640px\" class=\"wp-caption aligncenter\"><a href=\"https:\/\/www.turistamagazine.com\/v2\/wp-content\/uploads\/2021\/09\/Casa-Pueblo.jpg\"><img decoding=\"async\" aria-describedby=\"caption-attachment-52839\" class=\"wp-image-52839\" src=\"https:\/\/www.turistamagazine.com\/v2\/wp-content\/uploads\/2021\/09\/Casa-Pueblo.jpg\" alt=\"Una joya de la arquitectura revolucionaria es el ex\u00f3tico  Hotel CASAPUEBLO, dise\u00f1ado por el artista uruguayo Carlos P\u00e1ez Vilar\u00f3 y ubicado en una colina frente al mar, se encuentra en Punta Ballena, a unos 15 km. de Punta del Este. Todas sus habitaciones, dise\u00f1adas y decoradas de forma individual, tienen obras de arte inspiradas en Vilar\u00f3, y balc\u00f3n con vistas al mar. Las suites incluyen cocina y zona de comedor, y los apartamentos, sala de estar independiente.\" width=\"630\" height=\"298\" srcset=\"https:\/\/www.turistamagazine.com\/v2\/wp-content\/uploads\/2021\/09\/Casa-Pueblo.jpg 640w, https:\/\/www.turistamagazine.com\/v2\/wp-content\/uploads\/2021\/09\/Casa-Pueblo-300x142.jpg 300w, https:\/\/www.turistamagazine.com\/v2\/wp-content\/uploads\/2021\/09\/Casa-Pueblo-610x289.jpg 610w\" sizes=\"(max-width: 630px) 100vw, 630px\" \/><\/a><p id=\"caption-attachment-52839\" class=\"wp-caption-text\"><span style=\"color: #333399;\"><strong><em>Una joya de la arquitectura revolucionaria es el ex\u00f3tico Hotel CASAPUEBLO, dise\u00f1ado por el artista uruguayo Carlos P\u00e1ez Vilar\u00f3 y ubicado en una colina frente al mar, se encuentra en Punta Ballena, a unos 15 km. de Punta del Este. Todas sus habitaciones, dise\u00f1adas y decoradas de forma individual, tienen obras de arte inspiradas en Vilar\u00f3, y balc\u00f3n con vistas al mar. Las suites incluyen cocina y zona de comedor, y los apartamentos, sala de estar independiente.<\/em><\/strong><\/span><\/p><\/div>\n<div id=\"attachment_52840\" style=\"width: 640px\" class=\"wp-caption aligncenter\"><a href=\"https:\/\/www.turistamagazine.com\/v2\/wp-content\/uploads\/2021\/09\/Hotel-Fosano.jpg\"><img decoding=\"async\" aria-describedby=\"caption-attachment-52840\" class=\"wp-image-52840\" src=\"https:\/\/www.turistamagazine.com\/v2\/wp-content\/uploads\/2021\/09\/Hotel-Fosano.jpg\" alt=\"Estampa se\u00f1era del HOTEL FASANO. El lugar es espectacular con unas vistas hermosas donde quiera que est\u00e9s del hotel. Una construcci\u00f3n est\u00e1 muy bien lograda con un edificio principal rodeado de bungalows y preciosos salones. Una piscina hecha sobre rocas excelentemente aprovechadas, tiene tambi\u00e9n un alto componente de creatividad genial. \" width=\"630\" height=\"359\" srcset=\"https:\/\/www.turistamagazine.com\/v2\/wp-content\/uploads\/2021\/09\/Hotel-Fosano.jpg 640w, https:\/\/www.turistamagazine.com\/v2\/wp-content\/uploads\/2021\/09\/Hotel-Fosano-300x171.jpg 300w, https:\/\/www.turistamagazine.com\/v2\/wp-content\/uploads\/2021\/09\/Hotel-Fosano-610x348.jpg 610w\" sizes=\"(max-width: 630px) 100vw, 630px\" \/><\/a><p id=\"caption-attachment-52840\" class=\"wp-caption-text\"><span style=\"color: #333399;\"><strong><em>Estampa se\u00f1era del HOTEL FASANO. El lugar es espectacular con unas vistas hermosas donde quiera que est\u00e9s del hotel. Una construcci\u00f3n est\u00e1 muy bien lograda con un edificio principal rodeado de bungalows y preciosos salones. Una piscina hecha sobre rocas excelentemente aprovechadas, tiene tambi\u00e9n un alto componente de creatividad genial. <\/em><\/strong><\/span><\/p><\/div>\n<div id=\"attachment_52841\" style=\"width: 640px\" class=\"wp-caption aligncenter\"><a href=\"https:\/\/www.turistamagazine.com\/v2\/wp-content\/uploads\/2021\/09\/Luis-Suarez.jpg\"><img decoding=\"async\" aria-describedby=\"caption-attachment-52841\" class=\"wp-image-52841\" src=\"https:\/\/www.turistamagazine.com\/v2\/wp-content\/uploads\/2021\/09\/Luis-Suarez.jpg\" alt=\"Punto culminante de este reportaje, la presencia de nuestro admirado futbolista uruguayo Lu\u00eds Su\u00e1rez, que junto a su esposa, celebr\u00f3 una imponente fiesta de confirmaci\u00f3n de su matrimonio, precisamente en el HOTEL FASANO, posando para la historia, ante esa singular bella piscina que rese\u00f1amos aqu\u00ed.\" width=\"630\" height=\"379\" srcset=\"https:\/\/www.turistamagazine.com\/v2\/wp-content\/uploads\/2021\/09\/Luis-Suarez.jpg 800w, https:\/\/www.turistamagazine.com\/v2\/wp-content\/uploads\/2021\/09\/Luis-Suarez-300x180.jpg 300w, https:\/\/www.turistamagazine.com\/v2\/wp-content\/uploads\/2021\/09\/Luis-Suarez-768x462.jpg 768w, https:\/\/www.turistamagazine.com\/v2\/wp-content\/uploads\/2021\/09\/Luis-Suarez-699x420.jpg 699w, https:\/\/www.turistamagazine.com\/v2\/wp-content\/uploads\/2021\/09\/Luis-Suarez-610x367.jpg 610w\" sizes=\"(max-width: 630px) 100vw, 630px\" \/><\/a><p id=\"caption-attachment-52841\" class=\"wp-caption-text\"><span style=\"color: #333399;\"><em><strong>Punto culminante de este reportaje, la presencia de nuestro admirado futbolista uruguayo Lu\u00eds Su\u00e1rez, que junto a su esposa, celebr\u00f3 una imponente fiesta de confirmaci\u00f3n de su matrimonio, precisamente en el HOTEL FASANO, posando para la historia, ante esa singular bella piscina que rese\u00f1amos aqu\u00ed.<\/strong><\/em><\/span><\/p><\/div>\n<p style=\"text-align: center;\"><span style=\"color: #800080;\"><em><strong>UN EPILOGO PARA RECORDAR<\/strong><\/em><\/span><\/p>\n<p style=\"text-align: justify;\"><span style=\"color: #333399;\"><em><strong>Imponente Uruguay. Un pa\u00eds con un tremendo potencial de recursos para seguir la ruta que la historia le ha trazado, desde aquella memorable fecha en que unos emigrantes canarios comenzaran a labrar sus tierras, construir sus viviendas y sembrar sus campos\u00a0 con sangre, sudor y l\u00e1grimas, gestando el porvenir de un pa\u00eds que se ha desarrollado dentro de una envidiable honestidad, una amabilidad inimitable, y un trabajo signado por la honradez y la constancia.<\/strong><\/em><\/span><\/p>\n<p style=\"text-align: justify;\"><span style=\"color: #800080;\"><em><strong>Todo un orgullo para los que nos sentimos tan canarios como los de Canelones. Servir es mi ocupaci\u00f3n.<\/strong><\/em><\/span><\/p>\n<p style=\"text-align: justify;\"><span style=\"color: #333399;\"><em><strong>Especialmente dedicado a la uruguaya Josefina Garc\u00eda Poseiro, por su excelente colaboraci\u00f3n. Es de justicia.<\/strong><\/em><\/span><\/p>\n<p style=\"text-align: justify;\">\n<p style=\"text-align: justify;\"><span style=\"color: #000000;\"><em><strong>*Miembro activo del Grupo de Expertos de la Organizaci\u00f3n Mundial del Turismo. OMT. de las Naciones Unidas. ONU.<\/strong><\/em><\/span><\/p>\n<p style=\"text-align: justify;\"><span style=\"color: #000000;\"><em><strong>*Conseiller International, Associazione Intenazionale Stampa Tur\u00edstica AIST. (Italia)<\/strong><\/em><\/span><\/p>\n<p style=\"text-align: justify;\"><span style=\"color: #000000;\"><em><strong>*Diplome D\u00b4Honneur. Uni\u00f3n des Escrivans et Journalistes Hellenes du Tourisme. FIJET. Federaci\u00f3n Mundial de Periodistas y Escritores de Turismo.<\/strong><\/em><\/span><\/p>\n<p style=\"text-align: justify;\"><span style=\"color: #000000;\"><em><strong>*Inscrito en el Consejo Nacional de Ciencia, Tecnolog\u00eda e Innovaci\u00f3n. Per\u00fa<\/strong><\/em><\/span><\/p>\n<p style=\"text-align: justify;\"><span style=\"color: #000000;\"><em><strong>Pluma de Oro de Rotary Internacional. Puerto de la Cruz. Tenerife. Islas Canarias.<\/strong><\/em><\/span><\/p>\n<p>&nbsp;<\/p>\n","protected":false},"excerpt":{"rendered":"<p>Montevideo. En el centro de la fotograf\u00eda el monumental \u00a0World Trade Center con su torre de 44 pisos, es un complejo edilicio con destino empresarial, que se encuentra ubicado en una zona franca de servicios, con moderna infraestructura de oficinas preparadas para todo tipo de empresas, en el sector urbano de mayor crecimiento residencial y de servicios de la ciudad, junto al Montevideo Shopping Center en el barrio del Buceo \u201cEl turismo es una fuerza viva al servicio de la paz, y un factor de amistad y comprensi\u00f3n entre los pueblos, gracias al contacto directo, espont\u00e1neo e inmediato, que permite&#8230;<\/p>\n","protected":false},"author":1,"featured_media":52829,"comment_status":"open","ping_status":"open","sticky":false,"template":"","format":"standard","meta":{"footnotes":""},"categories":[85],"tags":[10217,11358,11359,10219,10556,11335,2924],"class_list":["post-52828","post","type-post","status-publish","format-standard","has-post-thumbnail","hentry","category-colum-invitados","tag-antoniopedrotejerareyes","tag-carlospaezvilaro","tag-luissuarez","tag-semanarioturistamagazine","tag-turismagazine","tag-uruguayturismo","tag-montevideo"],"_links":{"self":[{"href":"https:\/\/www.turistamagazine.com\/v2\/index.php?rest_route=\/wp\/v2\/posts\/52828","targetHints":{"allow":["GET"]}}],"collection":[{"href":"https:\/\/www.turistamagazine.com\/v2\/index.php?rest_route=\/wp\/v2\/posts"}],"about":[{"href":"https:\/\/www.turistamagazine.com\/v2\/index.php?rest_route=\/wp\/v2\/types\/post"}],"author":[{"embeddable":true,"href":"https:\/\/www.turistamagazine.com\/v2\/index.php?rest_route=\/wp\/v2\/users\/1"}],"replies":[{"embeddable":true,"href":"https:\/\/www.turistamagazine.com\/v2\/index.php?rest_route=%2Fwp%2Fv2%2Fcomments&post=52828"}],"version-history":[{"count":3,"href":"https:\/\/www.turistamagazine.com\/v2\/index.php?rest_route=\/wp\/v2\/posts\/52828\/revisions"}],"predecessor-version":[{"id":52843,"href":"https:\/\/www.turistamagazine.com\/v2\/index.php?rest_route=\/wp\/v2\/posts\/52828\/revisions\/52843"}],"wp:featuredmedia":[{"embeddable":true,"href":"https:\/\/www.turistamagazine.com\/v2\/index.php?rest_route=\/wp\/v2\/media\/52829"}],"wp:attachment":[{"href":"https:\/\/www.turistamagazine.com\/v2\/index.php?rest_route=%2Fwp%2Fv2%2Fmedia&parent=52828"}],"wp:term":[{"taxonomy":"category","embeddable":true,"href":"https:\/\/www.turistamagazine.com\/v2\/index.php?rest_route=%2Fwp%2Fv2%2Fcategories&post=52828"},{"taxonomy":"post_tag","embeddable":true,"href":"https:\/\/www.turistamagazine.com\/v2\/index.php?rest_route=%2Fwp%2Fv2%2Ftags&post=52828"}],"curies":[{"name":"wp","href":"https:\/\/api.w.org\/{rel}","templated":true}]}}