{"id":52627,"date":"2021-08-20T12:55:16","date_gmt":"2021-08-20T17:55:16","guid":{"rendered":"https:\/\/www.turistamagazine.com\/v2\/?p=52627"},"modified":"2021-08-20T12:55:16","modified_gmt":"2021-08-20T17:55:16","slug":"sera-la-piloto-mas-joven-en-dar-la-vuelta-al-mundo","status":"publish","type":"post","link":"https:\/\/www.turistamagazine.com\/v2\/?p=52627","title":{"rendered":"SER\u00c1 LA PILOTO M\u00c1S JOVEN EN DAR LA VUELTA AL MUNDO"},"content":{"rendered":"<p style=\"text-align: center;\">\u00a0<span style=\"color: #800080;\"><em><strong>Una joven belga-brit\u00e1nica se hizo al aire ayer, empe\u00f1ada en ser la mujer m\u00e1s joven en dar la vuelta al mundo piloteando en solitario.<\/strong><\/em><\/span><\/p>\n<p style=\"text-align: justify;\"><em><strong><span style=\"color: #333399;\">20\/08\/2021\/ B\u00e9lgica.- Ante la vista de sus padres, Zara Rutherford, de 19 a\u00f1os, despeg\u00f3 de un aer\u00f3dromo en Kortrijk, B\u00e9lgica, en un d\u00eda nublado y con viento. Busca superar la marca de la estadounidense Shaesta Waiz, que ten\u00eda 30 a\u00f1os cuando dio la vuelta al mundo en 2017.<\/span><\/strong><\/em><\/p>\n<p style=\"text-align: justify;\"><span style=\"color: #800080;\"><em><strong>Al reducir la brecha de 12 a\u00f1os a uno, espera demostrar a otras mujeres y ni\u00f1as que no hay l\u00edmites a la hora de estampar sus nombres en la historia de la aviaci\u00f3n. La intenci\u00f3n de Zara es cruzar 52 pa\u00edses de cinco continentes en su Shark ultraligero, una traves\u00eda a\u00e9rea que estima le tomar\u00e1 de dos a tres meses.<\/strong><\/em><\/span><\/p>\n<p style=\"text-align: justify;\"><em><strong><span style=\"color: #333399;\">\u201cEstoy muy nerviosa, creo, y tambi\u00e9n un poco incr\u00e9dula. Creo que mi pr\u00f3ximo paso es volver a verificar el estado del tiempo\u201d, expres\u00f3 antes del despegue.<\/span><\/strong><\/em><\/p>\n<p style=\"text-align: justify;\"><span style=\"color: #800080;\"><em><strong>\u201cNormalmente, debo llegar a Escocia esta noche. No estoy segura de lograrlo. Pero har\u00e9 todo lo posible, desde luego, teniendo en cuenta mi seguridad\u201d, a\u00f1adi\u00f3.<\/strong><\/em><\/span><\/p>\n<p style=\"text-align: justify;\"><em><strong><span style=\"color: #333399;\">Zara pertenece a una familia de pilotos. Empez\u00f3 a viajar en avioneta a los 6 a\u00f1os, a lanzarse en paraca\u00eddas a los 11 y a pilotear a los 14. Tiene 130 horas de vuelo en solitario.<\/span><\/strong><\/em><\/p>\n<p>F\/ ALNEWS<\/p>\n","protected":false},"excerpt":{"rendered":"<p>\u00a0Una joven belga-brit\u00e1nica se hizo al aire ayer, empe\u00f1ada en ser la mujer m\u00e1s joven en dar la vuelta al mundo piloteando en solitario. 20\/08\/2021\/ B\u00e9lgica.- Ante la vista de sus padres, Zara Rutherford, de 19 a\u00f1os, despeg\u00f3 de un aer\u00f3dromo en Kortrijk, B\u00e9lgica, en un d\u00eda nublado y con viento. Busca superar la marca de la estadounidense Shaesta Waiz, que ten\u00eda 30 a\u00f1os cuando dio la vuelta al mundo en 2017. Al reducir la brecha de 12 a\u00f1os a uno, espera demostrar a otras mujeres y ni\u00f1as que no hay l\u00edmites a la hora de estampar sus nombres en&#8230;<\/p>\n","protected":false},"author":1,"featured_media":52628,"comment_status":"open","ping_status":"open","sticky":false,"template":"","format":"standard","meta":{"footnotes":""},"categories":[4,84],"tags":[11324,10219,10556,11323],"class_list":["post-52627","post","type-post","status-publish","format-standard","has-post-thumbnail","hentry","category-breaking-news","category-internacionales","tag-lapilotomasjovendelahistoriadelaaviacion","tag-semanarioturistamagazine","tag-turismagazine","tag-zararutherford"],"_links":{"self":[{"href":"https:\/\/www.turistamagazine.com\/v2\/index.php?rest_route=\/wp\/v2\/posts\/52627","targetHints":{"allow":["GET"]}}],"collection":[{"href":"https:\/\/www.turistamagazine.com\/v2\/index.php?rest_route=\/wp\/v2\/posts"}],"about":[{"href":"https:\/\/www.turistamagazine.com\/v2\/index.php?rest_route=\/wp\/v2\/types\/post"}],"author":[{"embeddable":true,"href":"https:\/\/www.turistamagazine.com\/v2\/index.php?rest_route=\/wp\/v2\/users\/1"}],"replies":[{"embeddable":true,"href":"https:\/\/www.turistamagazine.com\/v2\/index.php?rest_route=%2Fwp%2Fv2%2Fcomments&post=52627"}],"version-history":[{"count":1,"href":"https:\/\/www.turistamagazine.com\/v2\/index.php?rest_route=\/wp\/v2\/posts\/52627\/revisions"}],"predecessor-version":[{"id":52629,"href":"https:\/\/www.turistamagazine.com\/v2\/index.php?rest_route=\/wp\/v2\/posts\/52627\/revisions\/52629"}],"wp:featuredmedia":[{"embeddable":true,"href":"https:\/\/www.turistamagazine.com\/v2\/index.php?rest_route=\/wp\/v2\/media\/52628"}],"wp:attachment":[{"href":"https:\/\/www.turistamagazine.com\/v2\/index.php?rest_route=%2Fwp%2Fv2%2Fmedia&parent=52627"}],"wp:term":[{"taxonomy":"category","embeddable":true,"href":"https:\/\/www.turistamagazine.com\/v2\/index.php?rest_route=%2Fwp%2Fv2%2Fcategories&post=52627"},{"taxonomy":"post_tag","embeddable":true,"href":"https:\/\/www.turistamagazine.com\/v2\/index.php?rest_route=%2Fwp%2Fv2%2Ftags&post=52627"}],"curies":[{"name":"wp","href":"https:\/\/api.w.org\/{rel}","templated":true}]}}