{"id":52617,"date":"2021-08-20T09:17:29","date_gmt":"2021-08-20T14:17:29","guid":{"rendered":"https:\/\/www.turistamagazine.com\/v2\/?p=52617"},"modified":"2021-08-21T10:35:34","modified_gmt":"2021-08-21T15:35:34","slug":"miguel-grau-seminario-el-gran-almirante-heroe-del-peru","status":"publish","type":"post","link":"https:\/\/www.turistamagazine.com\/v2\/?p=52617","title":{"rendered":"MIGUEL GRAU SEMINARIO EL GRAN ALMIRANTE\u00a0 HEROE DEL PERU\u00a0"},"content":{"rendered":"<p style=\"text-align: justify;\"><span style=\"color: #800080;\"><em><strong><a href=\"https:\/\/www.turistamagazine.com\/v2\/wp-content\/uploads\/2018\/07\/Elenita-Villar-1.jpg\"><img decoding=\"async\" class=\"wp-image-35712 alignleft\" src=\"https:\/\/www.turistamagazine.com\/v2\/wp-content\/uploads\/2018\/07\/Elenita-Villar-1.jpg\" alt=\"\" width=\"150\" height=\"195\" \/><\/a>Verg\u00fcenza ajena, y rechazo total de todos los peruanos suscitaron las declaraciones de \u00a0\u00a0H\u00e9ctor B\u00e9jar Ex canciller (tuvo que renunciar) del reciente gobierno en nuestra patria, por unas declaraciones supuestamente sacadas de contexto y declaradas 2 a\u00f1os atr\u00e1s que ofend\u00eda, la imagen de la marina de Guerra del Per\u00fa\u2026Independientemente de credos pol\u00edticos, pensamos que las Fuerzas\u00a0 Armadas \u00a0del pa\u00eds merecen el mayor \u00a0respeto porque sobre ellas recae la enorme\u00a0 responsabilidad de defender la soberan\u00eda del Estado y \u00abla seguridad de los peruanos\u201d.<\/strong><\/em><\/span><\/p>\n<p style=\"text-align: justify;\"><span style=\"color: #333399;\"><em><strong>\u00a0Nos parece oportuno recordar a nuestros h\u00e9roes, e igualmente a los enemigos de nuestra patria sobre todo internos, que son los que han causado m\u00e1s destrucci\u00f3n y muerte, hacerles conocer particularmente a\u00a0la juventud peruana, que est\u00e1 carente de paradigmas que les trasmitan la idea de \u00e9tica y moral, atributos indispensables para desarrollar una vida \u00a0con m\u00ednimos par\u00e1metros de dignidad. Nuestros\u00a0j\u00f3venes\u00a0deben recordar que existen h\u00e9roes peruanos que sacrificaron su vida por\u00a0\u00a0nuestra patria; \u00a0y no solamente personajes con pies de barro de ideas trasnochadas, futbolistas, o figuritas que \u00a0aparecen \u00a0un d\u00eda en \u00a0la TV \u00a0luciendo m\u00fasculos y otras lindezas y al otro d\u00eda ya no existen, creemos que\u00a0 no son dignos de imitar,\u00a0 puesto que crean falsas expectativas de moral para llegar al \u00e9xito.<\/strong><\/em><\/span><\/p>\n<p style=\"text-align: justify;\"><span style=\"color: #800080;\"><em><strong>El Per\u00fa debe recordar \u00a0con gran devoci\u00f3n patri\u00f3tica que ya estamos ad portas \u00a0del 142\u00ba (8 de Octubre) aniversario de la inmolaci\u00f3n de Miguel Grau Seminario, cuando al mando del legendario Hu\u00e1scar se enfrent\u00f3 contra un enemigo inmensamente superior en el combate de Punta Angamos, el 8 de octubre de 1879, en la Guerra del Pac\u00edfico. No obstante el tiempo transcurrido, su gloriosa e inmortal imagen contin\u00faa presente en la conciencia de nuestra naci\u00f3n porque encarna los m\u00e1s sublimes valores patrios. Asimismo tenemos que\u00a0<\/strong><\/em><\/span><span style=\"color: #800080;\"><i><b>celebrar\u00a0 el pr\u00f3ximo 8 de octubre los 200 de la creaci\u00f3n del a Marina de Guerra puesto que su fundaci\u00f3n fue el 8 de octubre de 1821&#8230;<\/b><\/i><\/span><\/p>\n<p style=\"text-align: justify;\"><span style=\"color: #333399;\"><em><strong>\u201cMiguel Grau Seminario Naci\u00f3 en el Puerto de Paita (Regi\u00f3n Piura al Norte del Per\u00fa) donde vivi\u00f3 gran parte de su infancia y donde form\u00f3 su vocaci\u00f3n marina. A los nueve a\u00f1os de edad se embarc\u00f3 como aprendiz de grumete en el buque mercante \u00abTescua\u00bb. Durante los \u00a0\u00a0siguientes diez a\u00f1os naveg\u00f3 en distintas naves, recorriendo diferentes puertos de Asia, Estados Unidos y Europa. En \u00a01834 y durante su paso por la Marina Mercante y luego en la Marina de Guerra realiz\u00f3 una brillante carrera hasta el estallido de la infausta Guerra del Pac\u00edfico.<\/strong><\/em><\/span><\/p>\n<p style=\"text-align: justify;\"><span style=\"color: #333399;\"><em><strong>Al mando del \u00a0intr\u00e9pido monitor \u201cHuascar\u201d hab\u00eda sido capaz de jaquear a la poderosa Armada de Chile. Las fuerzas militares del sur sab\u00edan que no pod\u00edan iniciar la campa\u00f1a en territorio peruano si el Hu\u00e1scar pod\u00eda acecharlos.<\/strong><\/em><\/span><\/p>\n<p style=\"text-align: justify;\"><span style=\"color: #333399;\"><em><strong>El h\u00e9roe peruano orden\u00f3 que la peque\u00f1a embarcaci\u00f3n la \u201ccorbeta Uni\u00f3n\u201d escapara de una inevitable confrontaci\u00f3n con dos divisiones de barcos de guerra chilenos que rodearon al Hu\u00e1scar. As\u00ed, tuvo que enfrentar solo al \u201cAlmirante Blanco Encalada\u201d, la \u201cCovadonga#, el \u201cAlmirante Cochrane\u201d, \u201cel Loa y la O\u2019Higgins\u201d. Luego de una hora y media de confrontaci\u00f3n, el valiente almirante y su tripulaci\u00f3n pasaron a las p\u00e1ginas de la historia como sus m\u00e1ximos h\u00e9roes.(F\/Hist\u00f3rica\u00a0 Diario oficial El Peruano)\u201d<\/strong><\/em><\/span><\/p>\n<p style=\"text-align: justify;\"><span style=\"color: #333399;\"><em><strong>\u00bfPor qu\u00e9 la figura de Miguel Grau ha trascendido el tiempo y es considerado nuestro m\u00e1ximo h\u00e9roe nacional? Sin duda, porque encarna los m\u00e1ximos valores a los que puede aspirar un patriota. El \u00a0Gran Almirante fue un f\u00e9rreo partidario de la democracia, un hombre que am\u00f3 profundamente a su pa\u00eds y a su familia, un impulsor del derecho humanitario en tiempos de conflicto y, al mismo tiempo, encarn\u00f3 la esperanza y la uni\u00f3n nacional.<\/strong><\/em><\/span><\/p>\n<p style=\"text-align: justify;\"><span style=\"color: #800080;\"><em><strong>Grau fue un precursor del derecho humanitario en nuestro continente. Tras el hundimiento de la corbeta Esmeralda y la muerte de su capit\u00e1n, Arturo Prat Chac\u00f3n, el Caballero de los Mares orden\u00f3 recoger a los sobrevivientes chilenos. Y la carta que le env\u00edo nuestro h\u00e9roe a la\u00a0 Sra. Viuda del Capit\u00e1n Pratt, es un legado hist\u00f3rico de bonhom\u00eda y caballerosidad\u2026<\/strong><\/em><\/span><\/p>\n<p style=\"text-align: justify;\"><span style=\"color: #333399;\"><em><strong>Nuestro m\u00e1ximo h\u00e9roe tambi\u00e9n simboliza la uni\u00f3n de los peruanos. Tras el hundimiento accidental del blindado Independencia en el Combate de Iquique, \u00e9l encarn\u00f3 la esperanza de una naci\u00f3n en una guerra desigual. Los peruanos debemos tener siempre presente su indiscutible hero\u00edsmo, entrega, legado de valor y sacrificio, sobre todo en este\u00a0 momento tan dif\u00edcil que nos toca enfrentar\u2026 Son precisamente momentos \u00a0de crisis\u00a0 en que el pa\u00eds necesita la unidad de todos sus hijos.<\/strong><\/em><\/span><\/p>\n<p><a href=\"https:\/\/www.turistamagazine.com\/v2\/wp-content\/uploads\/2021\/08\/591259_849745.jpg\"><img decoding=\"async\" class=\"size-full wp-image-52618 aligncenter\" src=\"https:\/\/www.turistamagazine.com\/v2\/wp-content\/uploads\/2021\/08\/591259_849745.jpg\" alt=\"\" width=\"604\" height=\"340\" srcset=\"https:\/\/www.turistamagazine.com\/v2\/wp-content\/uploads\/2021\/08\/591259_849745.jpg 604w, https:\/\/www.turistamagazine.com\/v2\/wp-content\/uploads\/2021\/08\/591259_849745-300x169.jpg 300w, https:\/\/www.turistamagazine.com\/v2\/wp-content\/uploads\/2021\/08\/591259_849745-480x270.jpg 480w\" sizes=\"(max-width: 604px) 100vw, 604px\" \/><\/a><\/p>\n<p style=\"text-align: justify;\"><span style=\"color: #800080;\"><em><strong>Como\u00a0es recordado,\u00a0Miguel Grau\u00a0 el Caballero de los Mares orgullo de nuestra Marina de Guerra del Per\u00fa, destac\u00f3 por su valent\u00eda, caballerosidad, honor, dignidad, vehemencia y coraje que es la m\u00edstica sobre la que se rigen\u00a0 todos los integrantes de la marina peruana;\u00a0valores\u00a0que hoy en d\u00eda son muy dif\u00edciles de encontrar en una persona y que lo convierten en un ejemplo a seguir.<\/strong><\/em><\/span><\/p>\n<p style=\"text-align: right;\"><span style=\"color: #333399;\"><em><strong>Elena Honores<\/strong><\/em><\/span><\/p>\n<p style=\"text-align: right;\"><span style=\"color: #333399;\"><em><strong>Directora<\/strong><\/em><\/span><\/p>\n<p style=\"text-align: right;\"><span style=\"color: #333399;\"><em><strong>Magister en Turismo y Comunicaci\u00f3n<\/strong><\/em><\/span><\/p>\n<p><a href=\"https:\/\/www.turistamagazine.com\/v2\/wp-content\/uploads\/2021\/08\/logo-TM-2.jpg\"><img decoding=\"async\" class=\"wp-image-52619 aligncenter\" src=\"https:\/\/www.turistamagazine.com\/v2\/wp-content\/uploads\/2021\/08\/logo-TM-2.jpg\" alt=\"\" width=\"500\" height=\"475\" \/><\/a><\/p>\n<p style=\"text-align: justify;\"><a href=\"https:\/\/www.turistamagazine.com\/v2\/wp-content\/uploads\/2017\/04\/descarga-3-1.jpg\"><img decoding=\"async\" class=\"wp-image-28730 aligncenter\" src=\"https:\/\/www.turistamagazine.com\/v2\/wp-content\/uploads\/2017\/04\/descarga-3-1.jpg\" alt=\"\" width=\"180\" height=\"119\" \/><\/a><\/p>\n","protected":false},"excerpt":{"rendered":"<p>Verg\u00fcenza ajena, y rechazo total de todos los peruanos suscitaron las declaraciones de \u00a0\u00a0H\u00e9ctor B\u00e9jar Ex canciller (tuvo que renunciar) del reciente gobierno en nuestra patria, por unas declaraciones supuestamente sacadas de contexto y declaradas 2 a\u00f1os atr\u00e1s que ofend\u00eda, la imagen de la marina de Guerra del Per\u00fa\u2026Independientemente de credos pol\u00edticos, pensamos que las Fuerzas\u00a0 Armadas \u00a0del pa\u00eds merecen el mayor \u00a0respeto porque sobre ellas recae la enorme\u00a0 responsabilidad de defender la soberan\u00eda del Estado y \u00abla seguridad de los peruanos\u201d. \u00a0Nos parece oportuno recordar a nuestros h\u00e9roes, e igualmente a los enemigos de nuestra patria sobre todo internos,&#8230;<\/p>\n","protected":false},"author":1,"featured_media":0,"comment_status":"open","ping_status":"open","sticky":false,"template":"","format":"standard","meta":{"footnotes":""},"categories":[345],"tags":[10635,10309,10219,10556],"class_list":["post-52617","post","type-post","status-publish","format-standard","hentry","category-editorial","tag-elenahonoresdirectora","tag-miguelgrau","tag-semanarioturistamagazine","tag-turismagazine"],"_links":{"self":[{"href":"https:\/\/www.turistamagazine.com\/v2\/index.php?rest_route=\/wp\/v2\/posts\/52617","targetHints":{"allow":["GET"]}}],"collection":[{"href":"https:\/\/www.turistamagazine.com\/v2\/index.php?rest_route=\/wp\/v2\/posts"}],"about":[{"href":"https:\/\/www.turistamagazine.com\/v2\/index.php?rest_route=\/wp\/v2\/types\/post"}],"author":[{"embeddable":true,"href":"https:\/\/www.turistamagazine.com\/v2\/index.php?rest_route=\/wp\/v2\/users\/1"}],"replies":[{"embeddable":true,"href":"https:\/\/www.turistamagazine.com\/v2\/index.php?rest_route=%2Fwp%2Fv2%2Fcomments&post=52617"}],"version-history":[{"count":3,"href":"https:\/\/www.turistamagazine.com\/v2\/index.php?rest_route=\/wp\/v2\/posts\/52617\/revisions"}],"predecessor-version":[{"id":52643,"href":"https:\/\/www.turistamagazine.com\/v2\/index.php?rest_route=\/wp\/v2\/posts\/52617\/revisions\/52643"}],"wp:attachment":[{"href":"https:\/\/www.turistamagazine.com\/v2\/index.php?rest_route=%2Fwp%2Fv2%2Fmedia&parent=52617"}],"wp:term":[{"taxonomy":"category","embeddable":true,"href":"https:\/\/www.turistamagazine.com\/v2\/index.php?rest_route=%2Fwp%2Fv2%2Fcategories&post=52617"},{"taxonomy":"post_tag","embeddable":true,"href":"https:\/\/www.turistamagazine.com\/v2\/index.php?rest_route=%2Fwp%2Fv2%2Ftags&post=52617"}],"curies":[{"name":"wp","href":"https:\/\/api.w.org\/{rel}","templated":true}]}}