{"id":52480,"date":"2026-08-13T13:00:10","date_gmt":"2026-08-13T18:00:10","guid":{"rendered":"https:\/\/www.turistamagazine.com\/v2\/?p=52480"},"modified":"2026-08-13T18:08:54","modified_gmt":"2026-08-13T23:08:54","slug":"tres-hermosa-ciudades-peruanas-celebran-sus-aniversario-el-mismo-dia","status":"publish","type":"post","link":"https:\/\/www.turistamagazine.com\/v2\/?p=52480","title":{"rendered":"El triple aniversario que une a la Costa, la Sierra y la Ceja de Selva: Arequipa, Piura, y Hu\u00e1nuco"},"content":{"rendered":"<p style=\"text-align: center;\"><span style=\"color: #000080;\"><em><strong>El majestuoso y sereno Misti que custodia silencioso la ciudad Blanca<\/strong><\/em><\/span><\/p>\n<p><strong>Por: Elena Tejera<\/strong><\/p>\n<p style=\"text-align: justify;\"><span style=\"color: #000080;\"><em><strong>Arequipa\/13\/08\/2026.-El 15 de agosto no es un d\u00eda cualquiera en el calendario del Per\u00fa. Es una fecha m\u00e1gica en la que tres de nuestras regiones m\u00e1s emblem\u00e1ticas e inolvidables celebran su aniversario de fundaci\u00f3n espa\u00f1ola. Arequipa (486 a\u00f1os) Piura (494 a\u00f1os) y Hu\u00e1nuco (487 a\u00f1os) visten sus plazas de gala, record\u00e1ndonos la inmensa diversidad cultural, paisaj\u00edstica y gastron\u00f3mica que posee nuestro querido pa\u00eds. Habiendo tenido la fortuna de recorrer y vivir experiencias \u00fanicas en cada una de estas ciudades, les presento una cr\u00f3nica con alma sobre sus encantos inconfundibles.<\/strong><\/em><\/span><\/p>\n<p><span style=\"color: #800080;\"><strong>Arequipa: Arquitectura de Sillar, Ca\u00f1ones Profundos y el Vuelo del C\u00f3ndor<\/strong><\/span><\/p>\n<p style=\"text-align: justify;\"><span style=\"color: #000080;\"><em><strong>La \u00abCiudad Blanca\u00bb celebra sus 486 a\u00f1os de historia con una serie de actos conmemorativos llenos de orgullo regional, Arequipa, la segunda ciudad en importancia del Per\u00fa, enamora a primera vista con sus impresionantes portales, arquer\u00edas y esa arquitectura colonial en sillar blanco tan peculiar de la regi\u00f3n. Custodiada por el incomparable y majestuoso volc\u00e1n Misti, la regi\u00f3n alberga una geograf\u00eda de una belleza paisaj\u00edstica impresionante, donde destacan los dos ca\u00f1ones m\u00e1s profundos del planeta.<\/strong><\/em><\/span><\/p>\n<p style=\"text-align: justify;\"><span style=\"color: #000080;\"><em><strong>El primero de ellos es el espectacular Ca\u00f1\u00f3n del Colca, con sus 4,160 metros de profundidad. Visitar Arequipa sin ir al Colca es como llegar al Cusco y no visitar Machu Picchu; es all\u00ed donde uno puede presenciar, en absoluto silencio y admiraci\u00f3n, el majestuoso vuelo del c\u00f3ndor. El segundo es el Ca\u00f1\u00f3n de Cotahuasi, conocido tambi\u00e9n como \u00abEl Ca\u00f1\u00f3n Maravilla\u00bb, que alcanza los 3,535 metros desde el fondo del cauce del r\u00edo hasta el pico de las monta\u00f1as. Su nombre proviene de los vocablos quechuas ccoto (juntos) y huasi (casa), evocando una hermosa \u00abcasa de las profundidades\u00bb o calles estrechas de casas tupidas. Con una campi\u00f1a admirable de infinitas tonalidades verdes y su gastronom\u00eda sin igual que se rinde ante sus t\u00edpicas e hist\u00f3ricas picanter\u00edas, Arequipa es un destino imprescindible.<\/strong><\/em><\/span><\/p>\n<div id=\"attachment_53695\" style=\"width: 640px\" class=\"wp-caption aligncenter\"><a href=\"https:\/\/www.turistamagazine.com\/v2\/wp-content\/uploads\/2021\/10\/cotahuaso.jpg\"><img decoding=\"async\" aria-describedby=\"caption-attachment-53695\" class=\"wp-image-53695\" src=\"https:\/\/www.turistamagazine.com\/v2\/wp-content\/uploads\/2021\/10\/cotahuaso.jpg\" alt=\"\" width=\"630\" height=\"450\" srcset=\"https:\/\/www.turistamagazine.com\/v2\/wp-content\/uploads\/2021\/10\/cotahuaso.jpg 700w, https:\/\/www.turistamagazine.com\/v2\/wp-content\/uploads\/2021\/10\/cotahuaso-300x214.jpg 300w, https:\/\/www.turistamagazine.com\/v2\/wp-content\/uploads\/2021\/10\/cotahuaso-588x420.jpg 588w\" sizes=\"(max-width: 630px) 100vw, 630px\" \/><\/a><p id=\"caption-attachment-53695\" class=\"wp-caption-text\"><span style=\"color: #333399;\"><em><strong>El Ca\u00f1\u00f3n del Cotahuasi alcanza hasta 6,093 metros en algunos puntos. Cabe resaltar que el recorrido de 100 kil\u00f3metros abarca desde la laguna de Huanzo, en la naciente del r\u00edo Cotahuasi, hasta el cruce de \u00e9ste con el r\u00edo Oco\u00f1a.<\/strong><\/em><\/span><\/p><\/div>\n<p><span style=\"color: #800080;\"><strong>La Hermosa Piura: Cuna de H\u00e9roes, Filigrana y Playas Eternas<\/strong><\/span><\/p>\n<div id=\"attachment_52481\" style=\"width: 640px\" class=\"wp-caption aligncenter\"><a href=\"https:\/\/www.turistamagazine.com\/v2\/wp-content\/uploads\/2021\/08\/Piura.jpg\"><img decoding=\"async\" aria-describedby=\"caption-attachment-52481\" class=\"wp-image-52481\" src=\"https:\/\/www.turistamagazine.com\/v2\/wp-content\/uploads\/2021\/08\/Piura.jpg\" alt=\"Plaza de Armas de Piura. (Foto: Ie-lopezalbujar.blogspot.com)\" width=\"630\" height=\"361\" srcset=\"https:\/\/www.turistamagazine.com\/v2\/wp-content\/uploads\/2021\/08\/Piura.jpg 640w, https:\/\/www.turistamagazine.com\/v2\/wp-content\/uploads\/2021\/08\/Piura-300x172.jpg 300w, https:\/\/www.turistamagazine.com\/v2\/wp-content\/uploads\/2021\/08\/Piura-610x350.jpg 610w\" sizes=\"(max-width: 630px) 100vw, 630px\" \/><\/a><p id=\"caption-attachment-52481\" class=\"wp-caption-text\"><span style=\"color: #333399;\"><em><strong>Plaza de Armas de Piura. (Foto: Ie-lopezalbujar.blogspot.com)<\/strong><\/em><\/span><\/p><\/div>\n<p style=\"text-align: justify;\"><span style=\"color: #000080;\"><em><strong>Viajando hacia el norte, la encantadora y calurosa Piura nos ofrece un panorama tur\u00edstico y cultural completamente diferente. Fundada en 1532 en el valle de Tangarar\u00e1, a orillas del r\u00edo Chira, los conquistadores espa\u00f1oles encontraron aqu\u00ed un oasis hermoso para descansar antes de avanzar hacia el sur, bautiz\u00e1ndola originalmente como \u00abSan Miguel\u00bb. As\u00ed, Piura ostenta el orgullo hist\u00f3rico de ser la primera ciudad fundada por los espa\u00f1oles en el Pac\u00edfico Sur.<\/strong><\/em><\/span><\/p>\n<p style=\"text-align: justify;\"><em><strong><span style=\"color: #000080;\">Cuna de nuestro m\u00e1ximo h\u00e9roe naval, el Almirante Don Miguel Grau y Seminario, Piura celebra sus 494 a\u00f1os mostrando al mundo sus costumbres m\u00e1s alegres. Durante estas fiestas, sus avenidas y plazas se llenan de m\u00fasica con el Tondero de Morrop\u00f3n y la Marinera Norte\u00f1a, danzas donde se expresa toda la gracia y el salero de su gente. Su gastronom\u00eda es un deleite inolvidable, con el emblem\u00e1tico \u00abSeco de Chabelo\u00bb y la popular \u00abAlgarrobina\u00bb, extra\u00edda de sus abundantes algarrobos.<\/span><\/strong><\/em><\/p>\n<p style=\"text-align: justify;\">\n<p><a href=\"https:\/\/www.turistamagazine.com\/v2\/wp-content\/uploads\/2021\/08\/Marinera-Nortena.jpg\"><img decoding=\"async\" class=\"wp-image-64109 aligncenter\" src=\"https:\/\/www.turistamagazine.com\/v2\/wp-content\/uploads\/2021\/08\/Marinera-Nortena.jpg\" alt=\"\" width=\"630\" height=\"420\" srcset=\"https:\/\/www.turistamagazine.com\/v2\/wp-content\/uploads\/2021\/08\/Marinera-Nortena.jpg 640w, https:\/\/www.turistamagazine.com\/v2\/wp-content\/uploads\/2021\/08\/Marinera-Nortena-300x200.jpg 300w, https:\/\/www.turistamagazine.com\/v2\/wp-content\/uploads\/2021\/08\/Marinera-Nortena-630x420.jpg 630w, https:\/\/www.turistamagazine.com\/v2\/wp-content\/uploads\/2021\/08\/Marinera-Nortena-610x407.jpg 610w\" sizes=\"(max-width: 630px) 100vw, 630px\" \/><\/a><\/p>\n<p>Foto\/Flickr<\/p>\n<p style=\"text-align: justify;\"><span style=\"color: #000080;\"><em><strong>Menci\u00f3n aparte merece su artesan\u00eda: la perfecta simetr\u00eda de la cer\u00e1mica de Simbil\u00e1 y la deslumbrante filigrana de oro y plata de Catacaos a 12 km de Piura,\u00a0donde las manos de los artesanos elaboran joyas estilizadas, siendo las c\u00e9lebres \u00abdormilonas\u00bb sus piezas m\u00e1s deseadas. Todo esto, sumado a sus playas de aguas tibias y arenas blancas, hacen de Piura un para\u00edso norte\u00f1o.<\/strong><\/em><\/span><\/p>\n<div id=\"attachment_61482\" style=\"width: 640px\" class=\"wp-caption aligncenter\"><a href=\"https:\/\/www.turistamagazine.com\/v2\/wp-content\/uploads\/2023\/08\/artesania-en-Plata.jpg\"><img decoding=\"async\" aria-describedby=\"caption-attachment-61482\" class=\"wp-image-61482\" src=\"https:\/\/www.turistamagazine.com\/v2\/wp-content\/uploads\/2023\/08\/artesania-en-Plata.jpg\" alt=\"\" width=\"630\" height=\"420\" srcset=\"https:\/\/www.turistamagazine.com\/v2\/wp-content\/uploads\/2023\/08\/artesania-en-Plata.jpg 799w, https:\/\/www.turistamagazine.com\/v2\/wp-content\/uploads\/2023\/08\/artesania-en-Plata-300x200.jpg 300w, https:\/\/www.turistamagazine.com\/v2\/wp-content\/uploads\/2023\/08\/artesania-en-Plata-768x512.jpg 768w, https:\/\/www.turistamagazine.com\/v2\/wp-content\/uploads\/2023\/08\/artesania-en-Plata-630x420.jpg 630w, https:\/\/www.turistamagazine.com\/v2\/wp-content\/uploads\/2023\/08\/artesania-en-Plata-610x407.jpg 610w\" sizes=\"(max-width: 630px) 100vw, 630px\" \/><\/a><p id=\"caption-attachment-61482\" class=\"wp-caption-text\"><span style=\"color: #333399;\"><strong><em>Joyas trabajadas en filigrana de plata<\/em><\/strong><\/span><\/p><\/div>\n<p><span style=\"color: #800080;\"><strong>Hu\u00e1nuco: La Puerta de la Amazon\u00eda Vestida de Selva<\/strong><\/span><\/p>\n<p style=\"text-align: justify;\"><span style=\"color: #000080;\"><em><strong>A diferencia del dinamismo arequipe\u00f1o o el calor piurano, Hu\u00e1nuco es una ciudad m\u00e1s buc\u00f3lica, preciosa y de gente admirable. Este territorio, poblado desde hace siglos por el hombre de Lauricocha, posee una riqu\u00edsima herencia colonial visible en sus templos y casonas, y alberga el m\u00edstico Kotosh o Templo de las Manos Cruzadas. Al ser la puerta de entrada a la Amazon\u00eda, es una zona de tierras f\u00e9rtiles bendecida con cultivos codiciados de caf\u00e9 y cacao, cuya biodiversidad se preserva celosamente en el Parque Nacional de Tingo Mar\u00eda.<\/strong><\/em><\/span><\/p>\n<div id=\"attachment_52482\" style=\"width: 640px\" class=\"wp-caption aligncenter\"><a href=\"https:\/\/www.turistamagazine.com\/v2\/wp-content\/uploads\/2021\/08\/peru-FBAB4938_trip7.jpg\"><img decoding=\"async\" aria-describedby=\"caption-attachment-52482\" class=\"wp-image-52482\" src=\"https:\/\/www.turistamagazine.com\/v2\/wp-content\/uploads\/2021\/08\/peru-FBAB4938_trip7.jpg\" alt=\"Las manos de mujeres, el Templo de las Manos Cruzadas de Kotosh en en Hu\u00e1nuco. (720x480px), Foto: \u00a9 Mark Berman\" width=\"630\" height=\"420\" srcset=\"https:\/\/www.turistamagazine.com\/v2\/wp-content\/uploads\/2021\/08\/peru-FBAB4938_trip7.jpg 720w, https:\/\/www.turistamagazine.com\/v2\/wp-content\/uploads\/2021\/08\/peru-FBAB4938_trip7-300x200.jpg 300w, https:\/\/www.turistamagazine.com\/v2\/wp-content\/uploads\/2021\/08\/peru-FBAB4938_trip7-630x420.jpg 630w, https:\/\/www.turistamagazine.com\/v2\/wp-content\/uploads\/2021\/08\/peru-FBAB4938_trip7-610x407.jpg 610w\" sizes=\"(max-width: 630px) 100vw, 630px\" \/><\/a><p id=\"caption-attachment-52482\" class=\"wp-caption-text\"><span style=\"color: #333399;\"><em><strong>El Templo de las Manos Cruzadas es el m\u00e1s famoso de los recintos de zona monumental y su antig\u00fcedad data de 1,800 a.C.<\/strong><\/em><\/span><\/p><\/div>\n<p style=\"text-align: justify;\"><em><strong><span style=\"color: #000080;\">Hu\u00e1nuco es un lugar con alma andina vestida de selva. Su geograf\u00eda est\u00e1 rodeada de elevadas monta\u00f1as, aguas termales, cuevas y una seductora formaci\u00f3n rocosa conocida como \u00abLa Bella Durmiente\u00bb, que guarda una hermosa y rom\u00e1ntica historia de amor. <\/span><\/strong><\/em><\/p>\n<div id=\"attachment_67520\" style=\"width: 640px\" class=\"wp-caption aligncenter\"><a href=\"https:\/\/www.turistamagazine.com\/v2\/wp-content\/uploads\/2024\/08\/Bella-durmiente.jpg\"><img decoding=\"async\" aria-describedby=\"caption-attachment-67520\" class=\"wp-image-67520 size-full\" src=\"https:\/\/www.turistamagazine.com\/v2\/wp-content\/uploads\/2024\/08\/Bella-durmiente.jpg\" alt=\"\" width=\"630\" height=\"419\" srcset=\"https:\/\/www.turistamagazine.com\/v2\/wp-content\/uploads\/2024\/08\/Bella-durmiente.jpg 630w, https:\/\/www.turistamagazine.com\/v2\/wp-content\/uploads\/2024\/08\/Bella-durmiente-300x200.jpg 300w, https:\/\/www.turistamagazine.com\/v2\/wp-content\/uploads\/2024\/08\/Bella-durmiente-610x406.jpg 610w\" sizes=\"(max-width: 630px) 100vw, 630px\" \/><\/a><p id=\"caption-attachment-67520\" class=\"wp-caption-text\"><span style=\"color: #333399;\"><em><strong>Ubicada en el distrito de Mariano D\u00e1maso Bera\u00fan, provincia de Leoncio Prado, en Hu\u00e1nuco. El amor de \u00abLa Bella Durmiente\u00bb en Per\u00fa se refiere a la leyenda de Nunash y Cuynac, una historia de amor tr\u00e1gica que inspir\u00f3 el s\u00edmbolo natural de la cordillera de Tingo Mar\u00eda<\/strong><\/em><\/span><\/p><\/div>\n<p style=\"text-align: justify;\"><span style=\"color: #000080;\"><em><strong>El distintivo folcl\u00f3rico de la regi\u00f3n es, sin duda, la \u00abCofrad\u00eda de los Negritos\u00bb o \u00abLa Danza de los Negritos\u00bb, una expresi\u00f3n danc\u00edstica de ritmo cadencioso que evoca la ostentaci\u00f3n de las \u00e9pocas virreinales, el trabajo agr\u00edcola y, sobre todo, una manifestaci\u00f3n genuina de alegr\u00eda por la libertad y la emancipaci\u00f3n.<\/strong><\/em><\/span><\/p>\n<p style=\"text-align: justify;\"><span style=\"color: #000080;\"><em><strong>Son experiencias tur\u00edsticas inolvidables, que hemos vivido en estas regiones de nuestro querido Per\u00fa, que les recomendamos con\u00a0 toda seguridad.<\/strong><\/em><\/span><\/p>\n<div id=\"attachment_64110\" style=\"width: 640px\" class=\"wp-caption aligncenter\"><a href=\"https:\/\/www.turistamagazine.com\/v2\/wp-content\/uploads\/2021\/08\/Negritos-de-Huanuco.jpg\"><img decoding=\"async\" aria-describedby=\"caption-attachment-64110\" class=\"wp-image-64110\" src=\"https:\/\/www.turistamagazine.com\/v2\/wp-content\/uploads\/2021\/08\/Negritos-de-Huanuco.jpg\" alt=\"\" width=\"630\" height=\"419\" srcset=\"https:\/\/www.turistamagazine.com\/v2\/wp-content\/uploads\/2021\/08\/Negritos-de-Huanuco.jpg 640w, https:\/\/www.turistamagazine.com\/v2\/wp-content\/uploads\/2021\/08\/Negritos-de-Huanuco-300x200.jpg 300w, https:\/\/www.turistamagazine.com\/v2\/wp-content\/uploads\/2021\/08\/Negritos-de-Huanuco-631x420.jpg 631w, https:\/\/www.turistamagazine.com\/v2\/wp-content\/uploads\/2021\/08\/Negritos-de-Huanuco-610x406.jpg 610w\" sizes=\"(max-width: 630px) 100vw, 630px\" \/><\/a><p id=\"caption-attachment-64110\" class=\"wp-caption-text\"><em><strong><span style=\"color: #333399;\"> La danza \u201cLos Negritos de Hu\u00e1nuco\u00bb Patrimonio Cultural de la Naci\u00f3n desde 2021<\/span><\/strong><\/em><\/p><\/div>\n<p style=\"text-align: justify;\"><span style=\"color: #000080;\"><em><strong>Tres regiones, tres identidades y un solo sentimiento de peruanidad. \u00a1Feliz aniversario para estas tres hermosas e inolvidables tierras! Y para festejar, compartimos el emblem\u00e1tico vals de Percy Gibson dedicado a la entra\u00f1able Arequipa: Melgar.<\/strong><\/em><\/span><\/p>\n<p style=\"text-align: center;\"><span style=\"color: #800080;\"><em><strong>MELGAR<\/strong><\/em><\/span><br \/>\n<span style=\"color: #333399;\"><em><strong>Blanca ciudad, de eterno cielo azul<\/strong><\/em><\/span><br \/>\n<span style=\"color: #333399;\"><em><strong>puro sol, monta\u00f1as de mi lar<\/strong><\/em><\/span><br \/>\n<span style=\"color: #333399;\"><em><strong>donde nac\u00ed, en donde me\u00a0<\/strong><\/em><\/span><span style=\"color: #333399;\"><b><i>crie<\/i><\/b><\/span><br \/>\n<span style=\"color: #333399;\"><em><strong>para amar.<\/strong><\/em><\/span><\/p>\n<p style=\"text-align: center;\"><span style=\"color: #800080;\"><em><strong>Aqu\u00ed dejo mis sue\u00f1os,<\/strong><\/em><\/span><br \/>\n<span style=\"color: #800080;\"><em><strong>aqu\u00ed dejo mi amor,<\/strong><\/em><\/span><br \/>\n<span style=\"color: #800080;\"><em><strong>aqu\u00ed dejo mis l\u00e1grimas,<\/strong><\/em><\/span><br \/>\n<span style=\"color: #800080;\"><em><strong>de eterno desconsuelo,<\/strong><\/em><\/span><br \/>\n<span style=\"color: #800080;\"><em><strong>porque mi estrella triste fue cruel.<\/strong><\/em><\/span><\/p>\n<p style=\"text-align: center;\"><span style=\"color: #333399;\"><em><strong>Silvia adi\u00f3s, ya perdida<\/strong><\/em><\/span><br \/>\n<span style=\"color: #333399;\"><em><strong>la esperanza de tu amor mi fe<\/strong><\/em><\/span><br \/>\n<span style=\"color: #333399;\"><em><strong>al partir por mi patria sometida<\/strong><\/em><\/span><br \/>\n<span style=\"color: #333399;\"><em><strong>y por ti mi bien,<\/strong><\/em><\/span><br \/>\n<span style=\"color: #333399;\"><em><strong>voy adi\u00f3s, voy adi\u00f3s, adi\u00f3s, adi\u00f3s.<\/strong><\/em><\/span><\/p>\n<p style=\"text-align: center;\"><span style=\"color: #800080;\"><em><strong>Son\u00f3 el clar\u00edn, voy hacia all\u00e1<\/strong><\/em><\/span><br \/>\n<span style=\"color: #800080;\"><em><strong>a defender mi patria<\/strong><\/em><\/span><br \/>\n<span style=\"color: #800080;\"><em><strong>mi adorada Silvia, mi amor,<\/strong><\/em><\/span><br \/>\n<span style=\"color: #800080;\"><em><strong>son\u00f3 el clar\u00edn vamos all\u00ed,<\/strong><\/em><\/span><br \/>\n<span style=\"color: #800080;\"><em><strong>Oh Patria por ti morir quiero<\/strong><\/em><\/span><br \/>\n<span style=\"color: #800080;\"><em><strong>yo y todos con honor.<\/strong><\/em><\/span><\/p>\n<p style=\"text-align: center;\"><span style=\"color: #333399;\"><em><strong>Oh Arequipa, ciudad de mis ensue\u00f1os,<\/strong><\/em><\/span><br \/>\n<span style=\"color: #333399;\"><em><strong>coloso Misti, guardi\u00e1n de mi ciudad,<\/strong><\/em><\/span><br \/>\n<span style=\"color: #333399;\"><em><strong>ans\u00edo libertad y amor,<\/strong><\/em><\/span><br \/>\n<span style=\"color: #333399;\"><em><strong>amor y libertad Se\u00f1or.<\/strong><\/em><\/span><\/p>\n<p><strong>*Magister en Turismo y hoteler\u00eda<\/strong><\/p>\n<p><a href=\"https:\/\/www.turistamagazine.com\/v2\/wp-content\/uploads\/2026\/08\/Logo.jpg\"><img decoding=\"async\" class=\"size-full wp-image-70658 aligncenter\" src=\"https:\/\/www.turistamagazine.com\/v2\/wp-content\/uploads\/2026\/08\/Logo.jpg\" alt=\"\" width=\"700\" height=\"382\" srcset=\"https:\/\/www.turistamagazine.com\/v2\/wp-content\/uploads\/2026\/08\/Logo.jpg 700w, https:\/\/www.turistamagazine.com\/v2\/wp-content\/uploads\/2026\/08\/Logo-300x164.jpg 300w, https:\/\/www.turistamagazine.com\/v2\/wp-content\/uploads\/2026\/08\/Logo-610x333.jpg 610w\" sizes=\"(max-width: 700px) 100vw, 700px\" \/><\/a><\/p>\n<p><span style=\"color: #800080;\"><strong><em>Lectores Internacionales::<\/em><\/strong> <\/span><strong><em><span style=\"color: #800080;\">Si nos lees desde el extranjero y valoras nuestra trayectoria, puedes respaldar nuestro trabajo con un aporte simb\u00f3lico haciendo clic aqu\u00ed<\/span>: <span style=\"color: #000080;\">Apoyar v\u00eda Pay Pal:<\/span><\/em><\/strong> <a href=\"http:\/\/paypal.me\/Turistamagazine\"><strong><em>paypal.me\/Turistamagazine\u00a0\u00a0<\/em><\/strong><\/a><\/p>\n<p><span style=\"color: #000080;\"><strong><em>Si nos lees desde tu propio celular:<\/em><\/strong><em> <strong>\u00a1Es s\u00faper f\u00e1cil! Puedes yapear o plinear directamente ingresando nuestro n\u00famero de tel\u00e9fono asociado<\/strong><\/em><strong>:<\/strong> <strong>[<\/strong><strong>\ud83d\udc49<\/strong><span style=\"color: #800080;\"><strong> 997 193 599<\/strong><\/span><\/span><\/p>\n<p>&nbsp;<\/p>\n","protected":false},"excerpt":{"rendered":"<p>El majestuoso y sereno Misti que custodia silencioso la ciudad Blanca Por: Elena Tejera Arequipa\/13\/08\/2026.-El 15 de agosto no es un d\u00eda cualquiera en el calendario del Per\u00fa. Es una fecha m\u00e1gica en la que tres de nuestras regiones m\u00e1s emblem\u00e1ticas e inolvidables celebran su aniversario de fundaci\u00f3n espa\u00f1ola. Arequipa (486 a\u00f1os) Piura (494 a\u00f1os) y Hu\u00e1nuco (487 a\u00f1os) visten sus plazas de gala, record\u00e1ndonos la inmensa diversidad cultural, paisaj\u00edstica y gastron\u00f3mica que posee nuestro querido pa\u00eds. Habiendo tenido la fortuna de recorrer y vivir experiencias \u00fanicas en cada una de estas ciudades, les presento una cr\u00f3nica con alma sobre&#8230;<\/p>\n","protected":false},"author":1,"featured_media":57564,"comment_status":"open","ping_status":"open","sticky":false,"template":"","format":"standard","meta":{"footnotes":""},"categories":[86,4,82],"tags":[13499,11846,11295,11294,10219,340],"class_list":["post-52480","post","type-post","status-publish","format-standard","has-post-thumbnail","hentry","category-destinos","category-breaking-news","category-nacionales","tag-arequipadeaniversario","tag-elenatejeradirectora","tag-huanucodeaniversario","tag-piuradeaniversario","tag-semanarioturistamagazine","tag-peru"],"_links":{"self":[{"href":"https:\/\/www.turistamagazine.com\/v2\/index.php?rest_route=\/wp\/v2\/posts\/52480","targetHints":{"allow":["GET"]}}],"collection":[{"href":"https:\/\/www.turistamagazine.com\/v2\/index.php?rest_route=\/wp\/v2\/posts"}],"about":[{"href":"https:\/\/www.turistamagazine.com\/v2\/index.php?rest_route=\/wp\/v2\/types\/post"}],"author":[{"embeddable":true,"href":"https:\/\/www.turistamagazine.com\/v2\/index.php?rest_route=\/wp\/v2\/users\/1"}],"replies":[{"embeddable":true,"href":"https:\/\/www.turistamagazine.com\/v2\/index.php?rest_route=%2Fwp%2Fv2%2Fcomments&post=52480"}],"version-history":[{"count":9,"href":"https:\/\/www.turistamagazine.com\/v2\/index.php?rest_route=\/wp\/v2\/posts\/52480\/revisions"}],"predecessor-version":[{"id":70682,"href":"https:\/\/www.turistamagazine.com\/v2\/index.php?rest_route=\/wp\/v2\/posts\/52480\/revisions\/70682"}],"wp:featuredmedia":[{"embeddable":true,"href":"https:\/\/www.turistamagazine.com\/v2\/index.php?rest_route=\/wp\/v2\/media\/57564"}],"wp:attachment":[{"href":"https:\/\/www.turistamagazine.com\/v2\/index.php?rest_route=%2Fwp%2Fv2%2Fmedia&parent=52480"}],"wp:term":[{"taxonomy":"category","embeddable":true,"href":"https:\/\/www.turistamagazine.com\/v2\/index.php?rest_route=%2Fwp%2Fv2%2Fcategories&post=52480"},{"taxonomy":"post_tag","embeddable":true,"href":"https:\/\/www.turistamagazine.com\/v2\/index.php?rest_route=%2Fwp%2Fv2%2Ftags&post=52480"}],"curies":[{"name":"wp","href":"https:\/\/api.w.org\/{rel}","templated":true}]}}