{"id":52320,"date":"2021-08-03T18:40:13","date_gmt":"2021-08-03T23:40:13","guid":{"rendered":"https:\/\/www.turistamagazine.com\/v2\/?p=52320"},"modified":"2021-08-03T19:22:03","modified_gmt":"2021-08-04T00:22:03","slug":"lucca-mesinas-tras-su-participacion-en-tokio-2020-orgulloso-de-haber-representado-al-peru","status":"publish","type":"post","link":"https:\/\/www.turistamagazine.com\/v2\/?p=52320","title":{"rendered":"LUCCA MESINAS TRAS SU PARTICIPACI\u00d3N EN TOKIO 2020: ORGULLOSO DE HABER REPRESENTADO AL PER\u00da"},"content":{"rendered":"<p style=\"text-align: center;\"><span style=\"color: #800080;\"><em><strong>El surfista peruano culmin\u00f3 su participaci\u00f3n en la competencia ol\u00edmpica llegando hasta los cuartos de final.<\/strong><\/em><\/span><\/p>\n<p style=\"text-align: justify;\"><span style=\"color: #333399;\"><em><strong>03\/08\/2021\/Lima.- Lucca Mesinas se mostr\u00f3 feliz con su participaci\u00f3n en los Juegos Ol\u00edmpicos de Tokio 2020. El surfista peruano lleg\u00f3 hasta los cuartos de final en el certamen internacional. <\/strong><\/em><\/span><\/p>\n<p style=\"text-align: justify;\"><span style=\"color: #333399;\"><em><strong>En su regreso al pa\u00eds, el deportista nacional asever\u00f3 que se siente orgulloso de representar al Per\u00fa en un certamen m\u00e1ximo y que en breve partir\u00e1 a Estados para continuar con su preparaci\u00f3n.<\/strong><\/em><\/span><\/p>\n<p style=\"text-align: justify;\"><span style=\"color: #333399;\"><em><strong><span style=\"color: #800080;\">\u00abEstar en Tokio ha sido incre\u00edble. Era la primera vez que el surf estaba en Juegos Ol\u00edmpicos y me siento orgulloso de haber representado al Per\u00fa. La he pasado muy bien con el resto de la delegaci\u00f3n, la Villa Ol\u00edmpica es maravillosa\u00bb<\/span>, manifest\u00f3.<\/strong><\/em><\/span><\/p>\n<p style=\"text-align: justify;\"><span style=\"color: #333399;\"><em><strong>Mesinas detall\u00f3 su experiencia durante la competencia donde realiz\u00f3 una destacada actuaci\u00f3n. Adem\u00e1s, siendo una disciplina que hizo su debut en los Juegos Ol\u00edmpicos.<\/strong><\/em><\/span><\/p>\n<p style=\"text-align: justify;\"><span style=\"color: #333399;\"><em><strong><span style=\"color: #800080;\">\u00abEn el primer heat me fue bien ante rivales muy complicados. Encontr\u00e9 buenas olas y las aprovech\u00e9 al m\u00e1ximo. Lamentablemente, contra el australiano se me hizo dif\u00edcil hallar buenas olas y cuando estas empezaron a aparecer ya no quedaba mucho tiempo para remontar el marcador\u00bb,<\/span> expres\u00f3.<\/strong><\/em><\/span><\/p>\n<p style=\"text-align: justify;\"><span style=\"color: #333399;\"><em><strong>En otro momento, Lucca Mesinas coment\u00f3 que ya tiene como objetivo el pr\u00f3ximo evento que se llevar\u00e1 a cabo en California.<\/strong><\/em><\/span><\/p>\n<p style=\"text-align: justify;\"><span style=\"color: #333399;\"><em><strong>\u00abEstoy yendo a California para participar en un evento, luego regreso a Per\u00fa para competir en cuatro circuitos. Hay varios torneos importantes que se vienen porque\u00a0 suman puntos para la clasificaci\u00f3n a los Juegos Ol\u00edmpicos Par\u00eds 2024 y voy a seguir prepar\u00e1ndome para estar presente en ese certamen\u00bb, coment\u00f3.<\/strong><\/em><\/span><\/p>\n<p style=\"text-align: justify;\"><span style=\"color: #333399;\"><em><strong>Finalmente, Lucca resalt\u00f3 el apoyo\u00a0 brindado por el Instituto Peruano del Deporte (IPD) para llegar en \u00f3ptimas condiciones a Tokio 2020<\/strong><\/em><\/span><\/p>\n<p style=\"text-align: justify;\"><span style=\"color: #800080;\"><em><strong>\u00abMe pareci\u00f3 incre\u00edble el apoyo del IPD para nuestra preparaci\u00f3n en estos Juegos Ol\u00edmpicos, llev\u00e1ndonos a muchos eventos de preparaci\u00f3n y bases de entrenamiento, y no solo conmigo, sino con el resto de deportistas. Estoy muy agradecido con ellos\u00bb.<\/strong><\/em><\/span><\/p>\n","protected":false},"excerpt":{"rendered":"<p>El surfista peruano culmin\u00f3 su participaci\u00f3n en la competencia ol\u00edmpica llegando hasta los cuartos de final. 03\/08\/2021\/Lima.- Lucca Mesinas se mostr\u00f3 feliz con su participaci\u00f3n en los Juegos Ol\u00edmpicos de Tokio 2020. El surfista peruano lleg\u00f3 hasta los cuartos de final en el certamen internacional. En su regreso al pa\u00eds, el deportista nacional asever\u00f3 que se siente orgulloso de representar al Per\u00fa en un certamen m\u00e1ximo y que en breve partir\u00e1 a Estados para continuar con su preparaci\u00f3n. \u00abEstar en Tokio ha sido incre\u00edble. Era la primera vez que el surf estaba en Juegos Ol\u00edmpicos y me siento orgulloso de&#8230;<\/p>\n","protected":false},"author":1,"featured_media":52321,"comment_status":"open","ping_status":"open","sticky":false,"template":"","format":"standard","meta":{"footnotes":""},"categories":[4,82],"tags":[11270,10219,10929,10556],"class_list":["post-52320","post","type-post","status-publish","format-standard","has-post-thumbnail","hentry","category-breaking-news","category-nacionales","tag-luccamesinas","tag-semanarioturistamagazine","tag-tokio2020","tag-turismagazine"],"_links":{"self":[{"href":"https:\/\/www.turistamagazine.com\/v2\/index.php?rest_route=\/wp\/v2\/posts\/52320","targetHints":{"allow":["GET"]}}],"collection":[{"href":"https:\/\/www.turistamagazine.com\/v2\/index.php?rest_route=\/wp\/v2\/posts"}],"about":[{"href":"https:\/\/www.turistamagazine.com\/v2\/index.php?rest_route=\/wp\/v2\/types\/post"}],"author":[{"embeddable":true,"href":"https:\/\/www.turistamagazine.com\/v2\/index.php?rest_route=\/wp\/v2\/users\/1"}],"replies":[{"embeddable":true,"href":"https:\/\/www.turistamagazine.com\/v2\/index.php?rest_route=%2Fwp%2Fv2%2Fcomments&post=52320"}],"version-history":[{"count":3,"href":"https:\/\/www.turistamagazine.com\/v2\/index.php?rest_route=\/wp\/v2\/posts\/52320\/revisions"}],"predecessor-version":[{"id":52324,"href":"https:\/\/www.turistamagazine.com\/v2\/index.php?rest_route=\/wp\/v2\/posts\/52320\/revisions\/52324"}],"wp:featuredmedia":[{"embeddable":true,"href":"https:\/\/www.turistamagazine.com\/v2\/index.php?rest_route=\/wp\/v2\/media\/52321"}],"wp:attachment":[{"href":"https:\/\/www.turistamagazine.com\/v2\/index.php?rest_route=%2Fwp%2Fv2%2Fmedia&parent=52320"}],"wp:term":[{"taxonomy":"category","embeddable":true,"href":"https:\/\/www.turistamagazine.com\/v2\/index.php?rest_route=%2Fwp%2Fv2%2Fcategories&post=52320"},{"taxonomy":"post_tag","embeddable":true,"href":"https:\/\/www.turistamagazine.com\/v2\/index.php?rest_route=%2Fwp%2Fv2%2Ftags&post=52320"}],"curies":[{"name":"wp","href":"https:\/\/api.w.org\/{rel}","templated":true}]}}