{"id":52287,"date":"2021-08-02T12:39:43","date_gmt":"2021-08-02T17:39:43","guid":{"rendered":"https:\/\/www.turistamagazine.com\/v2\/?p=52287"},"modified":"2021-08-02T12:39:43","modified_gmt":"2021-08-02T17:39:43","slug":"desde-hoy-el-presidente-pedro-castillo-cumple-funciones-en-palacio-de-goierno","status":"publish","type":"post","link":"https:\/\/www.turistamagazine.com\/v2\/?p=52287","title":{"rendered":"DESDE HOY EL PRESIDENTE, PEDRO CASTILLO CUMPLE FUNCIONES EN PALACIO \u00a0DE GOIERNO"},"content":{"rendered":"<p style=\"text-align: justify;\"><span style=\"color: #333399;\"><em><strong>02\/08\/ 2021\/Lima.- La Secretar\u00eda de Comunicaci\u00f3n Estrat\u00e9gica y Prensa del Despacho Presidencial hace de conocimiento a la opini\u00f3n p\u00fablica lo siguiente: Que, en tanto se determina el lugar m\u00e1s adecuado para el traslado del Despacho Presidencial, el se\u00f1or presidente de la Rep\u00fablica cumplir\u00e1 las labores propias de su investidura en la sede de Palacio de Gobierno, se lee en el documento.<\/strong><\/em><\/span><\/p>\n<p style=\"text-align: justify;\"><span style=\"color: #800080;\"><em><strong>A\u00fan no se han hecho p\u00fablicas las reuniones que tuvo el jefe de Estado en los primeros cinco d\u00edas de su Gobierno, pese a estar obligado por ley.<\/strong><\/em><\/span><\/p>\n<p style=\"text-align: justify;\"><span style=\"color: #333399;\"><em><strong>Como se recuerda, a trav\u00e9s de un comunicado, la Secretar\u00eda de Comunicaci\u00f3n Estrat\u00e9gica y Prensa del Despacho Presidencial inform\u00f3 ayer que el presidente Pedro Castillo cumplir\u00e1 las labores propias de su investidura en Palacio de Gobierno.<\/strong><\/em><\/span><\/p>\n<p style=\"text-align: justify;\"><span style=\"color: #800080;\"><em><strong>El comunicado aclara que el mandatario mantendr\u00e1 las funciones de gobierno en la \u2018Casa de Pizarro\u2019 \u201cen tanto se determina el lugar m\u00e1s adecuado\u201d para su traslado.<\/strong><\/em><\/span><\/p>\n","protected":false},"excerpt":{"rendered":"<p>02\/08\/ 2021\/Lima.- La Secretar\u00eda de Comunicaci\u00f3n Estrat\u00e9gica y Prensa del Despacho Presidencial hace de conocimiento a la opini\u00f3n p\u00fablica lo siguiente: Que, en tanto se determina el lugar m\u00e1s adecuado para el traslado del Despacho Presidencial, el se\u00f1or presidente de la Rep\u00fablica cumplir\u00e1 las labores propias de su investidura en la sede de Palacio de Gobierno, se lee en el documento. A\u00fan no se han hecho p\u00fablicas las reuniones que tuvo el jefe de Estado en los primeros cinco d\u00edas de su Gobierno, pese a estar obligado por ley. Como se recuerda, a trav\u00e9s de un comunicado, la Secretar\u00eda de&#8230;<\/p>\n","protected":false},"author":1,"featured_media":52284,"comment_status":"open","ping_status":"open","sticky":false,"template":"","format":"standard","meta":{"footnotes":""},"categories":[4,82],"tags":[11266,11077,10219,10556],"class_list":["post-52287","post","type-post","status-publish","format-standard","has-post-thumbnail","hentry","category-breaking-news","category-nacionales","tag-palaciodegobierno","tag-pedrocastillo","tag-semanarioturistamagazine","tag-turismagazine"],"_links":{"self":[{"href":"https:\/\/www.turistamagazine.com\/v2\/index.php?rest_route=\/wp\/v2\/posts\/52287","targetHints":{"allow":["GET"]}}],"collection":[{"href":"https:\/\/www.turistamagazine.com\/v2\/index.php?rest_route=\/wp\/v2\/posts"}],"about":[{"href":"https:\/\/www.turistamagazine.com\/v2\/index.php?rest_route=\/wp\/v2\/types\/post"}],"author":[{"embeddable":true,"href":"https:\/\/www.turistamagazine.com\/v2\/index.php?rest_route=\/wp\/v2\/users\/1"}],"replies":[{"embeddable":true,"href":"https:\/\/www.turistamagazine.com\/v2\/index.php?rest_route=%2Fwp%2Fv2%2Fcomments&post=52287"}],"version-history":[{"count":1,"href":"https:\/\/www.turistamagazine.com\/v2\/index.php?rest_route=\/wp\/v2\/posts\/52287\/revisions"}],"predecessor-version":[{"id":52289,"href":"https:\/\/www.turistamagazine.com\/v2\/index.php?rest_route=\/wp\/v2\/posts\/52287\/revisions\/52289"}],"wp:featuredmedia":[{"embeddable":true,"href":"https:\/\/www.turistamagazine.com\/v2\/index.php?rest_route=\/wp\/v2\/media\/52284"}],"wp:attachment":[{"href":"https:\/\/www.turistamagazine.com\/v2\/index.php?rest_route=%2Fwp%2Fv2%2Fmedia&parent=52287"}],"wp:term":[{"taxonomy":"category","embeddable":true,"href":"https:\/\/www.turistamagazine.com\/v2\/index.php?rest_route=%2Fwp%2Fv2%2Fcategories&post=52287"},{"taxonomy":"post_tag","embeddable":true,"href":"https:\/\/www.turistamagazine.com\/v2\/index.php?rest_route=%2Fwp%2Fv2%2Ftags&post=52287"}],"curies":[{"name":"wp","href":"https:\/\/api.w.org\/{rel}","templated":true}]}}