{"id":52283,"date":"2021-08-02T12:30:49","date_gmt":"2021-08-02T17:30:49","guid":{"rendered":"https:\/\/www.turistamagazine.com\/v2\/?p=52283"},"modified":"2021-08-02T12:42:40","modified_gmt":"2021-08-02T17:42:40","slug":"presidente-castillo-para-fortalecer-e-incentivar-el-turismo-se-contara-con-el-sector-privado","status":"publish","type":"post","link":"https:\/\/www.turistamagazine.com\/v2\/?p=52283","title":{"rendered":"PRESIDENTE CASTILLO: PARA FORTALECER \u00a0E INCENTIVAR EL TURISMO SE CONTAR\u00c1 CON EL SECTOR PRIVADO"},"content":{"rendered":"<p style=\"text-align: center;\"><span style=\"color: #800080;\"><em><strong>Construcci\u00f3n del \u00a0Tren Grau, que conectar\u00eda la costa del pa\u00eds, desde Tumbes a Tacna, y del Tren Inca, que unir\u00eda la sierra entre Cajamarca y Puno<\/strong><\/em><\/span><\/p>\n<p style=\"text-align: justify;\"><span style=\"color: #333399;\"><em><strong>02\/08\/ 2021\/Lima.-Durante el mensaje a la naci\u00f3n del presidente Pedro Castillo, en torno al sector turismo, anunci\u00f3 que el gobierno generar\u00e1 un fondo de inversi\u00f3n en turismo de 500 millones de soles, con cofinanciamiento de los gobiernos subnacionales.<\/strong><\/em><\/span><\/p>\n<p style=\"text-align: justify;\"><span style=\"color: #800080;\"><em><strong>Del mismo modo, en el discurso, se mencion\u00f3 que se impulsar\u00e1n iniciativas privadas para la construcci\u00f3n del Tren Grau, que conectar\u00eda la costa del pa\u00eds, desde Tumbes a Tacna, y del Tren Inca, que unir\u00eda la sierra entre Cajamarca y Puno. El enfoque es de comunicaci\u00f3n, articulaci\u00f3n de mercados y promoci\u00f3n del turismo.<\/strong><\/em><\/span><\/p>\n<p style=\"text-align: justify;\"><em><strong><span style=\"color: #333399;\">El presidente\u00a0 Castillo afirm\u00f3 que su pr\u00f3xima gesti\u00f3n destinar\u00e1 presupuesto no solamente para el turismo, sino para garantizar que las v\u00edas de comunicaci\u00f3n est\u00e9n expeditas para el traslado de los productos de todas las regiones del pa\u00eds<\/span><\/strong><\/em><\/p>\n<p style=\"text-align: justify;\"><span style=\"color: #333399;\"><em><strong>En materia de comercio exterior, se impulsar\u00e1 la apertura de mercados de comercio bilateral y de integraci\u00f3n regional, mejorando la exportaci\u00f3n e ingreso de divisas. En el caso de los TLC, se buscar\u00e1 mejorarlos desde los intereses del pa\u00eds. En ese sentido, ser\u00e1 clave reforzar la presencia en los mercados de China, EE. UU., M\u00e9xico, Brasil, Alemania y la India.<\/strong><\/em><\/span><\/p>\n","protected":false},"excerpt":{"rendered":"<p>Construcci\u00f3n del \u00a0Tren Grau, que conectar\u00eda la costa del pa\u00eds, desde Tumbes a Tacna, y del Tren Inca, que unir\u00eda la sierra entre Cajamarca y Puno 02\/08\/ 2021\/Lima.-Durante el mensaje a la naci\u00f3n del presidente Pedro Castillo, en torno al sector turismo, anunci\u00f3 que el gobierno generar\u00e1 un fondo de inversi\u00f3n en turismo de 500 millones de soles, con cofinanciamiento de los gobiernos subnacionales. Del mismo modo, en el discurso, se mencion\u00f3 que se impulsar\u00e1n iniciativas privadas para la construcci\u00f3n del Tren Grau, que conectar\u00eda la costa del pa\u00eds, desde Tumbes a Tacna, y del Tren Inca, que unir\u00eda la&#8230;<\/p>\n","protected":false},"author":1,"featured_media":52290,"comment_status":"open","ping_status":"open","sticky":false,"template":"","format":"standard","meta":{"footnotes":""},"categories":[4,82],"tags":[10635,11077,10219,10556],"class_list":["post-52283","post","type-post","status-publish","format-standard","has-post-thumbnail","hentry","category-breaking-news","category-nacionales","tag-elenahonoresdirectora","tag-pedrocastillo","tag-semanarioturistamagazine","tag-turismagazine"],"_links":{"self":[{"href":"https:\/\/www.turistamagazine.com\/v2\/index.php?rest_route=\/wp\/v2\/posts\/52283","targetHints":{"allow":["GET"]}}],"collection":[{"href":"https:\/\/www.turistamagazine.com\/v2\/index.php?rest_route=\/wp\/v2\/posts"}],"about":[{"href":"https:\/\/www.turistamagazine.com\/v2\/index.php?rest_route=\/wp\/v2\/types\/post"}],"author":[{"embeddable":true,"href":"https:\/\/www.turistamagazine.com\/v2\/index.php?rest_route=\/wp\/v2\/users\/1"}],"replies":[{"embeddable":true,"href":"https:\/\/www.turistamagazine.com\/v2\/index.php?rest_route=%2Fwp%2Fv2%2Fcomments&post=52283"}],"version-history":[{"count":2,"href":"https:\/\/www.turistamagazine.com\/v2\/index.php?rest_route=\/wp\/v2\/posts\/52283\/revisions"}],"predecessor-version":[{"id":52292,"href":"https:\/\/www.turistamagazine.com\/v2\/index.php?rest_route=\/wp\/v2\/posts\/52283\/revisions\/52292"}],"wp:featuredmedia":[{"embeddable":true,"href":"https:\/\/www.turistamagazine.com\/v2\/index.php?rest_route=\/wp\/v2\/media\/52290"}],"wp:attachment":[{"href":"https:\/\/www.turistamagazine.com\/v2\/index.php?rest_route=%2Fwp%2Fv2%2Fmedia&parent=52283"}],"wp:term":[{"taxonomy":"category","embeddable":true,"href":"https:\/\/www.turistamagazine.com\/v2\/index.php?rest_route=%2Fwp%2Fv2%2Fcategories&post=52283"},{"taxonomy":"post_tag","embeddable":true,"href":"https:\/\/www.turistamagazine.com\/v2\/index.php?rest_route=%2Fwp%2Fv2%2Ftags&post=52283"}],"curies":[{"name":"wp","href":"https:\/\/api.w.org\/{rel}","templated":true}]}}