{"id":52113,"date":"2021-07-22T10:33:55","date_gmt":"2021-07-22T15:33:55","guid":{"rendered":"https:\/\/www.turistamagazine.com\/v2\/?p=52113"},"modified":"2021-07-22T10:43:10","modified_gmt":"2021-07-22T15:43:10","slug":"se-reinicia-vuelo-panama-chiclayo-como-parte-de-la-reactivacion-del-turismo","status":"publish","type":"post","link":"https:\/\/www.turistamagazine.com\/v2\/?p=52113","title":{"rendered":"SE REINICIA VUELO PANAM\u00c1-CHICLAYO COMO PARTE DE LA REACTIVACI\u00d3N DEL TURISMO"},"content":{"rendered":"<p style=\"text-align: center;\"><span style=\"color: #800080;\"><em><strong>Vuelo operado por Copa Airlines se suspendi\u00f3 en marzo del 2020 debido a la pandemia del COVID-19.<\/strong><\/em><\/span><\/p>\n<p style=\"text-align: center;\"><span style=\"color: #800080;\"><em><strong>Aerol\u00ednea arribar\u00e1 a la ciudad del norte dos veces por semana durante la ma\u00f1ana: los martes y los viernes.<\/strong><\/em><\/span><\/p>\n<p style=\"text-align: justify;\"><span style=\"color: #333399;\"><em><strong>22\/07\/2021\/ Chiclayo.- Como muestra de la reactivaci\u00f3n paulatina y responsable del sector turismo en nuestro pa\u00eds, la aerol\u00ednea Copa Airlines reinici\u00f3 hoy las operaciones del vuelo sin escalas que une Panam\u00e1 con Chiclayo (Lambayeque), tras haber sido suspendido en marzo del a\u00f1o pasado como consecuencia del COVID-19.<\/strong><\/em><\/span><\/p>\n<p style=\"text-align: justify;\"><span style=\"color: #800080;\"><em><strong>El vuelo tiene una duraci\u00f3n de unas 2:40 horas, y ser\u00e1 operado los martes y viernes durante la ma\u00f1ana. Como se sabe, el terminal a\u00e9reo internacional de Tocumen de Panam\u00e1 es un importante hub internacional, lo que permitir\u00e1 a los viajeros de diferentes partes del globo llegar a la macrorregi\u00f3n norte del Per\u00fa, para disfrutar de nuestros principales atractivos tur\u00edsticos, nuestra reconocida gastronom\u00eda o generar negocios.<\/strong><\/em><\/span><\/p>\n<p style=\"text-align: justify;\"><span style=\"color: #333399;\"><em><strong>Lambayeque recibi\u00f3 a mediados de junio el sello Safe Travels, gracias al trabajo articulado entre los sectores p\u00fablico y privado para garantizar a los viajeros que la regi\u00f3n cumple con los protocolos de bioseguridad. Los destinos que recibieron este distintivo internacional pertenecen al Circuito Sip\u00e1n, la Ruta Sic\u00e1n-Bosques y Pir\u00e1mides de Lambayeque, Circuito Chaparr\u00ed, Circuito Za\u00f1a y el muelle de Pimentel.<\/strong><\/em><\/span><\/p>\n<div id=\"attachment_52117\" style=\"width: 640px\" class=\"wp-caption aligncenter\"><a href=\"https:\/\/www.turistamagazine.com\/v2\/wp-content\/uploads\/2021\/07\/131740190_181n.jpg\"><img decoding=\"async\" aria-describedby=\"caption-attachment-52117\" class=\"wp-image-52117\" src=\"https:\/\/www.turistamagazine.com\/v2\/wp-content\/uploads\/2021\/07\/131740190_181n.jpg\" alt=\"Un collar de frutos de man\u00ed en oro y plata que representa la dualidad mochica, el oro asociado al sol, el d\u00eda y lo masculino; la plata, a la luna, la noche y lo femenino; y los frutos del man\u00ed que se vinculan al culto a los muertos. El  Se\u00f1or de Sip\u00e1n, antiguo gobernante de Per\u00fa del siglo XIII, se puede apreciar  en el museo Tumbas Reales, en la ciudad de Lambayeque. La tumba del Se\u00f1or de Sip\u00e1n fue descubierta el 25 de julio de 1987.\/F\/(Xinhua\/Luis Camacho).\" width=\"630\" height=\"394\" srcset=\"https:\/\/www.turistamagazine.com\/v2\/wp-content\/uploads\/2021\/07\/131740190_181n.jpg 640w, https:\/\/www.turistamagazine.com\/v2\/wp-content\/uploads\/2021\/07\/131740190_181n-300x188.jpg 300w, https:\/\/www.turistamagazine.com\/v2\/wp-content\/uploads\/2021\/07\/131740190_181n-610x381.jpg 610w, https:\/\/www.turistamagazine.com\/v2\/wp-content\/uploads\/2021\/07\/131740190_181n-158x100.jpg 158w\" sizes=\"(max-width: 630px) 100vw, 630px\" \/><\/a><p id=\"caption-attachment-52117\" class=\"wp-caption-text\"><span style=\"color: #333399;\"><em><strong>Un collar de frutos de man\u00ed en oro y plata que representa la dualidad mochica, el oro asociado al sol, el d\u00eda y lo masculino; la plata, a la luna, la noche y lo femenino; y los frutos del man\u00ed que se vinculan al culto a los muertos. El Se\u00f1or de Sip\u00e1n, antiguo gobernante de Per\u00fa del siglo XIII, se puede apreciar en el museo Tumbas Reales, en la ciudad de Lambayeque. La tumba del Se\u00f1or de Sip\u00e1n fue descubierta el 25 de julio de 1987.\/F\/(Xinhua\/Luis Camacho).<\/strong><\/em><\/span><\/p><\/div>\n<p style=\"text-align: center;\"><span style=\"color: #800080;\"><em><strong>PROMOCI\u00d3N INTERNACIONAL<\/strong><\/em><\/span><\/p>\n<p style=\"text-align: justify;\"><span style=\"color: #333399;\"><em><strong>Per\u00fa y Panam\u00e1 mantienen excelentes relaciones bilaterales. Gracias a un acuerdo comercial vigente desde 2012, se ha logrado generar oportunidades de negocios, inversiones y crear empleos, siendo los sectores agropecuario, qu\u00edmico y metalmec\u00e1nico los que tienen mayor dinamismo.<\/strong><\/em><\/span><\/p>\n<p style=\"text-align: justify;\"><span style=\"color: #333399;\"><em><strong>En ese sentido, las acciones de promoci\u00f3n del Per\u00fa en ese importante mercado no han cesado. Como se recuerda, en marzo del 2019 se realiz\u00f3 la muestra \u2018Sip\u00e1n: Misterio y Esplendor en el norte del Per\u00fa\u2019, que expuso r\u00e9plicas de 54 piezas (joyas y ornamentos), seis maniqu\u00edes y cuatro cabinas funerarias correspondientes a la Tumba del Se\u00f1or de Sip\u00e1n en el terminal a\u00e9reo de Tocumen y en el Albrook Mall, el centro comercial m\u00e1s grande del pa\u00eds caribe\u00f1o.<\/strong><\/em><\/span><\/p>\n<p style=\"text-align: justify;\"><span style=\"color: #800080;\"><em><strong>Asimismo, PROMPER\u00da cuenta con una oficina comercial en Panam\u00e1, lo que permite amplificar las oportunidades de negocio entre ambos pa\u00edses.<\/strong><\/em><\/span><\/p>\n","protected":false},"excerpt":{"rendered":"<p>Vuelo operado por Copa Airlines se suspendi\u00f3 en marzo del 2020 debido a la pandemia del COVID-19. Aerol\u00ednea arribar\u00e1 a la ciudad del norte dos veces por semana durante la ma\u00f1ana: los martes y los viernes. 22\/07\/2021\/ Chiclayo.- Como muestra de la reactivaci\u00f3n paulatina y responsable del sector turismo en nuestro pa\u00eds, la aerol\u00ednea Copa Airlines reinici\u00f3 hoy las operaciones del vuelo sin escalas que une Panam\u00e1 con Chiclayo (Lambayeque), tras haber sido suspendido en marzo del a\u00f1o pasado como consecuencia del COVID-19. El vuelo tiene una duraci\u00f3n de unas 2:40 horas, y ser\u00e1 operado los martes y viernes durante&#8230;<\/p>\n","protected":false},"author":1,"featured_media":52114,"comment_status":"open","ping_status":"open","sticky":false,"template":"","format":"standard","meta":{"footnotes":""},"categories":[4,82],"tags":[10784,10635,11239,10219,10556],"class_list":["post-52113","post","type-post","status-publish","format-standard","has-post-thumbnail","hentry","category-breaking-news","category-nacionales","tag-copaairlines","tag-elenahonoresdirectora","tag-panama-chiclayo","tag-semanarioturistamagazine","tag-turismagazine"],"_links":{"self":[{"href":"https:\/\/www.turistamagazine.com\/v2\/index.php?rest_route=\/wp\/v2\/posts\/52113","targetHints":{"allow":["GET"]}}],"collection":[{"href":"https:\/\/www.turistamagazine.com\/v2\/index.php?rest_route=\/wp\/v2\/posts"}],"about":[{"href":"https:\/\/www.turistamagazine.com\/v2\/index.php?rest_route=\/wp\/v2\/types\/post"}],"author":[{"embeddable":true,"href":"https:\/\/www.turistamagazine.com\/v2\/index.php?rest_route=\/wp\/v2\/users\/1"}],"replies":[{"embeddable":true,"href":"https:\/\/www.turistamagazine.com\/v2\/index.php?rest_route=%2Fwp%2Fv2%2Fcomments&post=52113"}],"version-history":[{"count":3,"href":"https:\/\/www.turistamagazine.com\/v2\/index.php?rest_route=\/wp\/v2\/posts\/52113\/revisions"}],"predecessor-version":[{"id":52118,"href":"https:\/\/www.turistamagazine.com\/v2\/index.php?rest_route=\/wp\/v2\/posts\/52113\/revisions\/52118"}],"wp:featuredmedia":[{"embeddable":true,"href":"https:\/\/www.turistamagazine.com\/v2\/index.php?rest_route=\/wp\/v2\/media\/52114"}],"wp:attachment":[{"href":"https:\/\/www.turistamagazine.com\/v2\/index.php?rest_route=%2Fwp%2Fv2%2Fmedia&parent=52113"}],"wp:term":[{"taxonomy":"category","embeddable":true,"href":"https:\/\/www.turistamagazine.com\/v2\/index.php?rest_route=%2Fwp%2Fv2%2Fcategories&post=52113"},{"taxonomy":"post_tag","embeddable":true,"href":"https:\/\/www.turistamagazine.com\/v2\/index.php?rest_route=%2Fwp%2Fv2%2Ftags&post=52113"}],"curies":[{"name":"wp","href":"https:\/\/api.w.org\/{rel}","templated":true}]}}