{"id":52025,"date":"2021-07-16T09:26:45","date_gmt":"2021-07-16T14:26:45","guid":{"rendered":"https:\/\/www.turistamagazine.com\/v2\/?p=52025"},"modified":"2021-07-16T09:31:26","modified_gmt":"2021-07-16T14:31:26","slug":"grecia-la-gran-artifice-del-certificado-covid-digital-que-entro-en-vigor-el-1-de-julio","status":"publish","type":"post","link":"https:\/\/www.turistamagazine.com\/v2\/?p=52025","title":{"rendered":"GRECIA, LA GRAN ART\u00cdFICE DEL CERTIFICADO COVID DIGITAL QUE ENTR\u00d3 EN VIGOR EL 1 DE JULIO"},"content":{"rendered":"<p style=\"text-align: justify;\"><span style=\"color: #333399;\"><em><strong>16\/07\/2021\/Grecia.- Todos los ciudadanos que vivan en Europa tendr\u00e1n la posibilidad de viajar m\u00e1s c\u00f3modos con este documento que podr\u00e1 utilizarse tambi\u00e9n en papel. La idea de un <span style=\"color: #800080;\">\u00abpasaporte covid\u00bb<\/span> fue propuesta por primera vez por el primer ministro de Grecia, Kyriakos Mitsotakis, en marzo.<\/strong><\/em><\/span><\/p>\n<p style=\"text-align: justify;\"><span style=\"color: #333399;\"><em><strong>\u00abEl certificado digital europeo, que fue una sugerencia de nuestro primer ministro, es algo que todos los ministros europeos estuvimos impulsando desde hace meses. Entendemos que es una necesidad y un gran logro acordar este objetivo com\u00fan, ya que ayudar\u00e1 a cada ciudadano europeo a moverse de pa\u00eds a pa\u00eds de la mejor manera posible\u00bb, explic\u00f3 Vasilis Kikilias, ministro de Sanidad de Grecia.<\/strong><\/em><\/span><\/p>\n<p style=\"text-align: justify;\"><span style=\"color: #800080;\"><em><strong>Un certificado covid digital de la UE es una prueba, mediante c\u00f3digos QR, de que una persona:<\/strong><\/em><\/span><\/p>\n<p style=\"text-align: justify;\"><span style=\"color: #800080;\"><em><strong>Ha sido vacunada contra COVID-19<\/strong><\/em><\/span><\/p>\n<p style=\"text-align: justify;\"><span style=\"color: #800080;\"><em><strong>Ha recibido un resultado negativo en las pruebas<\/strong><\/em><\/span><\/p>\n<p style=\"text-align: justify;\"><span style=\"color: #800080;\"><em><strong>Se ha recuperado del virus<\/strong><\/em><\/span><\/p>\n<p style=\"text-align: justify;\"><span style=\"color: #333399;\"><em><strong>Quienes est\u00e9n en posesi\u00f3n del certificado estar\u00e1n, en principio, exentos de las restricciones a la libre circulaci\u00f3n, a menos que se apliquen por razones de seguridad.<\/strong><\/em><\/span><\/p>\n<p style=\"text-align: justify;\"><span style=\"color: #333399;\"><em><strong>El ministro griego de Gobernanza Digital, Kyriakos Pierrakakis, dijo que este tipo de certificado podr\u00eda implementarse en otros sectores de la vida de la Uni\u00f3n Europea<\/strong><\/em><\/span>.<\/p>\n<p style=\"text-align: justify;\"><span style=\"color: #800080;\"><em><strong>\u00abFunciona como una v\u00eda r\u00e1pida en la frontera, donde se puede cruzar m\u00e1s f\u00e1cilmente, y esto es muy significativo para el restablecimiento de los viajes, del buen funcionamiento del turismo, que es sumamente importante para nosotros\u00bb.<\/strong><\/em><\/span><\/p>\n<p style=\"text-align: justify;\"><span style=\"color: #333399;\"><em><strong>\u00abEs probablemente uno de los mayores proyectos de interoperabilidad en toda la UE y esto resultar\u00e1 muy significativo a la hora de avanzar en nuestra pol\u00edtica digital global. Por ejemplo, necesitamos interoperabilidad en nuestros sistemas de pensiones, en nuestros sistemas sanitarios y cuando se viaja de un Estado miembro a otro. Hemos demostrado muy r\u00e1pidamente que podemos establecer la interoperabilidad en nuestros sistemas nacionales. Lo hicimos en este in\u00e9dito caso con el certificado COVID digital, tenemos que hacerlo en todos los sectores\u00bb, agreg\u00f3.<\/strong><\/em><\/span><\/p>\n<p style=\"text-align: justify;\"><span style=\"color: #333399;\"><em><strong>Pero las principales aerol\u00edneas y aeropuertos europeos han expresado su preocupaci\u00f3n por las largas colas que se producir\u00e1n en los pr\u00f3ximos d\u00edas, ya que ser\u00e1 necesario realizar controles adicionales cuando viajen los ciudadanos europeos.<\/strong><\/em><\/span><\/p>\n<p style=\"text-align: justify;\">\n<p>Euronews\/Fuentes adicionales \u2022 Adaptado por Blanca Castro<\/p>\n<p>&nbsp;<\/p>\n","protected":false},"excerpt":{"rendered":"<p>16\/07\/2021\/Grecia.- Todos los ciudadanos que vivan en Europa tendr\u00e1n la posibilidad de viajar m\u00e1s c\u00f3modos con este documento que podr\u00e1 utilizarse tambi\u00e9n en papel. La idea de un \u00abpasaporte covid\u00bb fue propuesta por primera vez por el primer ministro de Grecia, Kyriakos Mitsotakis, en marzo. \u00abEl certificado digital europeo, que fue una sugerencia de nuestro primer ministro, es algo que todos los ministros europeos estuvimos impulsando desde hace meses. Entendemos que es una necesidad y un gran logro acordar este objetivo com\u00fan, ya que ayudar\u00e1 a cada ciudadano europeo a moverse de pa\u00eds a pa\u00eds de la mejor manera posible\u00bb,&#8230;<\/p>\n","protected":false},"author":1,"featured_media":49363,"comment_status":"open","ping_status":"open","sticky":false,"template":"","format":"standard","meta":{"footnotes":""},"categories":[4,84],"tags":[11221,10635,10556,10818,3258],"class_list":["post-52025","post","type-post","status-publish","format-standard","has-post-thumbnail","hentry","category-breaking-news","category-internacionales","tag-certificadocovid","tag-elenahonoresdirectora","tag-turismagazine","tag-unioneuropea","tag-grecia"],"_links":{"self":[{"href":"https:\/\/www.turistamagazine.com\/v2\/index.php?rest_route=\/wp\/v2\/posts\/52025","targetHints":{"allow":["GET"]}}],"collection":[{"href":"https:\/\/www.turistamagazine.com\/v2\/index.php?rest_route=\/wp\/v2\/posts"}],"about":[{"href":"https:\/\/www.turistamagazine.com\/v2\/index.php?rest_route=\/wp\/v2\/types\/post"}],"author":[{"embeddable":true,"href":"https:\/\/www.turistamagazine.com\/v2\/index.php?rest_route=\/wp\/v2\/users\/1"}],"replies":[{"embeddable":true,"href":"https:\/\/www.turistamagazine.com\/v2\/index.php?rest_route=%2Fwp%2Fv2%2Fcomments&post=52025"}],"version-history":[{"count":4,"href":"https:\/\/www.turistamagazine.com\/v2\/index.php?rest_route=\/wp\/v2\/posts\/52025\/revisions"}],"predecessor-version":[{"id":52029,"href":"https:\/\/www.turistamagazine.com\/v2\/index.php?rest_route=\/wp\/v2\/posts\/52025\/revisions\/52029"}],"wp:featuredmedia":[{"embeddable":true,"href":"https:\/\/www.turistamagazine.com\/v2\/index.php?rest_route=\/wp\/v2\/media\/49363"}],"wp:attachment":[{"href":"https:\/\/www.turistamagazine.com\/v2\/index.php?rest_route=%2Fwp%2Fv2%2Fmedia&parent=52025"}],"wp:term":[{"taxonomy":"category","embeddable":true,"href":"https:\/\/www.turistamagazine.com\/v2\/index.php?rest_route=%2Fwp%2Fv2%2Fcategories&post=52025"},{"taxonomy":"post_tag","embeddable":true,"href":"https:\/\/www.turistamagazine.com\/v2\/index.php?rest_route=%2Fwp%2Fv2%2Ftags&post=52025"}],"curies":[{"name":"wp","href":"https:\/\/api.w.org\/{rel}","templated":true}]}}