{"id":51916,"date":"2021-07-09T10:32:56","date_gmt":"2021-07-09T15:32:56","guid":{"rendered":"https:\/\/www.turistamagazine.com\/v2\/?p=51916"},"modified":"2021-07-09T10:33:11","modified_gmt":"2021-07-09T15:33:11","slug":"bandera-del-bicentenario-en-la-cima-del-en-nevado-huascaran","status":"publish","type":"post","link":"https:\/\/www.turistamagazine.com\/v2\/?p=51916","title":{"rendered":"\u201cBANDERA DEL BICENTENARIO\u201d \u00a0EN LA CIMA DEL NEVADO HUASCAR\u00c1N"},"content":{"rendered":"<p style=\"text-align: center;\"><span style=\"color: #800080;\"><strong><em>Expedici\u00f3n al Huascar\u00e1n: parte comisi\u00f3n que colocar\u00e1 \u201cbandera del bicentenario\u201d en nevado<\/em><\/strong><\/span><\/p>\n<p style=\"text-align: justify;\"><span style=\"color: #333399;\"><strong><em>09\/07\/2021\/ \u00c1ncash .-El camino para hacer flamear la bicolor en lo m\u00e1s alto del imponente nevado Huascar\u00e1n, en \u00c1ncash, ha iniciado. Parti\u00f3 desde la comunidad de Mitimaes, en la provincia de Carhuaz, la comisi\u00f3n que forma parte de la actividad de turismo y aventura denominada Expedici\u00f3n al Huascar\u00e1n 2021.<\/em><\/strong><\/span><\/p>\n<p style=\"text-align: justify;\"><span style=\"color: #333399;\"><strong><em>La comisi\u00f3n de la Expedici\u00f3n al Huascar\u00e1n est\u00e1 conformada por 27 monta\u00f1istas y algunas comitivas de la prensa nacional, quienes inmortalizar\u00e1n con sus c\u00e1maras y cr\u00f3nicas el momento en el que la bandera del bicentenario sea colocada en la cumbre del nevado, en el marco de los 200 a\u00f1os de la Independencia del Per\u00fa.<\/em><\/strong><\/span><\/p>\n<p><a href=\"https:\/\/www.turistamagazine.com\/v2\/wp-content\/uploads\/2021\/07\/expedicion.jpg\"><img decoding=\"async\" class=\"wp-image-51917 aligncenter\" src=\"https:\/\/www.turistamagazine.com\/v2\/wp-content\/uploads\/2021\/07\/expedicion.jpg\" alt=\"\" width=\"630\" height=\"284\" srcset=\"https:\/\/www.turistamagazine.com\/v2\/wp-content\/uploads\/2021\/07\/expedicion.jpg 640w, https:\/\/www.turistamagazine.com\/v2\/wp-content\/uploads\/2021\/07\/expedicion-300x135.jpg 300w, https:\/\/www.turistamagazine.com\/v2\/wp-content\/uploads\/2021\/07\/expedicion-610x275.jpg 610w\" sizes=\"(max-width: 630px) 100vw, 630px\" \/><\/a><\/p>\n<p style=\"text-align: justify;\"><span style=\"color: #800080;\"><strong><em>El alcalde provincial de Huaraz, Rori Mautino, destac\u00f3 que esta expedici\u00f3n constituye una actividad llena de patriotismo y tambi\u00e9n un buen aporte para la reactivaci\u00f3n econ\u00f3mica, espec\u00edficamente, del sector turismo, uno de los m\u00e1s golpeados por la crisis sanitaria.<\/em><\/strong><\/span><\/p>\n<p style=\"text-align: justify;\"><span style=\"color: #333399;\"><strong><em>El cierre de la actividad est\u00e1 previsto para el mi\u00e9rcoles 14 de julio, la calida ciudad de Huaraz, ser\u00e1 la anfitriona de los actos de cierre.<\/em><\/strong><\/span><\/p>\n<p style=\"text-align: justify;\"><span style=\"color: #333399;\"><strong><em>El proyecto Expedici\u00f3n al Huascar\u00e1n 2021, es liderado por el destacado monta\u00f1ista huaracino, V\u00edctor R\u00edmac, quien detall\u00f3 que el objetivo es colocar una bandera del Per\u00fa de 200 metros para que pueda ser apreciada por todo el Callej\u00f3n de Huaylas.<\/em><\/strong><\/span><\/p>\n<p style=\"text-align: justify;\"><span style=\"color: #333399;\"><strong><em>Esta iniciativa por el bicentenario del pa\u00eds es el resultado de una alianza entre la comuna de Huaraz, la Asociaci\u00f3n de Gu\u00edas de Monta\u00f1a del Per\u00fa, Polic\u00eda Nacional del Per\u00fa, Parque Nacional Huascar\u00e1n; y municipalidades de la zona, como Huari y Carhuaz.<\/em><\/strong><\/span><\/p>\n<p>&nbsp;<\/p>\n<p>ANDINA\/Difusi\u00f3n<\/p>\n","protected":false},"excerpt":{"rendered":"<p>Expedici\u00f3n al Huascar\u00e1n: parte comisi\u00f3n que colocar\u00e1 \u201cbandera del bicentenario\u201d en nevado 09\/07\/2021\/ \u00c1ncash .-El camino para hacer flamear la bicolor en lo m\u00e1s alto del imponente nevado Huascar\u00e1n, en \u00c1ncash, ha iniciado. Parti\u00f3 desde la comunidad de Mitimaes, en la provincia de Carhuaz, la comisi\u00f3n que forma parte de la actividad de turismo y aventura denominada Expedici\u00f3n al Huascar\u00e1n 2021. La comisi\u00f3n de la Expedici\u00f3n al Huascar\u00e1n est\u00e1 conformada por 27 monta\u00f1istas y algunas comitivas de la prensa nacional, quienes inmortalizar\u00e1n con sus c\u00e1maras y cr\u00f3nicas el momento en el que la bandera del bicentenario sea colocada en la&#8230;<\/p>\n","protected":false},"author":1,"featured_media":0,"comment_status":"open","ping_status":"open","sticky":false,"template":"","format":"standard","meta":{"footnotes":""},"categories":[4,82],"tags":[11199,10635,11198,10219,10556],"class_list":["post-51916","post","type-post","status-publish","format-standard","hentry","category-breaking-news","category-nacionales","tag-banderadelbicentenario","tag-elenahonoresdirectora","tag-nevadohuascaran","tag-semanarioturistamagazine","tag-turismagazine"],"_links":{"self":[{"href":"https:\/\/www.turistamagazine.com\/v2\/index.php?rest_route=\/wp\/v2\/posts\/51916","targetHints":{"allow":["GET"]}}],"collection":[{"href":"https:\/\/www.turistamagazine.com\/v2\/index.php?rest_route=\/wp\/v2\/posts"}],"about":[{"href":"https:\/\/www.turistamagazine.com\/v2\/index.php?rest_route=\/wp\/v2\/types\/post"}],"author":[{"embeddable":true,"href":"https:\/\/www.turistamagazine.com\/v2\/index.php?rest_route=\/wp\/v2\/users\/1"}],"replies":[{"embeddable":true,"href":"https:\/\/www.turistamagazine.com\/v2\/index.php?rest_route=%2Fwp%2Fv2%2Fcomments&post=51916"}],"version-history":[{"count":2,"href":"https:\/\/www.turistamagazine.com\/v2\/index.php?rest_route=\/wp\/v2\/posts\/51916\/revisions"}],"predecessor-version":[{"id":51919,"href":"https:\/\/www.turistamagazine.com\/v2\/index.php?rest_route=\/wp\/v2\/posts\/51916\/revisions\/51919"}],"wp:attachment":[{"href":"https:\/\/www.turistamagazine.com\/v2\/index.php?rest_route=%2Fwp%2Fv2%2Fmedia&parent=51916"}],"wp:term":[{"taxonomy":"category","embeddable":true,"href":"https:\/\/www.turistamagazine.com\/v2\/index.php?rest_route=%2Fwp%2Fv2%2Fcategories&post=51916"},{"taxonomy":"post_tag","embeddable":true,"href":"https:\/\/www.turistamagazine.com\/v2\/index.php?rest_route=%2Fwp%2Fv2%2Ftags&post=51916"}],"curies":[{"name":"wp","href":"https:\/\/api.w.org\/{rel}","templated":true}]}}