{"id":51886,"date":"2021-07-08T18:54:55","date_gmt":"2021-07-08T23:54:55","guid":{"rendered":"https:\/\/www.turistamagazine.com\/v2\/?p=51886"},"modified":"2021-07-14T17:26:24","modified_gmt":"2021-07-14T22:26:24","slug":"ecos-turisticos-y-mas-del-peru-y-del-mundo","status":"publish","type":"post","link":"https:\/\/www.turistamagazine.com\/v2\/?p=51886","title":{"rendered":"ECOS TUR\u00cdSTICOS Y M\u00c1S\u2026 DEL PER\u00da Y DEL MUNDO\u2026"},"content":{"rendered":"<p style=\"text-align: justify;\"><span style=\"color: #333399;\"><em><strong><span style=\"color: #800080;\">RAFAELLA CARR\u00c1.-<\/span> Muy sentida la partida de esta gran e inolvidable artista, que encant\u00f3 a medio mundo incluyendo esta parte del continente, que nos hizo pasar muy gratos momentos con sus canciones y programas de entretenimiento, y su especial forma de hablar espa\u00f1ol\u2026 Miles de personas han desfilado ante el austero f\u00e9retro \u00a0de madera con un peque\u00f1o ramo de rosas amarillas para despedirse de ella. Muchos son los que lloran a no solo a la cantante, sino tambi\u00e9n a lo que simboliz\u00f3, un soplo de libertad y de vida, que se convirti\u00f3 en inspiraci\u00f3n del movimiento homosexual\u2026 <span style=\"color: #800080;\">ADIOS RAFAELLA\u2026CRUZASTE EL UMBRAL DE UN MUNDO MEJOR\u2026<\/span><\/strong><\/em><\/span><\/p>\n<p><a href=\"https:\/\/www.turistamagazine.com\/v2\/wp-content\/uploads\/2021\/07\/000787107W.jpg\"><img decoding=\"async\" class=\"wp-image-51888 aligncenter\" src=\"https:\/\/www.turistamagazine.com\/v2\/wp-content\/uploads\/2021\/07\/000787107W.jpg\" alt=\"\" width=\"400\" height=\"267\" srcset=\"https:\/\/www.turistamagazine.com\/v2\/wp-content\/uploads\/2021\/07\/000787107W.jpg 640w, https:\/\/www.turistamagazine.com\/v2\/wp-content\/uploads\/2021\/07\/000787107W-300x200.jpg 300w, https:\/\/www.turistamagazine.com\/v2\/wp-content\/uploads\/2021\/07\/000787107W-630x420.jpg 630w, https:\/\/www.turistamagazine.com\/v2\/wp-content\/uploads\/2021\/07\/000787107W-610x407.jpg 610w\" sizes=\"(max-width: 400px) 100vw, 400px\" \/><\/a><\/p>\n<p>&nbsp;<\/p>\n<p style=\"text-align: justify;\"><span style=\"color: #333399;\"><em><strong><span style=\"color: #800080;\">EL TURISMO INTERNO.-<\/span> Sabemos que el turismo interno es la base del desarrollo del turismo en un pa\u00eds, puesto que genera \u00a0movimiento\u00a0interno de\u00a0las personas, origina variaciones en los mercados\u00a0de\u00a0consumo, genera amplias oportunidades\u00a0de\u00a0empleo, especialmente en zonas rurales, habr\u00eda un movimiento econ\u00f3mica capaz de paliar y de gran forma, si es que se sabe promocionar y trabajar bien \u00a0todo el desastre econ\u00f3mico generado por las famosas <span style=\"color: #800080;\">\u201cmedidas preventivas\u201d<\/span>\u2026 La <span style=\"color: #800080;\">(OMT<\/span>) resalta la relevancia del turismo interno, frente al internacional, para la recuperaci\u00f3n de las consecuencias sociales y econ\u00f3micas de la pandemia de coronavirus. \u00a0O, sea, que ha ponerse creativos con programas y precios convenientes \u2026 puesto que la lucha por atraer a turistas extranjero va a ser una batalla contra el mundo puesto que todos los pa\u00edses \u00a0est\u00e1n en las mismas condiciones\u2026 y la torta sigue siendo la misma\u2026 <span style=\"color: #800080;\">A RECORDAR AQUEL ESLOGAN\u2026 CONOZCA EL PER\u00da PRIMERO ANTES DE IRSE AL EXTRANJERO&#8230;<\/span><\/strong><\/em><\/span><\/p>\n<p><a href=\"https:\/\/www.turistamagazine.com\/v2\/wp-content\/uploads\/2021\/05\/Machupicchu-FOTOS-DE-ARCHIVO-2.jpg\"><img decoding=\"async\" class=\"wp-image-50801 aligncenter\" src=\"https:\/\/www.turistamagazine.com\/v2\/wp-content\/uploads\/2021\/05\/Machupicchu-FOTOS-DE-ARCHIVO-2.jpg\" alt=\"\" width=\"400\" height=\"267\" srcset=\"https:\/\/www.turistamagazine.com\/v2\/wp-content\/uploads\/2021\/05\/Machupicchu-FOTOS-DE-ARCHIVO-2.jpg 800w, https:\/\/www.turistamagazine.com\/v2\/wp-content\/uploads\/2021\/05\/Machupicchu-FOTOS-DE-ARCHIVO-2-300x200.jpg 300w, https:\/\/www.turistamagazine.com\/v2\/wp-content\/uploads\/2021\/05\/Machupicchu-FOTOS-DE-ARCHIVO-2-768x513.jpg 768w, https:\/\/www.turistamagazine.com\/v2\/wp-content\/uploads\/2021\/05\/Machupicchu-FOTOS-DE-ARCHIVO-2-629x420.jpg 629w, https:\/\/www.turistamagazine.com\/v2\/wp-content\/uploads\/2021\/05\/Machupicchu-FOTOS-DE-ARCHIVO-2-610x407.jpg 610w\" sizes=\"(max-width: 400px) 100vw, 400px\" \/><\/a><\/p>\n<p style=\"text-align: justify;\"><span style=\"color: #333399;\"><em><strong><span style=\"color: #800080;\">EL CERTIFICADO COVID DIGITAL DE LA UE.-<\/span> \u00a0\u00a0Ya \u00a0son muchas personas que han optado por no \u00a0vacunarse, porque de acuerdo algunas respuestas, no creen en ella y otras, a las cuales les han contado de \u00a0efectos terror\u00edficos acerca de la misma. <span style=\"color: #800080;\">PUES<\/span> les comentamos a todas esas personas, que si quieren viajar, el estar vacunado ser\u00e1 estrictamente necesario, ya que\u00a0 el <span style=\"color: #800080;\">certificado covid impulsado por la UE para facilitar los viajes entr\u00f3 oficialmente en vigor\u00a0 1\u00b0de Julio.<\/span> Tambi\u00e9n es cierto que todo respecto a esta\u2026pandemia es nuevo y cambiante\u2026 llegar\u00e1 el momento<span style=\"color: #800080;\"> DIOS ASI LO QUIERA<\/span>\u2026 En que no ser\u00e1 necesario haberse inyectado sabe Dios <span style=\"color: #800080;\">QUE COSA, YA QUE NO SOMOS CIENT\u00cdFICOS\u2026 \u00a0SIN EMBARGO\u00a0 EN VISTA DE LO QUE SIGUE PASANDO\u2026 CREEMOS QUE HASTA EL MOMENTO NO HAY OTRA MEJOR OPCI\u00d3N\u2026<\/span><\/strong><\/em><\/span><\/p>\n<p><a href=\"https:\/\/www.turistamagazine.com\/v2\/wp-content\/uploads\/2021\/04\/pasaporte.jpg\"><img decoding=\"async\" class=\"wp-image-50465 aligncenter\" src=\"https:\/\/www.turistamagazine.com\/v2\/wp-content\/uploads\/2021\/04\/pasaporte.jpg\" alt=\"\" width=\"400\" height=\"274\" srcset=\"https:\/\/www.turistamagazine.com\/v2\/wp-content\/uploads\/2021\/04\/pasaporte.jpg 800w, https:\/\/www.turistamagazine.com\/v2\/wp-content\/uploads\/2021\/04\/pasaporte-300x205.jpg 300w, https:\/\/www.turistamagazine.com\/v2\/wp-content\/uploads\/2021\/04\/pasaporte-768x525.jpg 768w, https:\/\/www.turistamagazine.com\/v2\/wp-content\/uploads\/2021\/04\/pasaporte-614x420.jpg 614w, https:\/\/www.turistamagazine.com\/v2\/wp-content\/uploads\/2021\/04\/pasaporte-610x417.jpg 610w\" sizes=\"(max-width: 400px) 100vw, 400px\" \/><\/a><\/p>\n<p style=\"text-align: justify;\"><span style=\"color: #333399;\"><em><strong><span style=\"color: #800080;\">EL COVID Y LA CONTAMINACI\u00d3N AMBIENTAL.-<\/span> Creemos que como la noticia se vive en tiempo real, para nadie es un secreto que ya son m\u00e1s de 4 millones las muertos por causa del Covid-19 o como quiera llamarlo, de acuerdo a la OMS\u2026 S<span style=\"color: #800080;\">in embargo alguna vez se pregunt\u00f3 estimado lector, cuando millones \u00a0de personas mueren al a\u00f1o por la contaminaci\u00f3n ambiental, de acuerdo a la misma OMS, pues nada menos que de 7 millones\u2026<\/span> nadie se rasga las vestiduras ni encontraran una vacuna para ello\u2026 y todav\u00eda no se miden las consecuencias de la contaminaci\u00f3n de las millonadas de pl\u00e1stico, <span style=\"color: #800080;\">QUE HAN ENRIQUECIDO MUCHOS BOSILLOS, PERO QUE HAN EMPOBRECIDO A\u00daN M\u00c1S\u00a0 NUESTROS MARES Y OC\u00c9ANOS\u2026<\/span><\/strong><\/em><\/span><\/p>\n<p><a href=\"https:\/\/www.turistamagazine.com\/v2\/wp-content\/uploads\/2021\/07\/degradacion-Tierra-854x465-1.jpg\"><img decoding=\"async\" class=\"wp-image-51889 aligncenter\" src=\"https:\/\/www.turistamagazine.com\/v2\/wp-content\/uploads\/2021\/07\/degradacion-Tierra-854x465-1.jpg\" alt=\"\" width=\"400\" height=\"217\" srcset=\"https:\/\/www.turistamagazine.com\/v2\/wp-content\/uploads\/2021\/07\/degradacion-Tierra-854x465-1.jpg 640w, https:\/\/www.turistamagazine.com\/v2\/wp-content\/uploads\/2021\/07\/degradacion-Tierra-854x465-1-300x163.jpg 300w, https:\/\/www.turistamagazine.com\/v2\/wp-content\/uploads\/2021\/07\/degradacion-Tierra-854x465-1-610x332.jpg 610w\" sizes=\"(max-width: 400px) 100vw, 400px\" \/><\/a><\/p>\n<p style=\"text-align: justify;\"><span style=\"color: #333399;\"><em><strong><span style=\"color: #800080;\">\u00a1AY! EL F\u00daTBOL \u00bfDEPORTE REY?-<\/span> Gianluca Lapadula\u2026 Un ilustre desconocido por estos lares futboleros, que en principio, fue criticada su contrataci\u00f3n\u2026 No sabemos nada de F\u00fatbol, ni nos gusta tampoco, pero a la hora del almuerzo escuchamos un programa donde <span style=\"color: #800080;\">\u201cespecialistas deportivos\u201d en una radio peruana,<\/span> \u00a0que saben seg\u00fan ellos m\u00e1s que los propios entrenadores y critican a todo el que pueden\u2026 Pues \u00a0fue \u00a0precisamente all\u00ed \u00a0que escuchamos comentarios no muy halag\u00fce\u00f1os de este jugador de f\u00fatbol \u00edtalo\/peruano\u2026. Nacionalizado peruano\u2026 \u00a0<span style=\"color: #800080;\">No obstante como en la tierra del ciego el tuerto es rey, ya s\u00f3lo les falta compararlo con San Mart\u00edn de Porres\u2026 por el milagro de la clasificaci\u00f3n del equipo peruano a las cuartos de final de la Copa Am\u00e9rica\u2026 YA SE OLVIDARON DEL \u201cGUERRERO\u201d\u2026 \u00a1QU\u00c9 VOLUBLES! BUENO ES CULANTRO\u2026PERO NO TANTO\u2026 FRAN-CA-MENTE&#8230;<\/span><\/strong><\/em><\/span><\/p>\n<p><a href=\"https:\/\/www.turistamagazine.com\/v2\/wp-content\/uploads\/2021\/07\/Gianluca-Lapadula-1.jpg\"><img decoding=\"async\" class=\"wp-image-51890 aligncenter\" src=\"https:\/\/www.turistamagazine.com\/v2\/wp-content\/uploads\/2021\/07\/Gianluca-Lapadula-1.jpg\" alt=\"\" width=\"400\" height=\"267\" srcset=\"https:\/\/www.turistamagazine.com\/v2\/wp-content\/uploads\/2021\/07\/Gianluca-Lapadula-1.jpg 600w, https:\/\/www.turistamagazine.com\/v2\/wp-content\/uploads\/2021\/07\/Gianluca-Lapadula-1-300x200.jpg 300w\" sizes=\"(max-width: 400px) 100vw, 400px\" \/><\/a><\/p>\n<p><strong>J.T<\/strong>.<\/p>\n<p><a href=\"https:\/\/www.turistamagazine.com\/v2\/wp-content\/uploads\/2021\/06\/logo-TM-2.jpg\"><img decoding=\"async\" class=\"wp-image-51359 aligncenter\" src=\"https:\/\/www.turistamagazine.com\/v2\/wp-content\/uploads\/2021\/06\/logo-TM-2.jpg\" alt=\"\" width=\"500\" height=\"475\" \/><\/a><\/p>\n","protected":false},"excerpt":{"rendered":"<p>RAFAELLA CARR\u00c1.- Muy sentida la partida de esta gran e inolvidable artista, que encant\u00f3 a medio mundo incluyendo esta parte del continente, que nos hizo pasar muy gratos momentos con sus canciones y programas de entretenimiento, y su especial forma de hablar espa\u00f1ol\u2026 Miles de personas han desfilado ante el austero f\u00e9retro \u00a0de madera con un peque\u00f1o ramo de rosas amarillas para despedirse de ella. Muchos son los que lloran a no solo a la cantante, sino tambi\u00e9n a lo que simboliz\u00f3, un soplo de libertad y de vida, que se convirti\u00f3 en inspiraci\u00f3n del movimiento homosexual\u2026 ADIOS RAFAELLA\u2026CRUZASTE EL&#8230;<\/p>\n","protected":false},"author":1,"featured_media":0,"comment_status":"open","ping_status":"open","sticky":false,"template":"","format":"standard","meta":{"footnotes":""},"categories":[346],"tags":[11128,10635,11193,10219,10556],"class_list":["post-51886","post","type-post","status-publish","format-standard","hentry","category-francamente","tag-ecosdelmundo","tag-elenahonoresdirectora","tag-francamentejuluio2021","tag-semanarioturistamagazine","tag-turismagazine"],"_links":{"self":[{"href":"https:\/\/www.turistamagazine.com\/v2\/index.php?rest_route=\/wp\/v2\/posts\/51886","targetHints":{"allow":["GET"]}}],"collection":[{"href":"https:\/\/www.turistamagazine.com\/v2\/index.php?rest_route=\/wp\/v2\/posts"}],"about":[{"href":"https:\/\/www.turistamagazine.com\/v2\/index.php?rest_route=\/wp\/v2\/types\/post"}],"author":[{"embeddable":true,"href":"https:\/\/www.turistamagazine.com\/v2\/index.php?rest_route=\/wp\/v2\/users\/1"}],"replies":[{"embeddable":true,"href":"https:\/\/www.turistamagazine.com\/v2\/index.php?rest_route=%2Fwp%2Fv2%2Fcomments&post=51886"}],"version-history":[{"count":4,"href":"https:\/\/www.turistamagazine.com\/v2\/index.php?rest_route=\/wp\/v2\/posts\/51886\/revisions"}],"predecessor-version":[{"id":51982,"href":"https:\/\/www.turistamagazine.com\/v2\/index.php?rest_route=\/wp\/v2\/posts\/51886\/revisions\/51982"}],"wp:attachment":[{"href":"https:\/\/www.turistamagazine.com\/v2\/index.php?rest_route=%2Fwp%2Fv2%2Fmedia&parent=51886"}],"wp:term":[{"taxonomy":"category","embeddable":true,"href":"https:\/\/www.turistamagazine.com\/v2\/index.php?rest_route=%2Fwp%2Fv2%2Fcategories&post=51886"},{"taxonomy":"post_tag","embeddable":true,"href":"https:\/\/www.turistamagazine.com\/v2\/index.php?rest_route=%2Fwp%2Fv2%2Ftags&post=51886"}],"curies":[{"name":"wp","href":"https:\/\/api.w.org\/{rel}","templated":true}]}}