{"id":51883,"date":"2021-07-08T16:09:46","date_gmt":"2021-07-08T21:09:46","guid":{"rendered":"https:\/\/www.turistamagazine.com\/v2\/?p=51883"},"modified":"2021-07-08T16:09:46","modified_gmt":"2021-07-08T21:09:46","slug":"latam-informa-nuevas-medidas-para-viajeros-que-deseen-ingresar-a-peru-y-colombia","status":"publish","type":"post","link":"https:\/\/www.turistamagazine.com\/v2\/?p=51883","title":{"rendered":"LATAM INFORMA NUEVAS MEDIDAS PARA VIAJEROS QUE DESEEN INGRESAR A PER\u00da Y COLOMBIA"},"content":{"rendered":"<p style=\"text-align: center;\"><span style=\"color: #800080;\"><em><strong>Nuevas medidas que los pasajeros deben considerar antes de ingresar a Per\u00fa<\/strong><\/em><\/span><\/p>\n<p style=\"text-align: justify;\"><span style=\"color: #333399;\"><em><strong>08\/07\/2021\/Colombia.- Tras la reciente disposici\u00f3n del Gobierno Peruano, LATAM informa las medidas obligatorias adicionales que los pasajeros (peruanos, extranjeros residentes y visitantes) con vuelos hacia Per\u00fa deber\u00e1n tener en consideraci\u00f3n desde el 21 de junio hasta el 11 de julio del 2021.<\/strong><\/em><\/span><\/p>\n<p style=\"text-align: justify;\"><span style=\"color: #800080;\"><em><strong>Se suspende hasta el 15 de julio el ingreso de pasajeros no residentes desde Sud\u00e1frica, Brasil y\/o India o que hayan realizado escala en dichos pa\u00edses en los \u00faltimos 14 d\u00edas.<\/strong><\/em><\/span><\/p>\n<p style=\"text-align: justify;\"><span style=\"color: #333399;\"><em><strong>Se anula la cuarentena para los viajeros que ingresen al pa\u00eds a excepci\u00f3n de los peruanos y extranjeros residentes provenientes de Sud\u00e1frica, Brasil y\/o India o que hayan realizado escala en dichos pa\u00edses, quienes deber\u00e1n realizar cuarentena obligatoria en su domicilio, hospedaje u otro centro de aislamiento temporal por 14 d\u00edas contados desde el arribo al Per\u00fa.<\/strong><\/em><\/span><\/p>\n<p style=\"text-align: justify;\"><span style=\"color: #800080;\"><em><strong>Los viajeros que ingresen al pa\u00eds deber\u00e1n llenar una declaraci\u00f3n jurada (link) y entregarla antes de abordar el avi\u00f3n; as\u00ed como una prueba molecular (PCR) negativa, o prueba antig\u00e9nica negativa o certificado m\u00e9dico de alta epidemiol\u00f3gica. Los resultados deben obtenerse como m\u00e1ximo 72 horas antes del check-in.<\/strong><\/em><\/span><\/p>\n<p style=\"text-align: justify;\"><span style=\"color: #333399;\"><em><strong>Para los vuelos al interior del pa\u00eds (locales) solamente se pedir\u00e1 una declaraci\u00f3n jurada en la que se precise no tener s\u00edntomas de COVID-19 y usar protector facial.<\/strong><\/em><\/span><\/p>\n<p style=\"text-align: justify;\"><span style=\"color: #800080;\"><em><strong>Nuevas medidas que los pasajeros deben considerar antes de ingresar a Colombia o en vuelos nacionales dentro del pa\u00eds:<\/strong><\/em><\/span><\/p>\n<p style=\"text-align: justify;\"><span style=\"color: #333399;\"><em><strong>De acuerdo con la Resoluci\u00f3n 777, que deroga las resoluciones anteriores incluyendo la 666 y la 411 de 2021 del Ministerio de Salud y Protecci\u00f3n Social, entrar\u00e1n en vigencia a partir del pr\u00f3ximo 3 de junio las siguientes recomendaciones a tener en cuenta por pasajeros:<\/strong><\/em><\/span><\/p>\n<p style=\"text-align: justify;\"><span style=\"color: #800080;\"><em><strong>No se exige una prueba negativa de PCR para entrar al pa\u00eds<\/strong><\/em><\/span><\/p>\n<p style=\"text-align: justify;\"><span style=\"color: #800080;\"><em><strong>Tampoco es necesario registrarse en la app Coronapp en vuelos nacionales e internacionales<\/strong><\/em><\/span><\/p>\n<p style=\"text-align: justify;\"><span style=\"color: #333399;\"><em><strong><span style=\"color: #800080;\">Es necesario diligenciar el formato Check-Mig, que se encuentra en el siguiente link, para vuelos internacionale<\/span>s<\/strong><\/em><\/span><\/p>\n<p style=\"text-align: justify;\"><span style=\"color: #333399;\"><em><strong>Todos los pasajeros deben hacer uso correcto y obligatorio, \u00fanicamente, de tapabocas quir\u00fargico. Se recomienda el uso de N95 para pasajeros mayores de 65 a\u00f1os<\/strong><\/em><\/span><\/p>\n<p style=\"text-align: justify;\"><span style=\"color: #333399;\"><em><strong>E<span style=\"color: #800080;\">n caso de tener s\u00edntomas compatibles con COVID 19, o tener contacto estrecho con un caso sospechoso o confirmado de conformidad con lo dispuesto en las normas expedidas por el Ministerio de Salud y Protecci\u00f3n Social, los pasajeros deben cumplir con el aislamiento preventivo.<\/span><\/strong><\/em><\/span><\/p>\n<p style=\"text-align: justify;\"><span style=\"color: #333399;\"><em><strong>Fuente: LATAM<\/strong><\/em><\/span><\/p>\n<p style=\"text-align: justify;\">\n","protected":false},"excerpt":{"rendered":"<p>Nuevas medidas que los pasajeros deben considerar antes de ingresar a Per\u00fa 08\/07\/2021\/Colombia.- Tras la reciente disposici\u00f3n del Gobierno Peruano, LATAM informa las medidas obligatorias adicionales que los pasajeros (peruanos, extranjeros residentes y visitantes) con vuelos hacia Per\u00fa deber\u00e1n tener en consideraci\u00f3n desde el 21 de junio hasta el 11 de julio del 2021. Se suspende hasta el 15 de julio el ingreso de pasajeros no residentes desde Sud\u00e1frica, Brasil y\/o India o que hayan realizado escala en dichos pa\u00edses en los \u00faltimos 14 d\u00edas. Se anula la cuarentena para los viajeros que ingresen al pa\u00eds a excepci\u00f3n de los&#8230;<\/p>\n","protected":false},"author":1,"featured_media":51884,"comment_status":"open","ping_status":"open","sticky":false,"template":"","format":"standard","meta":{"footnotes":""},"categories":[4,84],"tags":[10635,11192,10219,10556],"class_list":["post-51883","post","type-post","status-publish","format-standard","has-post-thumbnail","hentry","category-breaking-news","category-internacionales","tag-elenahonoresdirectora","tag-protocoloparaingresaraperu","tag-semanarioturistamagazine","tag-turismagazine"],"_links":{"self":[{"href":"https:\/\/www.turistamagazine.com\/v2\/index.php?rest_route=\/wp\/v2\/posts\/51883","targetHints":{"allow":["GET"]}}],"collection":[{"href":"https:\/\/www.turistamagazine.com\/v2\/index.php?rest_route=\/wp\/v2\/posts"}],"about":[{"href":"https:\/\/www.turistamagazine.com\/v2\/index.php?rest_route=\/wp\/v2\/types\/post"}],"author":[{"embeddable":true,"href":"https:\/\/www.turistamagazine.com\/v2\/index.php?rest_route=\/wp\/v2\/users\/1"}],"replies":[{"embeddable":true,"href":"https:\/\/www.turistamagazine.com\/v2\/index.php?rest_route=%2Fwp%2Fv2%2Fcomments&post=51883"}],"version-history":[{"count":1,"href":"https:\/\/www.turistamagazine.com\/v2\/index.php?rest_route=\/wp\/v2\/posts\/51883\/revisions"}],"predecessor-version":[{"id":51885,"href":"https:\/\/www.turistamagazine.com\/v2\/index.php?rest_route=\/wp\/v2\/posts\/51883\/revisions\/51885"}],"wp:featuredmedia":[{"embeddable":true,"href":"https:\/\/www.turistamagazine.com\/v2\/index.php?rest_route=\/wp\/v2\/media\/51884"}],"wp:attachment":[{"href":"https:\/\/www.turistamagazine.com\/v2\/index.php?rest_route=%2Fwp%2Fv2%2Fmedia&parent=51883"}],"wp:term":[{"taxonomy":"category","embeddable":true,"href":"https:\/\/www.turistamagazine.com\/v2\/index.php?rest_route=%2Fwp%2Fv2%2Fcategories&post=51883"},{"taxonomy":"post_tag","embeddable":true,"href":"https:\/\/www.turistamagazine.com\/v2\/index.php?rest_route=%2Fwp%2Fv2%2Ftags&post=51883"}],"curies":[{"name":"wp","href":"https:\/\/api.w.org\/{rel}","templated":true}]}}