{"id":51880,"date":"2021-07-08T13:01:16","date_gmt":"2021-07-08T18:01:16","guid":{"rendered":"https:\/\/www.turistamagazine.com\/v2\/?p=51880"},"modified":"2021-07-08T13:01:16","modified_gmt":"2021-07-08T18:01:16","slug":"la-oms-demuestra-preocupacion-contra-el-levantamiento-de-barreras-anticovid","status":"publish","type":"post","link":"https:\/\/www.turistamagazine.com\/v2\/?p=51880","title":{"rendered":"LA OMS DEMUESTRA PREOCUPACI\u00d3N \u00a0CONTRA EL LEVANTAMIENTO DE BARRERAS ANTICOVID"},"content":{"rendered":"<p style=\"text-align: center;\"><span style=\"color: #800080;\"><em><strong>El fin de las medidas barrera contra la COVID el d\u00eda 19 mientras se disparan las infecciones por la variante Delta.<\/strong><\/em><\/span><\/p>\n<p style=\"text-align: justify;\"><span style=\"color: #333399;\"><em><strong>08\/07\/2021\/ Suiza- El primer ministro brit\u00e1nico Boris Johnson ha decidido el fin de las restricciones preventivas contra el coronavirus en el Reino Unido. Adi\u00f3s a las recomendaciones de distanciamiento social y al uso de mascarillas.<\/strong><\/em><\/span><\/p>\n<p style=\"text-align: justify;\"><span style=\"color: #800080;\"><em><strong>Algo que alarma al responsable de emergencias sanitarias de la Organizaci\u00f3n Mundial de la Salud Michel Ryan: \u00abPedir\u00eda extrema precauci\u00f3n en el levantamiento completo de las medidas p\u00fablicas y sociales en este momento porque eso tiene consecuencias\u00bb.<\/strong><\/em><\/span><\/p>\n<p style=\"text-align: justify;\"><span style=\"color: #333399;\"><em><strong>La OMS insiste en que la pandemia est\u00e1 lejos de terminar y que ya han muerto m\u00e1s de cuatro millones de personas por infecciones de Covid-19.<\/strong><\/em><\/span><\/p>\n<p style=\"text-align: justify;\"><span style=\"color: #800080;\"><em><strong>Muchas de las naciones m\u00e1s ricas con s\u00f3lidos programas de vacunaci\u00f3n se preparan para abrirse, pero muchas otras siguen luchando contra las infecciones.<\/strong><\/em><\/span><\/p>\n<p style=\"text-align: justify;\"><span style=\"color: #333399;\"><em><strong>Por ejemplo, pa\u00edses de toda la regi\u00f3n de Asia-Pac\u00edfico -desde Corea del Sur hasta Australia- se han visto afectados por un aumento de las oleadas encabezadas por la variante Delta.<\/strong><\/em><\/span><\/p>\n<p style=\"text-align: justify;\"><span style=\"color: #800080;\"><em><strong>Indonesia se ha convertido en un punto de emergencia mundial, con hospitales que tienen que rechazar pacientes, carencia de suministro de ox\u00edgeno y m\u00e1s de mil muertes registradas en 24 horas.<\/strong><\/em><\/span><\/p>\n<p style=\"text-align: justify;\"><em><strong>F\/ Euronews<\/strong><\/em><\/p>\n","protected":false},"excerpt":{"rendered":"<p>El fin de las medidas barrera contra la COVID el d\u00eda 19 mientras se disparan las infecciones por la variante Delta. 08\/07\/2021\/ Suiza- El primer ministro brit\u00e1nico Boris Johnson ha decidido el fin de las restricciones preventivas contra el coronavirus en el Reino Unido. Adi\u00f3s a las recomendaciones de distanciamiento social y al uso de mascarillas. Algo que alarma al responsable de emergencias sanitarias de la Organizaci\u00f3n Mundial de la Salud Michel Ryan: \u00abPedir\u00eda extrema precauci\u00f3n en el levantamiento completo de las medidas p\u00fablicas y sociales en este momento porque eso tiene consecuencias\u00bb. La OMS insiste en que la pandemia&#8230;<\/p>\n","protected":false},"author":1,"featured_media":44535,"comment_status":"open","ping_status":"open","sticky":false,"template":"","format":"standard","meta":{"footnotes":""},"categories":[4,84],"tags":[10170,10635,11191,10556],"class_list":["post-51880","post","type-post","status-publish","format-standard","has-post-thumbnail","hentry","category-breaking-news","category-internacionales","tag-borisjohnson","tag-elenahonoresdirectora","tag-finalasbarrerascovid19","tag-turismagazine"],"_links":{"self":[{"href":"https:\/\/www.turistamagazine.com\/v2\/index.php?rest_route=\/wp\/v2\/posts\/51880","targetHints":{"allow":["GET"]}}],"collection":[{"href":"https:\/\/www.turistamagazine.com\/v2\/index.php?rest_route=\/wp\/v2\/posts"}],"about":[{"href":"https:\/\/www.turistamagazine.com\/v2\/index.php?rest_route=\/wp\/v2\/types\/post"}],"author":[{"embeddable":true,"href":"https:\/\/www.turistamagazine.com\/v2\/index.php?rest_route=\/wp\/v2\/users\/1"}],"replies":[{"embeddable":true,"href":"https:\/\/www.turistamagazine.com\/v2\/index.php?rest_route=%2Fwp%2Fv2%2Fcomments&post=51880"}],"version-history":[{"count":1,"href":"https:\/\/www.turistamagazine.com\/v2\/index.php?rest_route=\/wp\/v2\/posts\/51880\/revisions"}],"predecessor-version":[{"id":51881,"href":"https:\/\/www.turistamagazine.com\/v2\/index.php?rest_route=\/wp\/v2\/posts\/51880\/revisions\/51881"}],"wp:featuredmedia":[{"embeddable":true,"href":"https:\/\/www.turistamagazine.com\/v2\/index.php?rest_route=\/wp\/v2\/media\/44535"}],"wp:attachment":[{"href":"https:\/\/www.turistamagazine.com\/v2\/index.php?rest_route=%2Fwp%2Fv2%2Fmedia&parent=51880"}],"wp:term":[{"taxonomy":"category","embeddable":true,"href":"https:\/\/www.turistamagazine.com\/v2\/index.php?rest_route=%2Fwp%2Fv2%2Fcategories&post=51880"},{"taxonomy":"post_tag","embeddable":true,"href":"https:\/\/www.turistamagazine.com\/v2\/index.php?rest_route=%2Fwp%2Fv2%2Ftags&post=51880"}],"curies":[{"name":"wp","href":"https:\/\/api.w.org\/{rel}","templated":true}]}}