{"id":51877,"date":"2021-07-08T12:43:52","date_gmt":"2021-07-08T17:43:52","guid":{"rendered":"https:\/\/www.turistamagazine.com\/v2\/?p=51877"},"modified":"2021-07-08T12:43:52","modified_gmt":"2021-07-08T17:43:52","slug":"arequipa-cerco-territorial-brigadas-de-salud-y-entrega-de-vacunas-ayudaron-a-mejorar-la-situacion","status":"publish","type":"post","link":"https:\/\/www.turistamagazine.com\/v2\/?p=51877","title":{"rendered":"AREQUIPA: CERCO TERRITORIAL,\u00a0 BRIGADAS DE SALUD Y ENTREGA DE VACUNAS AYUDARON A MEJORAR LA SITUACI\u00d3N"},"content":{"rendered":"<p style=\"text-align: center;\"><span style=\"color: #333399;\"><em><strong>Covid-19: Arequipa pasa\u00a0 <span style=\"color: #800080;\">riesgo extremo <\/span>a riesgo muy alto por disminuci\u00f3n de contagios y fallecidos<\/strong><\/em><\/span><\/p>\n<p style=\"text-align: justify;\"><span style=\"color: #333399;\"><em><strong>08\/07\/2021\/ Arequipa.- <span style=\"color: #800080;\">La regi\u00f3n de Arequipa pas\u00f3 de riesgo extremo a muy alto, debido a la disminuci\u00f3n del n\u00famero de contagios y fallecidos por el covid-19 por las medidas que se implementaron para controlar el avance de la enfermedad, inform\u00f3 hoy el ministro de Salud, \u00d3scar Ugarte Ubilluz.<\/span><\/strong><\/em><\/span><\/p>\n<p style=\"text-align: justify;\"><span style=\"color: #333399;\"><em><strong>Explic\u00f3 que las medidas especiales implementadas en la regi\u00f3n como el cerco epidemiol\u00f3gico, el apoyo financiero para el incremento de brigadas de salud, entrega de mayor cantidad de vacuna, atenci\u00f3n oportuna en los hospitales sirvieron para mejorar la situaci\u00f3n en Arequipa.<\/strong><\/em><\/span><\/p>\n<p style=\"text-align: justify;\"><span style=\"color: #333399;\"><em><strong><span style=\"color: #800080;\">\u201cHasta hace dos semanas el n\u00famero de casos de covid-19 era alto y la mayor\u00eda se concentraba en la capital de Arequipa, por eso la calificamos de riesgo extremo. Gracias a las medidas, ya empez\u00f3 el descenso de nuevos casos y mortalidad\u201d<\/span>, coment\u00f3.<\/strong><\/em><\/span><\/p>\n<p style=\"text-align: justify;\"><span style=\"color: #333399;\"><em><strong>Si bien reconoci\u00f3 que la situaci\u00f3n en toda la regi\u00f3n de Arequipa hab\u00eda mejorado, Ugarte exhort\u00f3 a la poblaci\u00f3n a no bajar la guardia y seguir cumpliendo con las medidas de prevenci\u00f3n como el lavado constante de manos, uso de doble mascarilla y de protector facial en aglomeraciones, evitar los espacios cerrados y respetar al distanciamiento social en lugares p\u00fablicos.<\/strong><\/em><\/span><\/p>\n<p style=\"text-align: justify;\"><span style=\"color: #333399;\"><em><strong><span style=\"color: #800080;\">\u201cArequipa, como todas sus provincias, ya no est\u00e1 en riesgo extremo, sino en riesgo muy alto, y las medidas se est\u00e1n adecuando a esa realidad\u201d<\/span>, indic\u00f3 en la habitual conferencia de prensa ofrecida cada mi\u00e9rcoles en la sede de la Presidencia del Consejo de Ministros (PCM).<\/strong><\/em><\/span><\/p>\n<p style=\"text-align: justify;\"><span style=\"color: #800080;\"><em><strong>Amazonas<\/strong><\/em><\/span><\/p>\n<p style=\"text-align: justify;\"><span style=\"color: #333399;\"><em><strong>En otro momento, Ugarte dio a conocer el apoyo que ha brindado el Minsa al gobierno regional de Amazonas para enfrentar la segunda ola del covid-19.<\/strong><\/em><\/span><\/p>\n<p style=\"text-align: justify;\"><span style=\"color: #800080;\"><em><strong>Agreg\u00f3 que la regi\u00f3n Amazonas tambi\u00e9n fue asistida con ox\u00edgeno, gracias al apoyo del proyecto El Legado, y la entrega de 41,517 dosis de vacunas contra el covid-19, que ser\u00e1n aplicadas a las personas mayores de 60 a\u00f1os.<\/strong><\/em><\/span><\/p>\n<p>F\/ Andina<\/p>\n","protected":false},"excerpt":{"rendered":"<p>Covid-19: Arequipa pasa\u00a0 riesgo extremo a riesgo muy alto por disminuci\u00f3n de contagios y fallecidos 08\/07\/2021\/ Arequipa.- La regi\u00f3n de Arequipa pas\u00f3 de riesgo extremo a muy alto, debido a la disminuci\u00f3n del n\u00famero de contagios y fallecidos por el covid-19 por las medidas que se implementaron para controlar el avance de la enfermedad, inform\u00f3 hoy el ministro de Salud, \u00d3scar Ugarte Ubilluz. Explic\u00f3 que las medidas especiales implementadas en la regi\u00f3n como el cerco epidemiol\u00f3gico, el apoyo financiero para el incremento de brigadas de salud, entrega de mayor cantidad de vacuna, atenci\u00f3n oportuna en los hospitales sirvieron para mejorar&#8230;<\/p>\n","protected":false},"author":1,"featured_media":39816,"comment_status":"open","ping_status":"open","sticky":false,"template":"","format":"standard","meta":{"footnotes":""},"categories":[4,82],"tags":[11190,11189,10635,10556],"class_list":["post-51877","post","type-post","status-publish","format-standard","has-post-thumbnail","hentry","category-breaking-news","category-nacionales","tag-2oladecovid","tag-arequipaenriesgoalto","tag-elenahonoresdirectora","tag-turismagazine"],"_links":{"self":[{"href":"https:\/\/www.turistamagazine.com\/v2\/index.php?rest_route=\/wp\/v2\/posts\/51877","targetHints":{"allow":["GET"]}}],"collection":[{"href":"https:\/\/www.turistamagazine.com\/v2\/index.php?rest_route=\/wp\/v2\/posts"}],"about":[{"href":"https:\/\/www.turistamagazine.com\/v2\/index.php?rest_route=\/wp\/v2\/types\/post"}],"author":[{"embeddable":true,"href":"https:\/\/www.turistamagazine.com\/v2\/index.php?rest_route=\/wp\/v2\/users\/1"}],"replies":[{"embeddable":true,"href":"https:\/\/www.turistamagazine.com\/v2\/index.php?rest_route=%2Fwp%2Fv2%2Fcomments&post=51877"}],"version-history":[{"count":2,"href":"https:\/\/www.turistamagazine.com\/v2\/index.php?rest_route=\/wp\/v2\/posts\/51877\/revisions"}],"predecessor-version":[{"id":51879,"href":"https:\/\/www.turistamagazine.com\/v2\/index.php?rest_route=\/wp\/v2\/posts\/51877\/revisions\/51879"}],"wp:featuredmedia":[{"embeddable":true,"href":"https:\/\/www.turistamagazine.com\/v2\/index.php?rest_route=\/wp\/v2\/media\/39816"}],"wp:attachment":[{"href":"https:\/\/www.turistamagazine.com\/v2\/index.php?rest_route=%2Fwp%2Fv2%2Fmedia&parent=51877"}],"wp:term":[{"taxonomy":"category","embeddable":true,"href":"https:\/\/www.turistamagazine.com\/v2\/index.php?rest_route=%2Fwp%2Fv2%2Fcategories&post=51877"},{"taxonomy":"post_tag","embeddable":true,"href":"https:\/\/www.turistamagazine.com\/v2\/index.php?rest_route=%2Fwp%2Fv2%2Ftags&post=51877"}],"curies":[{"name":"wp","href":"https:\/\/api.w.org\/{rel}","templated":true}]}}