{"id":51867,"date":"2021-07-08T11:07:29","date_gmt":"2021-07-08T16:07:29","guid":{"rendered":"https:\/\/www.turistamagazine.com\/v2\/?p=51867"},"modified":"2021-07-08T12:33:29","modified_gmt":"2021-07-08T17:33:29","slug":"la-marca-machu-picchu-se-lanzo-en-la-emblematica-plaza-manco-capac-del-distrito-delmismo-nombre","status":"publish","type":"post","link":"https:\/\/www.turistamagazine.com\/v2\/?p=51867","title":{"rendered":"LA MARCA MACHU PICCHU SE LANZ\u00d3 EN LA EMBLEM\u00c1TICA\u00a0 PLAZA MANCO C\u00c1PAC DEL DISTRITO DEL MISMO NOMBRE"},"content":{"rendered":"<p style=\"text-align: center;\">\u00ab<em><strong><span style=\"color: #333399;\">MachuPicchu Pueblo que Abraza\u00bb<\/span><\/strong><\/em><\/p>\n<p style=\"text-align: center;\"><span style=\"color: #800080;\"><em><strong>Con escenificaci\u00f3n inca \u00a0Machu Picchu se celebr\u00f3 su XIV aniversario como maravilla mundial<\/strong><\/em><\/span><\/p>\n<p style=\"text-align: justify;\"><span style=\"color: #333399;\"><em><strong>08\/07\/2021\/ Cusco.- Con una escenificaci\u00f3n similar al Inti Raymi, aunque en menor escala, se celebr\u00f3 en el distrito de Machu Picchu, el XIV aniversario de su elecci\u00f3n como una de las siete nuevas maravillas del mundo, as\u00ed como el lanzamiento oficial de la marca Machu Picchu.<\/strong><\/em><\/span><\/p>\n<p style=\"text-align: justify;\"><span style=\"color: #800080;\"><em><strong>El acto, encabezado por el alcalde distrital, Darwin Baca, y que cont\u00f3 con la presencia de autoridades locales, regionales, congresistas e incluso diplom\u00e1ticos como el embajador de M\u00e9xico en el Per\u00fa, V\u00edctor Hugo Morales Mel\u00e9ndez, empez\u00f3 con el izamiento de las banderas del Per\u00fa y de Cusco, seguido del canto del himno nacional.<\/strong><\/em><\/span><\/p>\n<p style=\"text-align: justify;\"><span style=\"color: #333399;\"><em><strong>A continuaci\u00f3n, el burgomaestre tom\u00f3 la palabra para agradecer la presencia de los invitados y destac\u00f3 la importancia de la ciudadela inca como nueva maravilla mundial y principal atractivo tur\u00edstico del Per\u00fa.<\/strong><\/em><\/span><\/p>\n<p style=\"text-align: justify;\"><span style=\"color: #333399;\"><em><strong>Asimismo, subray\u00f3 la trascendencia de contar con la marca Machu Picchu para posicionar a\u00fan m\u00e1s a la ciudadela inca y al distrito de Machu Picchu en el proceso de reactivaci\u00f3n tur\u00edstica del Cusco y del Per\u00fa.<\/strong><\/em><\/span><\/p>\n<p><a href=\"https:\/\/www.turistamagazine.com\/v2\/wp-content\/uploads\/2021\/07\/000787772W.jpg\"><img decoding=\"async\" class=\"wp-image-51872 aligncenter\" src=\"https:\/\/www.turistamagazine.com\/v2\/wp-content\/uploads\/2021\/07\/000787772W.jpg\" alt=\"\" width=\"630\" height=\"420\" srcset=\"https:\/\/www.turistamagazine.com\/v2\/wp-content\/uploads\/2021\/07\/000787772W.jpg 640w, https:\/\/www.turistamagazine.com\/v2\/wp-content\/uploads\/2021\/07\/000787772W-300x200.jpg 300w, https:\/\/www.turistamagazine.com\/v2\/wp-content\/uploads\/2021\/07\/000787772W-630x420.jpg 630w, https:\/\/www.turistamagazine.com\/v2\/wp-content\/uploads\/2021\/07\/000787772W-610x407.jpg 610w\" sizes=\"(max-width: 630px) 100vw, 630px\" \/><\/a><\/p>\n<p style=\"text-align: justify;\"><span style=\"color: #800080;\"><em><strong>\u201cC\u00f3mo no sentir este orgullo como peruano, como cusque\u00f1o, por tal magnificencia de esta arquitectura. Existe un antes y un despu\u00e9s de la Marca Machu Picchu. Debemos de trabajar para que Machu Picchu sea una maravilla del mundo con cero emisiones de carbono o carbono neutro\u201d, remarc\u00f3.<\/strong><\/em><\/span><\/p>\n<p style=\"text-align: justify;\"><span style=\"color: #333399;\"><em><strong><span style=\"color: #800080;\">\u201cEn este a\u00f1o que se celebra el Bicentenario podemos decir que seguiremos trabajando, pese a las dificultades que la pandemia nos ha puesto. Estamos trabajando para darle un mejor servicio para nuestros visitantes, y es as\u00ed que nace la marca Machu Picchu\u201d<\/span>, agreg\u00f3.<\/strong><\/em><\/span><\/p>\n<p style=\"text-align: justify;\"><span style=\"color: #333399;\"><em><strong>\u201cGracias al Ministerio de Comercio Exterior y Turismo y a Promper\u00fa hemos obtenido la marca, y a una empresa que hizo la marca Per\u00fa ahora tenemos la marca Machu Picchu y este logo. Los invito a sentir ese orgullo de tener a Machu Picchu en este territorio y decir soy del Per\u00fa, soy de Cusco y soy de Machu Picchu\u201d, finaliz\u00f3.<\/strong><\/em><\/span><\/p>\n<p style=\"text-align: justify;\"><span style=\"color: #800080;\"><em><strong>Luego se desarroll\u00f3 la escenificaci\u00f3n del paso del inca por la Plaza Manco C\u00e1pac, junto a su s\u00e9quito de soldados, sacerdotes y poblaci\u00f3n. La representaci\u00f3n estuvo acompa\u00f1ada de danzas representativas del folclor cusque\u00f1o.<\/strong><\/em><\/span><\/p>\n<p>F\/ Andina\/Difusi\u00f3n<\/p>\n","protected":false},"excerpt":{"rendered":"<p>\u00abMachuPicchu Pueblo que Abraza\u00bb Con escenificaci\u00f3n inca \u00a0Machu Picchu se celebr\u00f3 su XIV aniversario como maravilla mundial 08\/07\/2021\/ Cusco.- Con una escenificaci\u00f3n similar al Inti Raymi, aunque en menor escala, se celebr\u00f3 en el distrito de Machu Picchu, el XIV aniversario de su elecci\u00f3n como una de las siete nuevas maravillas del mundo, as\u00ed como el lanzamiento oficial de la marca Machu Picchu. El acto, encabezado por el alcalde distrital, Darwin Baca, y que cont\u00f3 con la presencia de autoridades locales, regionales, congresistas e incluso diplom\u00e1ticos como el embajador de M\u00e9xico en el Per\u00fa, V\u00edctor Hugo Morales Mel\u00e9ndez, empez\u00f3 con&#8230;<\/p>\n","protected":false},"author":1,"featured_media":0,"comment_status":"open","ping_status":"open","sticky":false,"template":"","format":"standard","meta":{"footnotes":""},"categories":[4,82],"tags":[10635,11160,10219,10556],"class_list":["post-51867","post","type-post","status-publish","format-standard","hentry","category-breaking-news","category-nacionales","tag-elenahonoresdirectora","tag-marcamachupicchu","tag-semanarioturistamagazine","tag-turismagazine"],"_links":{"self":[{"href":"https:\/\/www.turistamagazine.com\/v2\/index.php?rest_route=\/wp\/v2\/posts\/51867","targetHints":{"allow":["GET"]}}],"collection":[{"href":"https:\/\/www.turistamagazine.com\/v2\/index.php?rest_route=\/wp\/v2\/posts"}],"about":[{"href":"https:\/\/www.turistamagazine.com\/v2\/index.php?rest_route=\/wp\/v2\/types\/post"}],"author":[{"embeddable":true,"href":"https:\/\/www.turistamagazine.com\/v2\/index.php?rest_route=\/wp\/v2\/users\/1"}],"replies":[{"embeddable":true,"href":"https:\/\/www.turistamagazine.com\/v2\/index.php?rest_route=%2Fwp%2Fv2%2Fcomments&post=51867"}],"version-history":[{"count":6,"href":"https:\/\/www.turistamagazine.com\/v2\/index.php?rest_route=\/wp\/v2\/posts\/51867\/revisions"}],"predecessor-version":[{"id":51876,"href":"https:\/\/www.turistamagazine.com\/v2\/index.php?rest_route=\/wp\/v2\/posts\/51867\/revisions\/51876"}],"wp:attachment":[{"href":"https:\/\/www.turistamagazine.com\/v2\/index.php?rest_route=%2Fwp%2Fv2%2Fmedia&parent=51867"}],"wp:term":[{"taxonomy":"category","embeddable":true,"href":"https:\/\/www.turistamagazine.com\/v2\/index.php?rest_route=%2Fwp%2Fv2%2Fcategories&post=51867"},{"taxonomy":"post_tag","embeddable":true,"href":"https:\/\/www.turistamagazine.com\/v2\/index.php?rest_route=%2Fwp%2Fv2%2Ftags&post=51867"}],"curies":[{"name":"wp","href":"https:\/\/api.w.org\/{rel}","templated":true}]}}