{"id":51858,"date":"2021-07-07T12:45:26","date_gmt":"2021-07-07T17:45:26","guid":{"rendered":"https:\/\/www.turistamagazine.com\/v2\/?p=51858"},"modified":"2021-07-07T12:52:33","modified_gmt":"2021-07-07T17:52:33","slug":"51858","status":"publish","type":"post","link":"https:\/\/www.turistamagazine.com\/v2\/?p=51858","title":{"rendered":"LA PROPAGACI\u00d3N DE LA VARIANTE DELTA DE CORONAVIRUS M\u00c1S TRANSMISIBLE HA TENIDO IMPACTO EN ESPA\u00d1A."},"content":{"rendered":"<p style=\"text-align: center;\"><strong><em><span style=\"color: #333399;\">La regi\u00f3n de Catalu\u00f1a, en el noreste de Espa\u00f1a, es conocida por sus animados balnearios de Costa Brava y los montes Pirineos.<\/span><\/em><\/strong><\/p>\n<p style=\"text-align: center;\"><span style=\"color: #800080;\"><em><strong>Catalu\u00f1a vuelve a imponer restricciones ante el aumento de los casos, especialmente entre los m\u00e1s j\u00f3venes.<\/strong><\/em><\/span><\/p>\n<p style=\"text-align: justify;\"><span style=\"color: #333399;\"><em><strong>07\/07\/20217Barcelina.- A partir de este fin de semana y durante quince d\u00edas, los locales de ocio nocturno s\u00f3lo podr\u00e1n abrir si est\u00e1n al aire libre.<\/strong><\/em><\/span><\/p>\n<p style=\"text-align: justify;\"><span style=\"color: #333399;\"><em><strong>Toda actividad en la que participen m\u00e1s de 500 personas requerir\u00e1n un test de COVID-19 negativo o una prueba de vacunaci\u00f3n.<\/strong><\/em><\/span><\/p>\n<p style=\"text-align: justify;\"><span style=\"color: #800080;\"><em><strong>Nueva desolaci\u00f3n en la hosteler\u00eda<\/strong><\/em><\/span><\/p>\n<p style=\"text-align: justify;\"><span style=\"color: #333399;\"><em><strong>Jordi Piulats, copropietario y socio del club Wolf, en Barcelona se lamenta: <span style=\"color: #800080;\">\u00abLas neveras ya estaban todas cargadas, los proveedores de camino, toda la publicidad, la gente de las redes sociales&#8230; La m\u00e1quina estaba en marcha y de nuevo nos dicen, de un d\u00eda para otro, vais a cerrar sin ninguna ayuda ni consideraci\u00f3n. Cerrar\u00e9is porque lo decimos nosotros y ya est\u00e1\u00bb.<\/span><\/strong><\/em><\/span><\/p>\n<p style=\"text-align: justify;\"><span style=\"color: #333399;\"><em><strong>Grecia tambi\u00e9n ha informado de un aumento de los contagios diarios de Covid 19, despu\u00e9s de que muchas semanas de descenso provocaran el levantamiento de las restricciones.<\/strong><\/em><\/span><\/p>\n<p style=\"text-align: justify;\"><span style=\"color: #800080;\"><em><strong>Sin embargo, el 38% de la poblaci\u00f3n griega est\u00e1 vacunada, la alarma social es menor, ya que muchos de los nuevos casos positivos son j\u00f3venes, que en principio tienen menos probabilidades de enfermar gravemente.<\/strong><\/em><\/span><\/p>\n<p style=\"text-align: justify;\"><span style=\"color: #333399;\"><em><strong>Mientras tanto, en <span style=\"color: #800080;\">Estambul la gente ha podido pasear por el parque por primera vez desde que se levantaron las restricciones de cierre el 1 de julio.<\/span><\/strong><\/em><\/span><\/p>\n<p style=\"text-align: justify;\"><span style=\"color: #800080;\"><em><strong>Pero la nueva bocanada de aire fresco llega justo cuando las autoridades sanitarias identifican tres casos de la nueva variante Delta Plus COVID-19 en tres provincias que las autoridades vigilan de cerca<\/strong><\/em><\/span><\/p>\n<p style=\"text-align: justify;\"><span style=\"color: #333399;\"><em><strong>Euronews\/ Firdia Lisnawati<\/strong><\/em><\/span><\/p>\n<p style=\"text-align: justify;\">\n","protected":false},"excerpt":{"rendered":"<p>La regi\u00f3n de Catalu\u00f1a, en el noreste de Espa\u00f1a, es conocida por sus animados balnearios de Costa Brava y los montes Pirineos. Catalu\u00f1a vuelve a imponer restricciones ante el aumento de los casos, especialmente entre los m\u00e1s j\u00f3venes. 07\/07\/20217Barcelina.- A partir de este fin de semana y durante quince d\u00edas, los locales de ocio nocturno s\u00f3lo podr\u00e1n abrir si est\u00e1n al aire libre. Toda actividad en la que participen m\u00e1s de 500 personas requerir\u00e1n un test de COVID-19 negativo o una prueba de vacunaci\u00f3n. Nueva desolaci\u00f3n en la hosteler\u00eda Jordi Piulats, copropietario y socio del club Wolf, en Barcelona se&#8230;<\/p>\n","protected":false},"author":1,"featured_media":51861,"comment_status":"open","ping_status":"open","sticky":false,"template":"","format":"standard","meta":{"footnotes":""},"categories":[4,84],"tags":[10635,10219,10556,11187,3006],"class_list":["post-51858","post","type-post","status-publish","format-standard","has-post-thumbnail","hentry","category-breaking-news","category-internacionales","tag-elenahonoresdirectora","tag-semanarioturistamagazine","tag-turismagazine","tag-variantedelta","tag-cataluna"],"_links":{"self":[{"href":"https:\/\/www.turistamagazine.com\/v2\/index.php?rest_route=\/wp\/v2\/posts\/51858","targetHints":{"allow":["GET"]}}],"collection":[{"href":"https:\/\/www.turistamagazine.com\/v2\/index.php?rest_route=\/wp\/v2\/posts"}],"about":[{"href":"https:\/\/www.turistamagazine.com\/v2\/index.php?rest_route=\/wp\/v2\/types\/post"}],"author":[{"embeddable":true,"href":"https:\/\/www.turistamagazine.com\/v2\/index.php?rest_route=\/wp\/v2\/users\/1"}],"replies":[{"embeddable":true,"href":"https:\/\/www.turistamagazine.com\/v2\/index.php?rest_route=%2Fwp%2Fv2%2Fcomments&post=51858"}],"version-history":[{"count":3,"href":"https:\/\/www.turistamagazine.com\/v2\/index.php?rest_route=\/wp\/v2\/posts\/51858\/revisions"}],"predecessor-version":[{"id":51862,"href":"https:\/\/www.turistamagazine.com\/v2\/index.php?rest_route=\/wp\/v2\/posts\/51858\/revisions\/51862"}],"wp:featuredmedia":[{"embeddable":true,"href":"https:\/\/www.turistamagazine.com\/v2\/index.php?rest_route=\/wp\/v2\/media\/51861"}],"wp:attachment":[{"href":"https:\/\/www.turistamagazine.com\/v2\/index.php?rest_route=%2Fwp%2Fv2%2Fmedia&parent=51858"}],"wp:term":[{"taxonomy":"category","embeddable":true,"href":"https:\/\/www.turistamagazine.com\/v2\/index.php?rest_route=%2Fwp%2Fv2%2Fcategories&post=51858"},{"taxonomy":"post_tag","embeddable":true,"href":"https:\/\/www.turistamagazine.com\/v2\/index.php?rest_route=%2Fwp%2Fv2%2Ftags&post=51858"}],"curies":[{"name":"wp","href":"https:\/\/api.w.org\/{rel}","templated":true}]}}