{"id":51855,"date":"2021-07-08T12:08:05","date_gmt":"2021-07-08T17:08:05","guid":{"rendered":"https:\/\/www.turistamagazine.com\/v2\/?p=51855"},"modified":"2021-07-09T07:27:52","modified_gmt":"2021-07-09T12:27:52","slug":"mincetur-promueve-a-peru-como-hub-aereo-del-pacifico","status":"publish","type":"post","link":"https:\/\/www.turistamagazine.com\/v2\/?p=51855","title":{"rendered":"MINCETUR PROMUEVE A PER\u00da COMO HUB A\u00c9REO DEL PAC\u00cdFICO EN EL WORLD ROUTES"},"content":{"rendered":"<p style=\"text-align: justify;\"><span style=\"color: #333399;\"><em><strong>08\/07\/2021\/ Lima.- El Ministerio de Comercio de Exterior y Turismo (Mincetur) se encuentra trabajando para impulsar al Per\u00fa como el hub a\u00e9reo del Pac\u00edfico, y as\u00ed contribuir con la recuperaci\u00f3n de la actividad tur\u00edstica en el pa\u00eds. \u00a0<\/strong><\/em><\/span><\/p>\n<p style=\"text-align: justify;\"><span style=\"color: #333399;\"><em><strong>Esto se dio a conocer en el marco del evento de aeron\u00e1utica internacional Routes Americas 2021, donde el equipo t\u00e9cnico del Mincetur particip\u00f3 y sostuvo diferentes reuniones de trabajo con representantes de las principales aerol\u00edneas que ofertan rutas a Norteam\u00e9rica y Europa. \u00a0<\/strong><\/em><\/span><\/p>\n<p style=\"text-align: justify;\"><span style=\"color: #333399;\"><em><strong><span style=\"color: #800080;\">\u201cEsta actividad represent\u00f3 una gran oportunidad para el Per\u00fa porque le permiti\u00f3 conocer el funcionamiento de las l\u00edneas a\u00e9reas comerciales y de los m\u00e1s grandes aeropuertos a nivel mundial e implementar este nuevo conocimiento, de ser el caso, en los aeropuertos ubicados en el pa\u00eds y atraer nuevas aerol\u00edneas a nuestro mercado, de cara a que el Per\u00fa se convierta en el hub del Pac\u00edfico\u201d<\/span>, destac\u00f3 el Mincetur.<\/strong><\/em><\/span><\/p>\n<p style=\"text-align: justify;\"><span style=\"color: #333399;\"><em><strong>En el citado evento se busc\u00f3, adem\u00e1s, impulsar los destinos tur\u00edsticos regionales e incrementar las frecuencias a Estados Unidos, promoviendo el ingreso de aerol\u00edneas de bajo costo (low cost) como Gol, Spirit Airlines y Volaris para vuelos interregionales.\u00a0<\/strong><\/em><\/span><\/p>\n<p style=\"text-align: justify;\"><span style=\"color: #333399;\"><em><strong>\u201cEl objetivo es atraer nuevas rutas a\u00e9reas, incrementar las frecuencias en rutas ya establecidas, recuperar las rutas que se ten\u00edan antes de la pandemia, as\u00ed como las rutas a los principales aeropuertos del norte y sur del pa\u00eds\u201d, afirm\u00f3.<span style=\"color: #800080;\">(\u00bfQui\u00e9n?\u2026)<\/span><\/strong><\/em><\/span><\/p>\n<p style=\"text-align: center;\"><span style=\"color: #800080;\"><em><strong>SOBRE ROUTES AMERICAS 2021<\/strong><\/em><\/span><\/p>\n<p style=\"text-align: justify;\"><span style=\"color: #333399;\"><em><strong>Se trata de la versi\u00f3n virtual y presencial regional del evento World Routes, que representa el mayor acontecimiento realizado a nivel regional para el desarrollo de rutas a\u00e9reas, el cual atrae a los m\u00e1s altos representantes de las l\u00edneas a\u00e9reas, aeropuertos y autoridades de turismo que deseen conocer, planificar y analizar los servicios a\u00e9reos mundiales existentes y los mercados con mayor potencial de desarrollo en el corto, mediano y largo plazo.<\/strong><\/em><\/span><\/p>\n<p style=\"text-align: justify;\"><span style=\"color: #333399;\"><em><strong>El negocio a\u00e9reo est\u00e1 centrado en el desarrollo de rutas a\u00e9reas y exposici\u00f3n de la cartera de las compa\u00f1\u00edas a\u00e9reas que incluyen eventos, medios de comunicaci\u00f3n y negocios en l\u00ednea. Por eso, el evento proporciona a los aeropuertos la plataforma para promocionar sus oportunidades de mercado y canalizar los datos de mercado e informaci\u00f3n de desarrollo de rutas para la industria de las aerol\u00edneas. \u00a0<\/strong><\/em><\/span><\/p>\n<p style=\"text-align: justify;\"><em><span style=\"color: #800080;\"><strong>Cabe precisar que la edici\u00f3n 2021 de Routes Americas, la feria de aerol\u00edneas m\u00e1s importante del continente americano, tuvo lugar, a fines de junio, en la ciudad de Orlando, Estados Unidos.<\/strong><\/span><\/em><\/p>\n","protected":false},"excerpt":{"rendered":"<p>08\/07\/2021\/ Lima.- El Ministerio de Comercio de Exterior y Turismo (Mincetur) se encuentra trabajando para impulsar al Per\u00fa como el hub a\u00e9reo del Pac\u00edfico, y as\u00ed contribuir con la recuperaci\u00f3n de la actividad tur\u00edstica en el pa\u00eds. \u00a0 Esto se dio a conocer en el marco del evento de aeron\u00e1utica internacional Routes Americas 2021, donde el equipo t\u00e9cnico del Mincetur particip\u00f3 y sostuvo diferentes reuniones de trabajo con representantes de las principales aerol\u00edneas que ofertan rutas a Norteam\u00e9rica y Europa. \u00a0 \u201cEsta actividad represent\u00f3 una gran oportunidad para el Per\u00fa porque le permiti\u00f3 conocer el funcionamiento de las l\u00edneas a\u00e9reas&#8230;<\/p>\n","protected":false},"author":1,"featured_media":0,"comment_status":"open","ping_status":"open","sticky":false,"template":"","format":"standard","meta":{"footnotes":""},"categories":[4,82],"tags":[10449,10635,10219,11186],"class_list":["post-51855","post","type-post","status-publish","format-standard","hentry","category-breaking-news","category-nacionales","tag-aeropuertointernacionaljorgechavez","tag-elenahonoresdirectora","tag-semanarioturistamagazine","tag-worldroutes"],"_links":{"self":[{"href":"https:\/\/www.turistamagazine.com\/v2\/index.php?rest_route=\/wp\/v2\/posts\/51855","targetHints":{"allow":["GET"]}}],"collection":[{"href":"https:\/\/www.turistamagazine.com\/v2\/index.php?rest_route=\/wp\/v2\/posts"}],"about":[{"href":"https:\/\/www.turistamagazine.com\/v2\/index.php?rest_route=\/wp\/v2\/types\/post"}],"author":[{"embeddable":true,"href":"https:\/\/www.turistamagazine.com\/v2\/index.php?rest_route=\/wp\/v2\/users\/1"}],"replies":[{"embeddable":true,"href":"https:\/\/www.turistamagazine.com\/v2\/index.php?rest_route=%2Fwp%2Fv2%2Fcomments&post=51855"}],"version-history":[{"count":3,"href":"https:\/\/www.turistamagazine.com\/v2\/index.php?rest_route=\/wp\/v2\/posts\/51855\/revisions"}],"predecessor-version":[{"id":51895,"href":"https:\/\/www.turistamagazine.com\/v2\/index.php?rest_route=\/wp\/v2\/posts\/51855\/revisions\/51895"}],"wp:attachment":[{"href":"https:\/\/www.turistamagazine.com\/v2\/index.php?rest_route=%2Fwp%2Fv2%2Fmedia&parent=51855"}],"wp:term":[{"taxonomy":"category","embeddable":true,"href":"https:\/\/www.turistamagazine.com\/v2\/index.php?rest_route=%2Fwp%2Fv2%2Fcategories&post=51855"},{"taxonomy":"post_tag","embeddable":true,"href":"https:\/\/www.turistamagazine.com\/v2\/index.php?rest_route=%2Fwp%2Fv2%2Ftags&post=51855"}],"curies":[{"name":"wp","href":"https:\/\/api.w.org\/{rel}","templated":true}]}}